{"id":285036,"date":"2025-07-30T19:34:13","date_gmt":"2025-07-30T19:34:13","guid":{"rendered":"https:\/\/www.europesays.com\/fr\/285036\/"},"modified":"2025-07-30T19:34:13","modified_gmt":"2025-07-30T19:34:13","slug":"nathalie-perrin-gilbert-reclame-la-fin-de-la-recre-et-un-debat-avec-jean-michel-aulas","status":"publish","type":"post","link":"https:\/\/www.europesays.com\/fr\/285036\/","title":{"rendered":"Nathalie Perrin-Gilbert r\u00e9clame la fin de la r\u00e9cr\u00e9 et un d\u00e9bat avec Jean-Michel Aulas"},"content":{"rendered":"<p itemprop=\"description\"><strong>On sent que beaucoup ont h\u00e2te d&rsquo;entrer en campagne des \u00e9lections municipales en septembre.<\/strong><\/p>\n<p>Car ces derni\u00e8res semaines, les attaques sur les r\u00e9seaux sociaux sont l\u00e9gion, avec en point d&rsquo;orgue <a href=\"https:\/\/www.lyonmag.com\/article\/145625\/comparaison-aux-heures-sombres-jean-michel-aulas-exige-des-excuses-de-la-metropole-de-lyon-apres-le-derapage-de-fabien-bagnon\" target=\"_blank\" rel=\"noopener nofollow\">la passe d&rsquo;armes<\/a> entre <a href=\"https:\/\/www.lyonmag.com\/profil-personnalite-lyonnaise\/8\/jean-michel-aulas\" target=\"_blank\" rel=\"noopener nofollow\">Jean-Michel Aulas<\/a> et <a href=\"https:\/\/www.lyonmag.com\/profil-personnalite-lyonnaise\/475\/fabien-bagnon\" target=\"_blank\" rel=\"noopener nofollow\">Fabien Bagnon<\/a> sur les \u00ab\u00a0vrais Lyonnais\u00a0\u00bb.<\/p>\n<p>Pour <a href=\"https:\/\/www.lyonmag.com\/profil-personnalite-lyonnaise\/203\/nathalie-perrin-gilbert\" target=\"_blank\" rel=\"noopener nofollow\">Nathalie Perrin-Gilbert<\/a>, candidate \u00e0 la mairie de Lyon, il est temps que \u00ab\u00a0la d\u00e9mocratie l&#8217;emporte sur la d\u00e9magogie\u00a0\u00bb. Dans un communiqu\u00e9 de presse sous forme d&rsquo;appel au calme, l&rsquo;ancienne maire du 1er arrondissement estime que les r\u00e9cents \u00e9pisodes ayant fait la Une des m\u00e9dias \u00ab\u00a0ne servent ni Lyon ni la d\u00e9mocratie\u00a0\u00bb.<\/p>\n<p>\u00ab\u00a0Ces pi\u00e8ges m\u00e9diatiques dans lesquels certains ou certaines s\u2019engouffrent bien trop facilement, ne font qu\u2019attiser les inimiti\u00e9s et vider le d\u00e9bat public de sa substance. Lyon m\u00e9rite mieux que cela. Les Lyonnaises et les Lyonnais m\u00e9ritent mieux que cela !\u00a0\u00bb, poursuit NPG.<\/p>\n<p>Et selon elle, le principal combustible de cette situation se nomme Jean-Michel Aulas, qu&rsquo;elle interpelle directement : \u00ab\u00a0Le faux suspense que vous entretenez, digne d\u2019une campagne publicitaire pour une nouvelle s\u00e9rie, n\u2019est pas \u00e0 la hauteur de la fonction que vous semblez encore h\u00e9siter \u00e0 briguer. L\u2019\u00e9lection municipale est une chose s\u00e9rieuse.<br \/>Je ne partage pas beaucoup de vos positions, mais je sais que nous avons l\u2019amour de Lyon en commun. C\u2019est pr\u00e9cis\u00e9ment pour cette raison que je r\u00e9it\u00e8re mon invitation \u00e0 d\u00e9battre sur le fond. Pour que la d\u00e9mocratie l\u2019emporte sur la d\u00e9magogie. Car loin d&rsquo;\u00eatre dogmatique je suis tout \u00e0 fait curieuse de votre r\u00e9flexion sur l&rsquo;avenir de notre ville et j\u2019ose esp\u00e9rer que vous l&rsquo;\u00eates un minimum \u00e0 l&rsquo;\u00e9gard de la mienne, que je d\u00e9fends depuis 30 ans avec constance et d\u00e9termination.\u00a0\u00bb<\/p>\n<p>Nathalie Perrin-Gilbert arrivera-t-elle \u00e0 capter l&rsquo;attention de l&rsquo;ancien pr\u00e9sident de l&rsquo;OL qui, pour le moment, pr\u00e9f\u00e9rer taper sans retenue sur les \u00e9cologistes, faisant pour le moment de Gr\u00e9gory Doucet son unique adversaire dans le d\u00e9bat municipal.<\/p>\n","protected":false},"excerpt":{"rendered":"On sent que beaucoup ont h\u00e2te d&rsquo;entrer en campagne des \u00e9lections municipales en septembre. Car ces derni\u00e8res semaines,&hellip;\n","protected":false},"author":2,"featured_media":285037,"comment_status":"","ping_status":"","sticky":false,"template":"","format":"standard","meta":{"footnotes":""},"categories":[1889],"tags":[1111,11,2813,2190,2430,1109,251,1112,2811,1777,674,118,1011,27,1922,1110,1114,2428,2810,12,241,316,25,2812,517,800],"class_list":{"0":"post-285036","1":"post","2":"type-post","3":"status-publish","4":"format-standard","5":"has-post-thumbnail","7":"category-lyon","8":"tag-actu","9":"tag-actualites","10":"tag-article","11":"tag-asvel","12":"tag-auvergne-rhone-alpes","13":"tag-breves","14":"tag-culture","15":"tag-depeches","16":"tag-economique","17":"tag-eu","18":"tag-europe","19":"tag-faits-divers","20":"tag-fr","21":"tag-france","22":"tag-info","23":"tag-informations","24":"tag-infos","25":"tag-lyon","26":"tag-lyonmag","27":"tag-news","28":"tag-ol","29":"tag-politique","30":"tag-republique-francaise","31":"tag-sociale","32":"tag-sport","33":"tag-transports"},"share_on_mastodon":{"url":"https:\/\/pubeurope.com\/@fr\/114943863218896257","error":""},"_links":{"self":[{"href":"https:\/\/www.europesays.com\/fr\/wp-json\/wp\/v2\/posts\/285036","targetHints":{"allow":["GET"]}}],"collection":[{"href":"https:\/\/www.europesays.com\/fr\/wp-json\/wp\/v2\/posts"}],"about":[{"href":"https:\/\/www.europesays.com\/fr\/wp-json\/wp\/v2\/types\/post"}],"author":[{"embeddable":true,"href":"https:\/\/www.europesays.com\/fr\/wp-json\/wp\/v2\/users\/2"}],"replies":[{"embeddable":true,"href":"https:\/\/www.europesays.com\/fr\/wp-json\/wp\/v2\/comments?post=285036"}],"version-history":[{"count":0,"href":"https:\/\/www.europesays.com\/fr\/wp-json\/wp\/v2\/posts\/285036\/revisions"}],"wp:featuredmedia":[{"embeddable":true,"href":"https:\/\/www.europesays.com\/fr\/wp-json\/wp\/v2\/media\/285037"}],"wp:attachment":[{"href":"https:\/\/www.europesays.com\/fr\/wp-json\/wp\/v2\/media?parent=285036"}],"wp:term":[{"taxonomy":"category","embeddable":true,"href":"https:\/\/www.europesays.com\/fr\/wp-json\/wp\/v2\/categories?post=285036"},{"taxonomy":"post_tag","embeddable":true,"href":"https:\/\/www.europesays.com\/fr\/wp-json\/wp\/v2\/tags?post=285036"}],"curies":[{"name":"wp","href":"https:\/\/api.w.org\/{rel}","templated":true}]}}