{"id":285047,"date":"2025-07-30T19:41:11","date_gmt":"2025-07-30T19:41:11","guid":{"rendered":"https:\/\/www.europesays.com\/fr\/285047\/"},"modified":"2025-07-30T19:41:11","modified_gmt":"2025-07-30T19:41:11","slug":"drones-russes-en-ukraine-lusure-des-soldats-face-a-la-guerre-du-ciel","status":"publish","type":"post","link":"https:\/\/www.europesays.com\/fr\/285047\/","title":{"rendered":"Drones russes en Ukraine : l\u2019usure des soldats face \u00e0 la guerre du ciel"},"content":{"rendered":"<p>Pavlohrad &#8211; Dans le ciel d\u2019encre, un bruit rauque de mobylette. Puis les d\u00e9tonations assourdissantes, les flashs qui \u00e9clairent les tournesols, l\u2019odeur de la poudre, les cris des hommes: c\u2019est une traque de drones russes dans le centre de l\u2019Ukraine.<\/p>\n<p>\u00abL\u00e0\u202f! Trois kilom\u00e8tres\u202f!\u00bb Avec des armes sovi\u00e9tiques surann\u00e9es, une poign\u00e9e de soldats sans sommeil luttent nuit apr\u00e8s nuit pour emp\u00eacher ces drones explosifs de 3,5 m\u00e8tres de longueur de s\u2019abattre sur les villes ukrainiennes.<\/p>\n<p>La Russie a commenc\u00e9 \u00e0 utiliser contre l\u2019Ukraine les drones Shahed de fabrication iranienne en septembre 2022, quelques mois apr\u00e8s le d\u00e9but de son invasion.<\/p>\n<p>L\u2019ann\u00e9e suivante, Moscou a lanc\u00e9 la production de sa propre version, le Gueran-2 (\u00abg\u00e9ranium\u00bb en russe), qui ne cesse d\u2019augmenter\u00a0: depuis mai, une seule attaque peut comprendre une salve de plus de 500 drones.<\/p>\n<p>En juillet, la Russie a m\u00eame diffus\u00e9 de rares images d\u2019une usine fabriquant ces drones, \u00e0 Ielabouga, la plus grande du monde selon elle.<\/p>\n<p>\u00c9conomiques compar\u00e9s aux missiles, ces appareils sont aussi \u00abconstamment am\u00e9lior\u00e9s\u00bb selon les soldats ukrainiens et peuvent maintenant d\u00e9passer 3.000 m\u00e8tres d\u2019altitude et changer de trajectoire en vol.<\/p>\n<p>Avec leurs canons antia\u00e9riens des ann\u00e9es 1960 \u00aben fin de vie\u00bb, l&rsquo;\u00e9quipe de Vassyl qui op\u00e8re dans la r\u00e9gion de Dnipropetrovsk (centre-est) atteint p\u00e9niblement 2.200 m\u00e8tres de port\u00e9e. <\/p>\n<p>\u00abC\u2019est devenu plus difficile de les d\u00e9truire\u00bb, temp\u00eate le soldat bourru de 49 ans. \u00abOn arrive \u00e0 en abattre, mais je ne sais pas si ce sera encore le cas la semaine prochaine\u00bb.<\/p>\n<p> Besoin d\u2019hommes <\/p>\n<p>Sur sa carte radar, Sacha regarde des dizaines de points rouges voler vers Pavlograd.<\/p>\n<p>\u00abC\u2019est dur. On ne peut rien faire, ce n\u2019est pas notre zone\u00bb, dit le soldat, impuissant face aux \u00e9clairs qui inondent la ville o\u00f9 r\u00e9side sa fille de 20 ans. <\/p>\n<p>\u00abElle ne r\u00e9pond pas au t\u00e9l\u00e9phone&#8230;\u00bb Il s\u2019allume une cigarette, interdit. \u00abPourtant, je l\u2019avais pr\u00e9venue\u00bb. <\/p>\n<p>\u00c0 l\u2019horizon, une intense lumi\u00e8re rouge est suivie d\u2019une d\u00e9tonation qui compresse les oreilles, et trace sa route \u00e0 travers champs en secouant les bl\u00e9s. <\/p>\n<p>\u00abEsp\u00e9rons que ce n&rsquo;\u00e9tait pas une zone r\u00e9sidentielle\u00bb, dit Sacha.<\/p>\n<p>Face \u00e0 ces drones bon march\u00e9, Kiev limite l\u2019usage de ses pr\u00e9cieux syst\u00e8mes antia\u00e9riens aux missiles et cherche des solutions alternatives.<\/p>\n<p>Le pr\u00e9sident Volodymyr Zelensky mise sur des drones d\u2019interception, peu co\u00fbteux, et estime que l\u2019Ukraine devrait pouvoir en produire 1.000 par jour pour tenir face \u00e0 Moscou.<\/p>\n<p>En attendant, pour prot\u00e9ger les villes, un r\u00e9seau de centaines d\u2019unit\u00e9s \u00e9quip\u00e9es de mitrailleuses est d\u00e9ploy\u00e9 sur le territoire. <\/p>\n<p>Mais la d\u00e9fense antia\u00e9rienne ukrainienne a \u00abbesoin de plus d\u2019hommes et plus d\u2019armes r\u00e9centes\u00bb, selon Vassyl.<\/p>\n<p> Guerre du sommeil <\/p>\n<p>Son \u00e9quipe ne dort pas plus de deux heures par nuit, \u00abquatre les jours de f\u00eate\u00bb. Des conditions qui lui valent des probl\u00e8mes \u00abde tension, de dos, de genoux\u00bb. <\/p>\n<p>Pour le soldat \u00abWolf\u00bb l\u2019heure que lui laissent les drones russes ne suffit pas \u00e0 cause de ses \u00abcauchemars\u00bb ramen\u00e9s du front. <\/p>\n<p>Pour Bely les tirs de mitrailleuse lui donnent la naus\u00e9e et le tournis depuis sa commotion c\u00e9r\u00e9brale. Il s\u2019est retrouv\u00e9 \u00e0 la d\u00e9fense du ciel apr\u00e8s qu\u2019un obus lui a emport\u00e9 une partie de la main dans l\u2019est ukrainien.<\/p>\n<p>Ces deux anciens mineurs travaillent 24 heures sur 24 et 7 jours sur 7 dans la r\u00e9gion de Donetsk (est), malgr\u00e9 la fatigue: les drones pourraient tuer leurs familles \u00e0 des kilom\u00e8tres de l\u00e0, \u00e0 Kryvy\u00ef Rig, o\u00f9 ils ne sont pas retourn\u00e9s apr\u00e8s deux ans de combats, faute de permission. <\/p>\n<p>Pour les soldats, Moscou m\u00e8ne une guerre du sommeil pour tenter de \u00abd\u00e9moraliser les Ukrainiens\u00bb.<\/p>\n<p> Arme enray\u00e9e <\/p>\n<p>Alors que l\u2019aurore r\u00e9v\u00e8le les cernes sous les yeux des soldats, dans le ciel apparaissent de nouveaux drones, petits triangles noirs accompagn\u00e9s du son caract\u00e9ristique. <\/p>\n<p>Une vol\u00e9e de balles tra\u00e7antes, et le canon antia\u00e9rien s\u2019enraye. Les soldats saisissent des mitrailleuses de la Deuxi\u00e8me Guerre mondiale et tirent aveugl\u00e9ment sur des cibles bien au-del\u00e0 de leur port\u00e9e. <\/p>\n<p>En plus des Gueran-2, la Russie d\u00e9ploie maintenant des drones Gerbera. Utilis\u00e9s comme leurres il y a quelques mois pour saturer la d\u00e9fense a\u00e9rienne, ils sont aujourd\u2019hui munis de cam\u00e9ras et prennent les hommes de Vassyl pour cibles.<\/p>\n<p>\u00abSeuls les fous n\u2019ont pas peur\u00bb, l\u00e2che-t-il \u00e0 l\u2019AFP, \u00abmais la peur motive\u00bb.<\/p>\n<p>Il montre sur son t\u00e9l\u00e9phone une vid\u00e9o d\u2019un drone abattu par ses hommes, qui explose en l\u2019air sous les acclamations et une vol\u00e9e de jurons.<\/p>\n<p>Puis son visage s\u2019adoucit quand s\u2019affiche une photo de deux jeunes t\u00eates blondes aux sourires polis: ses enfants vivent \u00e0 Kiev, la capitale souvent aussi la cible des drones russes.<\/p>\n<p>\u00abC\u2019est pour eux que je suis ici\u00bb, conclut-il, sec.<\/p>\n<p>Florent VERGNES<\/p>\n<p>\u00a9 Agence France-Presse<\/p>\n","protected":false},"excerpt":{"rendered":"Pavlohrad &#8211; Dans le ciel d\u2019encre, un bruit rauque de mobylette. Puis les d\u00e9tonations assourdissantes, les flashs qui&hellip;\n","protected":false},"author":2,"featured_media":285048,"comment_status":"","ping_status":"","sticky":false,"template":"","format":"standard","meta":{"footnotes":""},"categories":[1591],"tags":[11,1887,12,1885,1886,132],"class_list":{"0":"post-285047","1":"post","2":"type-post","3":"status-publish","4":"format-standard","5":"has-post-thumbnail","7":"category-russie","8":"tag-actualites","9":"tag-federation-de-russie","10":"tag-news","11":"tag-russia","12":"tag-russian-federation","13":"tag-russie"},"share_on_mastodon":{"url":"https:\/\/pubeurope.com\/@fr\/114943890814292990","error":""},"_links":{"self":[{"href":"https:\/\/www.europesays.com\/fr\/wp-json\/wp\/v2\/posts\/285047","targetHints":{"allow":["GET"]}}],"collection":[{"href":"https:\/\/www.europesays.com\/fr\/wp-json\/wp\/v2\/posts"}],"about":[{"href":"https:\/\/www.europesays.com\/fr\/wp-json\/wp\/v2\/types\/post"}],"author":[{"embeddable":true,"href":"https:\/\/www.europesays.com\/fr\/wp-json\/wp\/v2\/users\/2"}],"replies":[{"embeddable":true,"href":"https:\/\/www.europesays.com\/fr\/wp-json\/wp\/v2\/comments?post=285047"}],"version-history":[{"count":0,"href":"https:\/\/www.europesays.com\/fr\/wp-json\/wp\/v2\/posts\/285047\/revisions"}],"wp:featuredmedia":[{"embeddable":true,"href":"https:\/\/www.europesays.com\/fr\/wp-json\/wp\/v2\/media\/285048"}],"wp:attachment":[{"href":"https:\/\/www.europesays.com\/fr\/wp-json\/wp\/v2\/media?parent=285047"}],"wp:term":[{"taxonomy":"category","embeddable":true,"href":"https:\/\/www.europesays.com\/fr\/wp-json\/wp\/v2\/categories?post=285047"},{"taxonomy":"post_tag","embeddable":true,"href":"https:\/\/www.europesays.com\/fr\/wp-json\/wp\/v2\/tags?post=285047"}],"curies":[{"name":"wp","href":"https:\/\/api.w.org\/{rel}","templated":true}]}}