{"id":285049,"date":"2025-07-30T19:42:10","date_gmt":"2025-07-30T19:42:10","guid":{"rendered":"https:\/\/www.europesays.com\/fr\/285049\/"},"modified":"2025-07-30T19:42:10","modified_gmt":"2025-07-30T19:42:10","slug":"mrs-yu-pi-une-jeune-artiste-ukrainienne-a-decouvrir-a-alencon","status":"publish","type":"post","link":"https:\/\/www.europesays.com\/fr\/285049\/","title":{"rendered":"Mrs Yu-pi, une jeune artiste ukrainienne \u00e0 d\u00e9couvrir \u00e0 Alen\u00e7on"},"content":{"rendered":"<p>            Par<br \/>\n        <strong><br \/>\n            <a href=\"https:\/\/actu.fr\/auteur\/journaliste-oh\" title=\"Consulter tous les articles de R\u00e9daction Alen\u00e7on\" rel=\"nofollow noopener\" target=\"_blank\">R\u00e9daction Alen\u00e7on<\/a><br \/>\n        <\/strong><\/p>\n<p>        Publi\u00e9 le<\/p>\n<p>            30 juil. 2025 \u00e0 18h06        <\/p>\n<p>Elle s\u2019appelle <b>Yulia<\/b>, mais signe <b>Mrs Yu-pi.<\/b> \u00c0 20\u00a0ans, cette <b>jeune artiste ukrainienne<\/b> expose pour la premi\u00e8re fois ses \u0153uvres, dans la galerie \u00e9ph\u00e9m\u00e8re Estiv\u2019Art \u00e0 Alen\u00e7on (<a href=\"https:\/\/actu.fr\/61actu\/\" rel=\"nofollow noopener\" target=\"_blank\">Orne<\/a>).<\/p>\n<p>Elle a fui la guerre<\/p>\n<p class=\" wall-content\">Yulia a grandi en Ukraine. En 2022, alors que <b>sa ville natale est occup\u00e9e par l\u2019arm\u00e9e russe<\/b> pendant plusieurs mois, elle fuit avec sa m\u00e8re, sa s\u0153ur et ses deux fr\u00e8res. \u00ab Tous mes dessins sont rest\u00e9s l\u00e0-bas. \u00bb<\/p>\n<p class=\" wall-content\">La famille traverse la Pologne, puis l\u2019Allemagne, avant d\u2019arriver en France.<\/p>\n<p class=\" wall-content\">Apr\u00e8s un passage \u00e0 <b>Argentan<\/b>, elle finit par s\u2019installer \u00e0 <b>Alen\u00e7on en f\u00e9vrier\u00a02025<\/b>.<\/p>\n<p class=\" wall-content\">Elle apprend le fran\u00e7ais et travaille pour s\u2019assurer une vie libre et ind\u00e9pendante.<\/p>\n<p class=\" wall-content\">Ce qu\u2019elle <b>expose aujourd\u2019hui \u00e0 Alen\u00e7o<\/b>n, ce sont donc des cr\u00e9ations toutes r\u00e9alis\u00e9es ici, en France.<\/p>\n<p>Dessins anim\u00e9s et mangas<\/p>\n<p class=\" wall-content\">Son univers ? Un m\u00e9lange de mangas, de jeux vid\u00e9o, de personnages imaginaires et de souvenirs r\u00e9invent\u00e9s. \u00ab <b>J\u2019ai commenc\u00e9 tr\u00e8s jeune<\/b>, en regardant des anim\u00e9s et en recopiant les dessins dans les livres. \u00bb<\/p>\n<p class=\" wall-content\">Depuis, elle n\u2019a jamais arr\u00eat\u00e9. <b>Elle s\u2019inspire de ce qu\u2019elle voit,<\/b> capture des images sur internet ou dans la rue, puis les transforme \u00e0 sa mani\u00e8re.<\/p>\n<p class=\" wall-content\">Elle cr\u00e9e \u00e0 la fois sur papier et tablette graphique, dans l\u2019id\u00e9e de <b>se lancer un jour dans l\u2019animation ou la cr\u00e9ation d\u2019objets d\u00e9riv\u00e9s<\/b> : figurines, acryliques, tirages.<\/p>\n<p class=\" wall-content\">Dans certaines \u0153uvres, elle glisse <b>des r\u00e9f\u00e9rences \u00e0 son pays<\/b>, comme cette jeune fille, cheveux au vent, dans un paysage aux couleurs du drapeau ukrainien : \u00ab Elle symbolise mon peuple, mon histoire. \u00bb<\/p>\n<p class=\" wall-content\">Elle puise aussi dans ses \u00e9motions : \u00ab <b>Quand je suis triste, je dessine<\/b>. Apr\u00e8s, je me sens mieux. \u00bb<\/p>\n<p>Premi\u00e8re exposition<\/p>\n<p class=\" wall-content\">\u00c0 Estiv\u2019Art, elle d\u00e9couvre pour la <b>premi\u00e8re fois ce que cela fait d\u2019\u00eatre expos\u00e9e<\/b>. \u00ab Je suis contente\u2026 un peu stress\u00e9e aussi \u00bb, avouait-elle dans un sourire au premier jour de l\u2019exposition.<\/p>\n<p class=\" wall-content\">Une chose est s\u00fbre : <b>ce n\u2019est que le d\u00e9but.<\/b> Son r\u00eave ? Devenir artiste professionnelle, cr\u00e9er un jour sa propre micro-entreprise, et, peut-\u00eatre, vivre de ses dessins.<\/p>\n<p>Estiv\u2019Art, boutique \u00e9ph\u00e9m\u00e8re le 20, rue aux sieurs. La galerie est ouverte : mercredi de 13 h \u00e0 18hjeudi de 10 h \u00e0 12 h 30 et de 13 h 30 \u00e0 18 h, vendredi de 13 h \u00e0 18 h, samedi de 10 h \u00e0 12 h 30 et de 13 h 30 \u00e0 18 h 30.<\/p>\n<p class=\" wall-content\">Suivez toute l\u2019actualit\u00e9 de vos villes et m\u00e9dias favoris en vous inscrivant \u00e0 <a href=\"https:\/\/moncompte.actu.fr\" title=\"D\u00e9couvez Mon Actu\" rel=\"nofollow noopener\" data-trk=\"{&quot;cta&quot;:{&quot;action&quot;:&quot;https:\\\/\\\/moncompte.actu.fr&quot;,&quot;category&quot;:&quot;mon compte&quot;,&quot;from&quot;:&quot;article footer&quot;,&quot;name&quot;:&quot;Mon actu&quot;,&quot;type&quot;:&quot;cta&quot;}}\" target=\"_blank\">Mon Actu<\/a>.<\/p>\n","protected":false},"excerpt":{"rendered":"Par R\u00e9daction Alen\u00e7on Publi\u00e9 le 30 juil. 2025 \u00e0 18h06 Elle s\u2019appelle Yulia, mais signe Mrs Yu-pi. \u00c0&hellip;\n","protected":false},"author":2,"featured_media":285050,"comment_status":"","ping_status":"","sticky":false,"template":"","format":"standard","meta":{"footnotes":""},"categories":[1590],"tags":[11,1777,674,131,1652,12,220],"class_list":{"0":"post-285049","1":"post","2":"type-post","3":"status-publish","4":"format-standard","5":"has-post-thumbnail","7":"category-ukraine","8":"tag-actualites","9":"tag-eu","10":"tag-europe","11":"tag-guerre-en-ukraine","12":"tag-loisirs-culture","13":"tag-news","14":"tag-ukraine"},"share_on_mastodon":{"url":"https:\/\/pubeurope.com\/@fr\/114943894800697322","error":""},"_links":{"self":[{"href":"https:\/\/www.europesays.com\/fr\/wp-json\/wp\/v2\/posts\/285049","targetHints":{"allow":["GET"]}}],"collection":[{"href":"https:\/\/www.europesays.com\/fr\/wp-json\/wp\/v2\/posts"}],"about":[{"href":"https:\/\/www.europesays.com\/fr\/wp-json\/wp\/v2\/types\/post"}],"author":[{"embeddable":true,"href":"https:\/\/www.europesays.com\/fr\/wp-json\/wp\/v2\/users\/2"}],"replies":[{"embeddable":true,"href":"https:\/\/www.europesays.com\/fr\/wp-json\/wp\/v2\/comments?post=285049"}],"version-history":[{"count":0,"href":"https:\/\/www.europesays.com\/fr\/wp-json\/wp\/v2\/posts\/285049\/revisions"}],"wp:featuredmedia":[{"embeddable":true,"href":"https:\/\/www.europesays.com\/fr\/wp-json\/wp\/v2\/media\/285050"}],"wp:attachment":[{"href":"https:\/\/www.europesays.com\/fr\/wp-json\/wp\/v2\/media?parent=285049"}],"wp:term":[{"taxonomy":"category","embeddable":true,"href":"https:\/\/www.europesays.com\/fr\/wp-json\/wp\/v2\/categories?post=285049"},{"taxonomy":"post_tag","embeddable":true,"href":"https:\/\/www.europesays.com\/fr\/wp-json\/wp\/v2\/tags?post=285049"}],"curies":[{"name":"wp","href":"https:\/\/api.w.org\/{rel}","templated":true}]}}