{"id":285051,"date":"2025-07-30T19:43:09","date_gmt":"2025-07-30T19:43:09","guid":{"rendered":"https:\/\/www.europesays.com\/fr\/285051\/"},"modified":"2025-07-30T19:43:09","modified_gmt":"2025-07-30T19:43:09","slug":"la-fed-maintient-a-nouveau-ses-taux-dinteret-inchanges-pour-la-cinquieme-fois-de-suite","status":"publish","type":"post","link":"https:\/\/www.europesays.com\/fr\/285051\/","title":{"rendered":"la Fed maintient \u00e0 nouveau ses taux d&rsquo;int\u00e9r\u00eat inchang\u00e9s pour la cinqui\u00e8me fois de suite"},"content":{"rendered":"<p>\u00c9tats-Unis: la Fed maintient \u00e0 nouveau ses taux d&rsquo;int\u00e9r\u00eat inchang\u00e9s pour la cinqui\u00e8me fois de suiteSur le m\u00eame sujet<a href=\"https:\/\/www.bfmtv.com\/economie\/video-droits-de-douane-pour-maya-atig-directrice-generale-de-la-federation-bancaire-francaise-la-reunion-au-ministere-des-finances-a-ete-extremement-utile_VN-202507300503.html\" title=\"Droits de douane: pour Maya Atig, directrice g\u00e9n\u00e9rale de la F\u00e9d\u00e9ration bancaire fran\u00e7aise, la r\u00e9union au minist\u00e8re des Finances &quot;a \u00e9t\u00e9 extr\u00eamement utile&quot;\" rel=\"nofollow noopener\" target=\"_blank\"><img width=\"16\" height=\"9\" class=\"lozad\"  alt=\"Droits de douane: pour Maya Atig, directrice g\u00e9n\u00e9rale de la F\u00e9d\u00e9ration bancaire fran\u00e7aise, la r\u00e9union au minist\u00e8re des Finances &quot;a \u00e9t\u00e9 extr\u00eamement utile&quot;\"\/>1:49Droits de douane: pour Maya Atig, directrice g\u00e9n\u00e9rale de la F\u00e9d\u00e9ration bancaire fran\u00e7aise, la r\u00e9union au minist\u00e8re des Finances \u00ab\u00a0a \u00e9t\u00e9 extr\u00eamement utile\u00a0\u00bb<\/a><a href=\"https:\/\/www.bfmtv.com\/economie\/video-etats-unis-la-fed-maintient-a-nouveau-ses-taux-d-interet-inchanges-pour-la-cinquieme-fois-de-suite_VN-202507300501.html\" title=\"\u00c9tats-Unis: la Fed maintient \u00e0 nouveau ses taux d&#039;int\u00e9r\u00eat inchang\u00e9s pour la cinqui\u00e8me fois de suite\" rel=\"nofollow noopener\" target=\"_blank\"><img width=\"16\" height=\"9\" class=\"lozad\"  alt=\"\u00c9tats-Unis: la Fed maintient \u00e0 nouveau ses taux d'int\u00e9r\u00eat inchang\u00e9s pour la cinqui\u00e8me fois de suite\"\/>en lecture\u00c9tats-Unis: la Fed maintient \u00e0 nouveau ses taux d&rsquo;int\u00e9r\u00eat inchang\u00e9s pour la cinqui\u00e8me fois de suite<\/a><a href=\"https:\/\/www.bfmtv.com\/societe\/video-le-prix-des-carburants-n-a-jamais-ete-aussi-bas-depuis-quatre-ans_VN-202507300489.html\" title=\"Le prix des carburants n&#039;a jamais \u00e9t\u00e9 aussi bas depuis quatre ans\" rel=\"nofollow noopener\" target=\"_blank\"><img width=\"16\" height=\"9\" class=\"lozad\"  alt=\"Le prix des carburants n'a jamais \u00e9t\u00e9 aussi bas depuis quatre ans\"\/>1:33Le prix des carburants n&rsquo;a jamais \u00e9t\u00e9 aussi bas depuis quatre ans<\/a><a href=\"https:\/\/www.bfmtv.com\/societe\/video-restaurateurs-en-danger-a-quand-une-loi-sur-le-fait-maison-qui-protegera-les-restaurants-et-l-artisanat-des-metiers-de-bouche-indique-thierry-marx_VN-202507300472.html\" title=\"Restaurateurs en danger: &quot;\u00c0 quand une loi sur le fait-maison, qui prot\u00e9gera les restaurants et l&#039;artisanat des m\u00e9tiers de bouche&quot;, indique Thierry Marx\" rel=\"nofollow noopener\" target=\"_blank\"><img width=\"16\" height=\"9\" class=\"lozad\"  alt=\"Restaurateurs en danger: &quot;\u00c0 quand une loi sur le fait-maison, qui prot\u00e9gera les restaurants et l'artisanat des m\u00e9tiers de bouche&quot;, indique Thierry Marx\"\/>1:53Restaurateurs en danger: \u00ab\u00a0\u00c0 quand une loi sur le fait-maison, qui prot\u00e9gera les restaurants et l&rsquo;artisanat des m\u00e9tiers de bouche\u00a0\u00bb, indique Thierry Marx<\/a><a href=\"https:\/\/www.bfmtv.com\/societe\/video-thierry-marx-deplore-la-fermeture-de-25-restaurants-par-jour-en-france_VN-202507300471.html\" title=\"Thierry Marx d\u00e9plore la fermeture de &quot;25 restaurants par jour en France&quot;\" rel=\"nofollow noopener\" target=\"_blank\"><img width=\"16\" height=\"9\" class=\"lozad\"  alt=\"Thierry Marx d\u00e9plore la fermeture de &quot;25 restaurants par jour en France&quot;\"\/>1:02Thierry Marx d\u00e9plore la fermeture de \u00ab\u00a025 restaurants par jour en France\u00a0\u00bb<\/a><a href=\"https:\/\/www.bfmtv.com\/economie\/video-deux-jours-feries-supprimes-il-y-a-un-manque-a-gagner-pour-l-hotellerie-et-la-restauration-qui-va-etre-assez-important-estime-thierry-marx_VN-202507300467.html\" title=\"Deux jours f\u00e9ri\u00e9s supprim\u00e9s: &quot;Il y a un manque \u00e0 gagner pour l&#039;h\u00f4tellerie et la restauration qui va \u00eatre assez important&quot;, estime Thierry Marx\" rel=\"nofollow noopener\" target=\"_blank\"><img width=\"16\" height=\"9\" class=\"lozad\"  alt=\"Deux jours f\u00e9ri\u00e9s supprim\u00e9s: &quot;Il y a un manque \u00e0 gagner pour l'h\u00f4tellerie et la restauration qui va \u00eatre assez important&quot;, estime Thierry Marx\"\/>1:06Deux jours f\u00e9ri\u00e9s supprim\u00e9s: \u00ab\u00a0Il y a un manque \u00e0 gagner pour l&rsquo;h\u00f4tellerie et la restauration qui va \u00eatre assez important\u00a0\u00bb, estime Thierry Marx<\/a><a href=\"https:\/\/www.bfmtv.com\/economie\/video-droits-de-douane-ursula-von-der-leyen-a-obtenu-l-accord-le-moins-mauvais-possible-assure-jean-luc-demarty-ancien-directeur-general-du-commerce-exterieur-de-la-commission-europeenne_VN-202507300452.html\" title=\"Droits de douane: &quot;Ursula von der Leyen a obtenu l&#039;accord le moins mauvais possible&quot;, assure Jean-Luc Demarty, ancien directeur g\u00e9n\u00e9ral du commerce ext\u00e9rieur de la Commission europ\u00e9enne\" rel=\"nofollow noopener\" target=\"_blank\"><img width=\"16\" height=\"9\" class=\"lozad\"  alt=\"Droits de douane: &quot;Ursula von der Leyen a obtenu l'accord le moins mauvais possible&quot;, assure Jean-Luc Demarty, ancien directeur g\u00e9n\u00e9ral du commerce ext\u00e9rieur de la Commission europ\u00e9enne\"\/>1:52Droits de douane: \u00ab\u00a0Ursula von der Leyen a obtenu l&rsquo;accord le moins mauvais possible\u00a0\u00bb, assure Jean-Luc Demarty, ancien directeur g\u00e9n\u00e9ral du commerce ext\u00e9rieur de la Commission europ\u00e9enne<\/a><a href=\"https:\/\/www.bfmtv.com\/replay-emissions\/bfm-story\/video-story-2-takata-le-gouvernement-monte-au-creneau-30-07_VN-202507300444.html\" title=\"Story 2 : Takata, le gouvernement monte au cr\u00e9neau - 30\/07\" rel=\"nofollow noopener\" target=\"_blank\"><img width=\"16\" height=\"9\" class=\"lozad\"  alt=\"Story 2 : Takata, le gouvernement monte au cr\u00e9neau - 30\/07\"\/>5:27Story 2 : Takata, le gouvernement monte au cr\u00e9neau &#8211; 30\/07<\/a><a href=\"https:\/\/www.bfmtv.com\/politique\/video-droits-de-douane-c-est-le-signe-patent-d-une-europe-qui-est-un-nain-politique-assure-yves-jego-ancien-depute_VN-202507300440.html\" title=\"Droits de douane: &quot;C&#039;est le signe patent d&#039;une Europe qui est un nain politique&quot;, assure Yves J\u00e9go, ancien d\u00e9put\u00e9\" rel=\"nofollow noopener\" target=\"_blank\"><img width=\"16\" height=\"9\" class=\"lozad\"  alt=\"Droits de douane: &quot;C'est le signe patent d'une Europe qui est un nain politique&quot;, assure Yves J\u00e9go, ancien d\u00e9put\u00e9\"\/>1:55Droits de douane: \u00ab\u00a0C&rsquo;est le signe patent d&rsquo;une Europe qui est un nain politique\u00a0\u00bb, assure Yves J\u00e9go, ancien d\u00e9put\u00e9<\/a><a href=\"https:\/\/www.bfmtv.com\/economie\/entreprises\/transports\/video-francois-provost-un-nouveau-patron-pour-renault_VN-202507300421.html\" title=\" Fran\u00e7ois Provost, un nouveau patron pour Renault  \" rel=\"nofollow noopener\" target=\"_blank\"><img width=\"16\" height=\"9\" class=\"lozad\"  alt=\" Fran\u00e7ois Provost, un nouveau patron pour Renault  \"\/>1:01Fran\u00e7ois Provost, un nouveau patron pour Renault<\/a><a href=\"https:\/\/www.bfmtv.com\/politique\/video-droits-de-douane-les-ministres-ont-assure-aux-filieres-les-plus-touchees-que-les-negociations-allaient-se-poursuivre-dans-les-jours-a-venir_VN-202507300418.html\" title=\"Droits de douane: les ministres ont assur\u00e9 aux fili\u00e8res les plus touch\u00e9es que les n\u00e9gociations allaient se poursuivre dans les jours \u00e0 venir\" rel=\"nofollow noopener\" target=\"_blank\"><img width=\"16\" height=\"9\" class=\"lozad\"  alt=\"Droits de douane: les ministres ont assur\u00e9 aux fili\u00e8res les plus touch\u00e9es que les n\u00e9gociations allaient se poursuivre dans les jours \u00e0 venir\"\/>1:35Droits de douane: les ministres ont assur\u00e9 aux fili\u00e8res les plus touch\u00e9es que les n\u00e9gociations allaient se poursuivre dans les jours \u00e0 venir<\/a><a href=\"https:\/\/www.bfmtv.com\/politique\/video-droits-de-douane-emmanuel-macron-et-le-gouvernement-ont-fait-le-choix-de-se-satisfaire-de-ce-moindre-mal-deplore-philippe-brun-socialistes-et-apparentes_VN-202507300403.html\" title=\"Droits de douane: &quot;Emmanuel Macron et le gouvernement ont fait le choix de se satisfaire de ce moindre mal&quot;, d\u00e9plore Philippe Brun (Socialistes et apparent\u00e9s)\" rel=\"nofollow noopener\" target=\"_blank\"><img width=\"16\" height=\"9\" class=\"lozad\"  alt=\"Droits de douane: &quot;Emmanuel Macron et le gouvernement ont fait le choix de se satisfaire de ce moindre mal&quot;, d\u00e9plore Philippe Brun (Socialistes et apparent\u00e9s)\"\/>0:42Droits de douane: \u00ab\u00a0Emmanuel Macron et le gouvernement ont fait le choix de se satisfaire de ce moindre mal\u00a0\u00bb, d\u00e9plore Philippe Brun (Socialistes et apparent\u00e9s)<\/a><a href=\"https:\/\/www.bfmtv.com\/politique\/video-droits-de-douane-de-15-pour-l-ue-pour-philippe-brun-depute-socialistes-et-apparentes-le-parlement-doit-se-saisir-du-sujet_VN-202507300401.html\" title=\"Droits de douane de 15% pour l&#039;UE: pour Philippe Brun, d\u00e9put\u00e9 &quot;Socialistes et apparent\u00e9s&quot;, &quot;le Parlement doit se saisir&quot; du sujet\" rel=\"nofollow noopener\" target=\"_blank\"><img width=\"16\" height=\"9\" class=\"lozad\"  alt=\"Droits de douane de 15% pour l'UE: pour Philippe Brun, d\u00e9put\u00e9 &quot;Socialistes et apparent\u00e9s&quot;, &quot;le Parlement doit se saisir&quot; du sujet\"\/>1:17Droits de douane de 15% pour l&rsquo;UE: pour Philippe Brun, d\u00e9put\u00e9 \u00ab\u00a0Socialistes et apparent\u00e9s\u00a0\u00bb, \u00ab\u00a0le Parlement doit se saisir\u00a0\u00bb du sujet<\/a><a href=\"https:\/\/www.bfmtv.com\/politique\/video-droits-de-douane-americains-le-debrief-des-ministres-francais-apres-la-reunion-de-crise-a-bercy_VN-202507300402.html\" title=\"Droits de douane am\u00e9ricains: le debrief des ministres fran\u00e7ais apr\u00e8s la r\u00e9union de crise \u00e0 Bercy \" rel=\"nofollow noopener\" target=\"_blank\"><img width=\"16\" height=\"9\" class=\"lozad\"  alt=\"Droits de douane am\u00e9ricains: le debrief des ministres fran\u00e7ais apr\u00e8s la r\u00e9union de crise \u00e0 Bercy \"\/>25:53Droits de douane am\u00e9ricains: le debrief des ministres fran\u00e7ais apr\u00e8s la r\u00e9union de crise \u00e0 Bercy<\/a><a class=\"jumpToVideo\" target=\"_blank\"><img class=\"thumbnailPreview\"\/><\/a><\/p>\n","protected":false},"excerpt":{"rendered":"\u00c9tats-Unis: la Fed maintient \u00e0 nouveau ses taux d&rsquo;int\u00e9r\u00eat inchang\u00e9s pour la cinqui\u00e8me fois de suiteSur le m\u00eame&hellip;\n","protected":false},"author":2,"featured_media":285052,"comment_status":"","ping_status":"","sticky":false,"template":"","format":"standard","meta":{"footnotes":""},"categories":[1589],"tags":[11,73,1866,12,1864,1865,1863,308],"class_list":{"0":"post-285051","1":"post","2":"type-post","3":"status-publish","4":"format-standard","5":"has-post-thumbnail","7":"category-etats-unis","8":"tag-actualites","9":"tag-etats-unis","10":"tag-etats-unis-damerique","11":"tag-news","12":"tag-united-states","13":"tag-united-states-of-america","14":"tag-us","15":"tag-usa"},"share_on_mastodon":{"url":"https:\/\/pubeurope.com\/@fr\/114943898722707265","error":""},"_links":{"self":[{"href":"https:\/\/www.europesays.com\/fr\/wp-json\/wp\/v2\/posts\/285051","targetHints":{"allow":["GET"]}}],"collection":[{"href":"https:\/\/www.europesays.com\/fr\/wp-json\/wp\/v2\/posts"}],"about":[{"href":"https:\/\/www.europesays.com\/fr\/wp-json\/wp\/v2\/types\/post"}],"author":[{"embeddable":true,"href":"https:\/\/www.europesays.com\/fr\/wp-json\/wp\/v2\/users\/2"}],"replies":[{"embeddable":true,"href":"https:\/\/www.europesays.com\/fr\/wp-json\/wp\/v2\/comments?post=285051"}],"version-history":[{"count":0,"href":"https:\/\/www.europesays.com\/fr\/wp-json\/wp\/v2\/posts\/285051\/revisions"}],"wp:featuredmedia":[{"embeddable":true,"href":"https:\/\/www.europesays.com\/fr\/wp-json\/wp\/v2\/media\/285052"}],"wp:attachment":[{"href":"https:\/\/www.europesays.com\/fr\/wp-json\/wp\/v2\/media?parent=285051"}],"wp:term":[{"taxonomy":"category","embeddable":true,"href":"https:\/\/www.europesays.com\/fr\/wp-json\/wp\/v2\/categories?post=285051"},{"taxonomy":"post_tag","embeddable":true,"href":"https:\/\/www.europesays.com\/fr\/wp-json\/wp\/v2\/tags?post=285051"}],"curies":[{"name":"wp","href":"https:\/\/api.w.org\/{rel}","templated":true}]}}