{"id":285053,"date":"2025-07-30T19:44:11","date_gmt":"2025-07-30T19:44:11","guid":{"rendered":"https:\/\/www.europesays.com\/fr\/285053\/"},"modified":"2025-07-30T19:44:11","modified_gmt":"2025-07-30T19:44:11","slug":"chaos-aerien-au-royaume-uni-apres-une-panne-radar","status":"publish","type":"post","link":"https:\/\/www.europesays.com\/fr\/285053\/","title":{"rendered":"Chaos a\u00e9rien au Royaume-Uni apr\u00e8s une panne radar"},"content":{"rendered":"<p class=\"intro\">\u00c0 l\u2019approche des vacances scolaires, le trafic a\u00e9rien britannique a \u00e9t\u00e9 paralys\u00e9 ce mercredi par une panne technique majeure. L\u2019espace a\u00e9rien a \u00e9t\u00e9 ferm\u00e9 pendant plus d\u2019une demi-heure, provoquant des retards et annulations dans tout le pays.<\/p>\n<p>C\u2019est un sc\u00e9nario cauchemardesque pour des milliers de voyageurs. Ce mercredi apr\u00e8s-midi, les avions ont \u00e9t\u00e9 clou\u00e9s au sol dans plusieurs a\u00e9roports britanniques \u00e0 la suite d\u2019une panne radar ayant entra\u00een\u00e9 la fermeture temporaire de l\u2019espace a\u00e9rien national.<\/p>\n<p>L\u2019agence europ\u00e9enne Eurocontrol a confirm\u00e9 que la zone de contr\u00f4le de Londres \u00e9tait \u00ab\u00a0indisponible en raison de probl\u00e8mes techniques\u00a0\u00bb. La soci\u00e9t\u00e9 NATS, responsable de la gestion du trafic a\u00e9rien <a href=\"https:\/\/www.parismatch.com\/actu\/international\/reconnaissance-de-letat-de-palestine-le-royaume-uni-se-joint-a-la-proposition-de-la-france-254951\" rel=\"nofollow noopener\" target=\"_blank\">au Royaume-Uni<\/a>, a reconnu un \u00ab\u00a0incident technique\u00a0\u00bb sans pouvoir pr\u00e9ciser le d\u00e9lai de retour \u00e0 la normale.<\/p>\n<p>    La suite apr\u00e8s cette publicit\u00e9<\/p>\n<p>\u00ab\u00a0Nous limitons le nombre d\u2019appareils dans la zone de contr\u00f4le londonienne afin de garantir la s\u00e9curit\u00e9, qui reste notre priorit\u00e9 absolue\u00a0\u00bb, a indiqu\u00e9 un porte-parole. \u00ab\u00a0Nos \u00e9quipes travaillent activement pour r\u00e9soudre ce probl\u00e8me le plus vite possible. Nous pr\u00e9sentons nos excuses pour les retards que cela pourrait causer.\u00a0\u00bb<\/p>\n<p>    La suite apr\u00e8s cette publicit\u00e9<\/p>\n<p>Pr\u00e8s de 600\u00a0000 passagers concern\u00e9s<\/p>\n<p>British Airways a annonc\u00e9 que \u00ab\u00a0la grande majorit\u00e9\u00a0\u00bb de ses vols ont \u00e9t\u00e9 touch\u00e9s. Selon Cirium, plus de 3\u00a0000 d\u00e9parts \u00e9taient pr\u00e9vus dans la journ\u00e9e depuis les a\u00e9roports britanniques, soit pr\u00e8s de 580\u00a0000 passagers concern\u00e9s. Les cons\u00e9quences se font d\u00e9j\u00e0 sentir dans plusieurs hubs europ\u00e9ens, notamment \u00e0 Paris, Amsterdam et Bruxelles, qui accueillent des vols d\u00e9rout\u00e9s.<\/p>\n<p>Selon les premi\u00e8res informations, les d\u00e9parts depuis l\u2019a\u00e9roport de Gatwick ont \u00e9t\u00e9 suspendus et le survol de Londres fortement restreint. Des images publi\u00e9es sur les r\u00e9seaux sociaux montrent des avions contraints de contourner l\u2019espace a\u00e9rien britannique, rappelant l\u2019\u00e9pisode de l\u2019\u00e9t\u00e9 2023 marqu\u00e9 par une panne similaire.<\/p>\n","protected":false},"excerpt":{"rendered":"\u00c0 l\u2019approche des vacances scolaires, le trafic a\u00e9rien britannique a \u00e9t\u00e9 paralys\u00e9 ce mercredi par une panne technique&hellip;\n","protected":false},"author":2,"featured_media":285054,"comment_status":"","ping_status":"","sticky":false,"template":"","format":"standard","meta":{"footnotes":""},"categories":[1588],"tags":[11,1777,674,12,473,1853,1851,1850,1852],"class_list":{"0":"post-285053","1":"post","2":"type-post","3":"status-publish","4":"format-standard","5":"has-post-thumbnail","7":"category-royaume-uni","8":"tag-actualites","9":"tag-eu","10":"tag-europe","11":"tag-news","12":"tag-royaume-uni","13":"tag-royaume-uni-de-grande-bretagne-et-dirlande-du-nord","14":"tag-uk","15":"tag-united-kingdom","16":"tag-united-kingdom-of-great-britain-and-northern-ireland"},"share_on_mastodon":{"url":"https:\/\/pubeurope.com\/@fr\/114943902590237971","error":""},"_links":{"self":[{"href":"https:\/\/www.europesays.com\/fr\/wp-json\/wp\/v2\/posts\/285053","targetHints":{"allow":["GET"]}}],"collection":[{"href":"https:\/\/www.europesays.com\/fr\/wp-json\/wp\/v2\/posts"}],"about":[{"href":"https:\/\/www.europesays.com\/fr\/wp-json\/wp\/v2\/types\/post"}],"author":[{"embeddable":true,"href":"https:\/\/www.europesays.com\/fr\/wp-json\/wp\/v2\/users\/2"}],"replies":[{"embeddable":true,"href":"https:\/\/www.europesays.com\/fr\/wp-json\/wp\/v2\/comments?post=285053"}],"version-history":[{"count":0,"href":"https:\/\/www.europesays.com\/fr\/wp-json\/wp\/v2\/posts\/285053\/revisions"}],"wp:featuredmedia":[{"embeddable":true,"href":"https:\/\/www.europesays.com\/fr\/wp-json\/wp\/v2\/media\/285054"}],"wp:attachment":[{"href":"https:\/\/www.europesays.com\/fr\/wp-json\/wp\/v2\/media?parent=285053"}],"wp:term":[{"taxonomy":"category","embeddable":true,"href":"https:\/\/www.europesays.com\/fr\/wp-json\/wp\/v2\/categories?post=285053"},{"taxonomy":"post_tag","embeddable":true,"href":"https:\/\/www.europesays.com\/fr\/wp-json\/wp\/v2\/tags?post=285053"}],"curies":[{"name":"wp","href":"https:\/\/api.w.org\/{rel}","templated":true}]}}