{"id":285055,"date":"2025-07-30T19:45:18","date_gmt":"2025-07-30T19:45:18","guid":{"rendered":"https:\/\/www.europesays.com\/fr\/285055\/"},"modified":"2025-07-30T19:45:18","modified_gmt":"2025-07-30T19:45:18","slug":"lallemand-une-langue-etrangere-de-grande-importance-dans-le-monde-entier","status":"publish","type":"post","link":"https:\/\/www.europesays.com\/fr\/285055\/","title":{"rendered":"L\u2019allemand, une langue \u00e9trang\u00e8re de grande importance dans le monde entier"},"content":{"rendered":"<p>Berlin (d.de)\u00a0\u2013\u00a0L\u2019allemand est tr\u00e8s demand\u00e9 partout dans le monde, surtout en tant que langue professionnelle. L\u2019\u00e9tude actuelle \u00ab\u00a0L\u2019allemand comme langue \u00e9trang\u00e8re dans le monde\u00a0\u00bb met en \u00e9vidence que la demande pour l\u2019allemand en tant que langue \u00e9trang\u00e8re augmente particuli\u00e8rement l\u00e0 o\u00f9 l\u2019Allemagne est per\u00e7ue comme une destination attractive en mati\u00e8re d\u2019emploi, de formation ou d\u2019\u00e9tudes. L\u2019\u00e9tude cite par exemple l\u2019\u00c9gypte, l\u2019Inde, le Kenya ou la Colombie. La demande pour l\u2019allemand cro\u00eet \u00e9galement dans les pays o\u00f9 le march\u00e9 du travail local ne peut gu\u00e8re absorber la croissance d\u00e9mographique, tels que le Cameroun, le Maroc, le N\u00e9pal ou l\u2019Ouzb\u00e9kistan. L\u00e0 aussi, l\u2019apprentissage de l\u2019allemand est associ\u00e9 \u00e0 la mobilit\u00e9 professionnelle et aux perspectives de carri\u00e8re en Allemagne. Depuis l\u2019entr\u00e9e en vigueur de la loi sur l\u2019immigration de main-d\u2019\u0153uvre qualifi\u00e9e de 2023, la demande de cours d\u2019allemand pour adultes a fortement augment\u00e9 dans ces pays. Cette \u00e9tude est r\u00e9alis\u00e9e tous les cinq ans sous l\u2019\u00e9gide du minist\u00e8re allemand des Affaires \u00e9trang\u00e8res (AA).\u00a0<\/p>\n","protected":false},"excerpt":{"rendered":"Berlin (d.de)\u00a0\u2013\u00a0L\u2019allemand est tr\u00e8s demand\u00e9 partout dans le monde, surtout en tant que langue professionnelle. L\u2019\u00e9tude actuelle \u00ab\u00a0L\u2019allemand&hellip;\n","protected":false},"author":2,"featured_media":285056,"comment_status":"","ping_status":"","sticky":false,"template":"","format":"standard","meta":{"footnotes":""},"categories":[1587],"tags":[11,672,1804,1805,1803,1777,674,1801,12,1802],"class_list":{"0":"post-285055","1":"post","2":"type-post","3":"status-publish","4":"format-standard","5":"has-post-thumbnail","7":"category-allemagne","8":"tag-actualites","9":"tag-allemagne","10":"tag-bundesrepublik-deutschland","11":"tag-de","12":"tag-deutschland","13":"tag-eu","14":"tag-europe","15":"tag-germany","16":"tag-news","17":"tag-republique-federale-dallemagne"},"share_on_mastodon":{"url":"https:\/\/pubeurope.com\/@fr\/114943906481530757","error":""},"_links":{"self":[{"href":"https:\/\/www.europesays.com\/fr\/wp-json\/wp\/v2\/posts\/285055","targetHints":{"allow":["GET"]}}],"collection":[{"href":"https:\/\/www.europesays.com\/fr\/wp-json\/wp\/v2\/posts"}],"about":[{"href":"https:\/\/www.europesays.com\/fr\/wp-json\/wp\/v2\/types\/post"}],"author":[{"embeddable":true,"href":"https:\/\/www.europesays.com\/fr\/wp-json\/wp\/v2\/users\/2"}],"replies":[{"embeddable":true,"href":"https:\/\/www.europesays.com\/fr\/wp-json\/wp\/v2\/comments?post=285055"}],"version-history":[{"count":0,"href":"https:\/\/www.europesays.com\/fr\/wp-json\/wp\/v2\/posts\/285055\/revisions"}],"wp:featuredmedia":[{"embeddable":true,"href":"https:\/\/www.europesays.com\/fr\/wp-json\/wp\/v2\/media\/285056"}],"wp:attachment":[{"href":"https:\/\/www.europesays.com\/fr\/wp-json\/wp\/v2\/media?parent=285055"}],"wp:term":[{"taxonomy":"category","embeddable":true,"href":"https:\/\/www.europesays.com\/fr\/wp-json\/wp\/v2\/categories?post=285055"},{"taxonomy":"post_tag","embeddable":true,"href":"https:\/\/www.europesays.com\/fr\/wp-json\/wp\/v2\/tags?post=285055"}],"curies":[{"name":"wp","href":"https:\/\/api.w.org\/{rel}","templated":true}]}}