{"id":285059,"date":"2025-07-30T19:47:09","date_gmt":"2025-07-30T19:47:09","guid":{"rendered":"https:\/\/www.europesays.com\/fr\/285059\/"},"modified":"2025-07-30T19:47:09","modified_gmt":"2025-07-30T19:47:09","slug":"accord-ue-etats-unis-des-milliards-dachats-energetiques-promis-mais-un-accord-sous-haute-ambiguite","status":"publish","type":"post","link":"https:\/\/www.europesays.com\/fr\/285059\/","title":{"rendered":"Accord UE\u2013\u00c9tats-Unis : des milliards d\u2019achats \u00e9nerg\u00e9tiques promis, mais un accord sous haute ambigu\u00eft\u00e9"},"content":{"rendered":"<p><strong>Suite \u00e0 l\u2019accord conclu entre Donald Trump et Ursula von der Leyen dimanche 27 juillet, l\u2019Union europ\u00e9enne s\u2019engage \u00e0 proc\u00e9der \u00e0 des achats strat\u00e9giques d\u2019\u00e9nergie am\u00e9ricaine pour un montant annonc\u00e9 de 650 milliards d\u2019euros d\u2019ici 2028. Mais cette promesse suscite des pol\u00e9miques car l\u2019UE et les \u00c9tats-Unis d\u00e9fendent des versions tr\u00e8s divergentes de ce qui a \u00e9t\u00e9 r\u00e9ellement convenu.<\/strong><\/p>\n<p>\u00a0<\/p>\n<p>Ce qu\u2019il faut retenir<\/p>\n<p>\u00c0 partir du vendredi 1er ao\u00fbt, les importations de produits europ\u00e9ens seront tax\u00e9es \u00e0 15 %, selon les termes de l\u2019accord entre Washington et Bruxelles. Mais cette n\u00e9gociation ne se limite pas aux simples barri\u00e8res douani\u00e8res : la Commission europ\u00e9enne s\u2019est engag\u00e9e \u00e0 ce que les \u00c9tats membres de l\u2019UE augmentent consid\u00e9rablement leur approvisionnement \u00e9nerg\u00e9tique depuis les \u00c9tats-Unis \u00e0 horizon 2028.<\/p>\n<p>Ce volet \u00e9nerg\u00e9tique repr\u00e9sente le c\u0153ur des ambigu\u00eft\u00e9s soulev\u00e9es par l\u2019accord. Si Washington parle d\u2019un engagement ferme de 750 milliards de dollars (environ 650 milliards d\u2019euros) de d\u00e9penses europ\u00e9ennes, Bruxelles insiste sur le fait qu\u2019il s\u2019agit d\u2019objectifs indicatifs port\u00e9s par des acteurs priv\u00e9s, et non d\u2019un accord juridiquement contraignant.<\/p>\n<p>\u00a0<\/p>\n<p>Pourquoi c\u2019est important \u00e0 suivre<\/p>\n<p data-start=\"1572\" data-end=\"2064\">La promesse de la pr\u00e9sidente de la Commission, Ursula von der Leyen, \u00e0 Donald Trump, am\u00e8ne le total des achats europ\u00e9ens \u00e0 750 milliards de dollars, soit 650 milliards d\u2019euros, sur trois ans, pour s\u2019approvisionner en p\u00e9trole, en gaz naturel liqu\u00e9fi\u00e9 (GNL) ou en combustible nucl\u00e9aire am\u00e9ricains. Ces achats repr\u00e9senteraient en moyenne 250 milliards de dollars par an, un montant qui repr\u00e9sente le cumul d\u2019investissements d\u00e9j\u00e0 pr\u00e9vus par les entreprises europ\u00e9ennes, selon le m\u00e9dia Contexte.<\/p>\n<p data-start=\"2066\" data-end=\"2297\">La Maison Blanche, elle, affirme que l\u2019UE \u00ab investira 600 milliards de dollars dans l\u2019\u00e9conomie am\u00e9ricaine \u00bb \u2014 une lecture que la Commission europ\u00e9enne juge \u00ab exag\u00e9r\u00e9e \u00bb et non repr\u00e9sentative de ses pr\u00e9rogatives institutionnelles.<\/p>\n<p>\u00a0<\/p>\n<p>Citations principales<\/p>\n<blockquote>\n<p data-start=\"2335\" data-end=\"2519\">Hier, la Commission europ\u00e9enne a d\u00e9clar\u00e9 que ce montant de 750 milliards de dollars \u00ab contribuera \u00e0 remplacer le gaz et le p\u00e9trole russes \u00bb encore en circulation au sein de l\u2019Europe. La Maison Blanche s\u2019est f\u00e9licit\u00e9e de cet accord, estimant qu\u2019il \u00ab renforcera la domination \u00e9nerg\u00e9tique des \u00c9tats-Unis \u00bb.<\/p>\n<\/blockquote>\n<p>Mais un haut responsable europ\u00e9en a tenu \u00e0 temp\u00e9rer : \u00ab Ce n\u2019est pas quelque chose que l\u2019UE, en tant qu\u2019autorit\u00e9 publique, peut garantir \u2014 cela d\u00e9pend des intentions d\u2019achat des entreprises priv\u00e9es \u00bb, a-t-il expliqu\u00e9 \u00e0 Euronews.<\/p>\n<p>\u00a0<\/p>\n<p>Le chiffre \u00e0 retenir\u00a0: 376\u00a0milliards d\u2019euros<\/p>\n<p>En 2024, le bloc des 27 a d\u00e9pens\u00e9 pr\u00e8s de 376 milliards d\u2019euros en importations d\u2019\u00e9nergie, selon Eurostat. La promesse de l\u2019Europe semble donc difficilement r\u00e9aliste : les \u00c9tats membres devraient presque tripler le montant de leurs achats effectu\u00e9s aux \u00c9tats-Unis pour tenir cet objectif.<\/p>\n<p>\u00a0<\/p>\n<p>\u00c0 surveiller<\/p>\n<p data-start=\"3261\" data-end=\"3774\">Si les \u00c9tats-Unis sont le premier exportateur de GNL vers l\u2019Europe (45 % en 2024), et aussi un fournisseur important de p\u00e9trole (16 %), la consommation de gaz diminue drastiquement au niveau europ\u00e9en. Pourtant, Bruxelles mise plusieurs centaines de milliards d\u2019euros sur l\u2019importation d\u2019\u00e9nergies fossiles comme le gaz et le p\u00e9trole. \u00ab Un tournant radical \u00bb, en contradiction avec le Pacte vert pour l\u2019Europe de 2019, selon Esther Bollendorff, porte-parole du Climate Action Network Europe, cit\u00e9e par Le Monde.<\/p>\n<p data-start=\"3776\" data-end=\"4126\">Par ailleurs, plusieurs voix s\u2019\u00e9l\u00e8vent en Europe contre l\u2019opacit\u00e9 de l\u2019accord. Fran\u00e7ois Bayrou a d\u00e9nonc\u00e9 un \u00ab jour sombre pour la souverainet\u00e9 \u00e9nerg\u00e9tique de l\u2019Union \u00bb. L\u2019ambigu\u00eft\u00e9 du texte, sans valeur contraignante selon Bruxelles, mais pr\u00e9sent\u00e9 comme un triomphe strat\u00e9gique par Washington, laisse planer des incertitudes sur sa port\u00e9e r\u00e9elle.<\/p>\n<p>\u00a0<\/p>\n<p><strong>\u00c0 lire aussi<\/strong>\u00a0: <a href=\"https:\/\/www.forbes.fr\/business\/immobilier-rebond-confirme-pour-lancien-inquietudes-persistantes-pour-le-neuf\/\" rel=\"nofollow noopener\" target=\"_blank\">Immobilier : rebond confirm\u00e9 pour l\u2019ancien, inqui\u00e9tudes persistantes pour le neuf<\/a><\/p>\n","protected":false},"excerpt":{"rendered":"Suite \u00e0 l\u2019accord conclu entre Donald Trump et Ursula von der Leyen dimanche 27 juillet, l\u2019Union europ\u00e9enne s\u2019engage&hellip;\n","protected":false},"author":2,"featured_media":285060,"comment_status":"","ping_status":"","sticky":false,"template":"","format":"standard","meta":{"footnotes":""},"categories":[1586],"tags":[11,1777,674,1779,1011,27,12,25,1778,364],"class_list":{"0":"post-285059","1":"post","2":"type-post","3":"status-publish","4":"format-standard","5":"has-post-thumbnail","7":"category-europe","8":"tag-actualites","9":"tag-eu","10":"tag-europe","11":"tag-european-union","12":"tag-fr","13":"tag-france","14":"tag-news","15":"tag-republique-francaise","16":"tag-ue","17":"tag-union-europeenne"},"share_on_mastodon":{"url":"https:\/\/pubeurope.com\/@fr\/114943914422094050","error":""},"_links":{"self":[{"href":"https:\/\/www.europesays.com\/fr\/wp-json\/wp\/v2\/posts\/285059","targetHints":{"allow":["GET"]}}],"collection":[{"href":"https:\/\/www.europesays.com\/fr\/wp-json\/wp\/v2\/posts"}],"about":[{"href":"https:\/\/www.europesays.com\/fr\/wp-json\/wp\/v2\/types\/post"}],"author":[{"embeddable":true,"href":"https:\/\/www.europesays.com\/fr\/wp-json\/wp\/v2\/users\/2"}],"replies":[{"embeddable":true,"href":"https:\/\/www.europesays.com\/fr\/wp-json\/wp\/v2\/comments?post=285059"}],"version-history":[{"count":0,"href":"https:\/\/www.europesays.com\/fr\/wp-json\/wp\/v2\/posts\/285059\/revisions"}],"wp:featuredmedia":[{"embeddable":true,"href":"https:\/\/www.europesays.com\/fr\/wp-json\/wp\/v2\/media\/285060"}],"wp:attachment":[{"href":"https:\/\/www.europesays.com\/fr\/wp-json\/wp\/v2\/media?parent=285059"}],"wp:term":[{"taxonomy":"category","embeddable":true,"href":"https:\/\/www.europesays.com\/fr\/wp-json\/wp\/v2\/categories?post=285059"},{"taxonomy":"post_tag","embeddable":true,"href":"https:\/\/www.europesays.com\/fr\/wp-json\/wp\/v2\/tags?post=285059"}],"curies":[{"name":"wp","href":"https:\/\/api.w.org\/{rel}","templated":true}]}}