{"id":285067,"date":"2025-07-30T19:51:17","date_gmt":"2025-07-30T19:51:17","guid":{"rendered":"https:\/\/www.europesays.com\/fr\/285067\/"},"modified":"2025-07-30T19:51:17","modified_gmt":"2025-07-30T19:51:17","slug":"a-billere-le-plus-vieux-golf-deurope-continentale-consolide-son-avenir","status":"publish","type":"post","link":"https:\/\/www.europesays.com\/fr\/285067\/","title":{"rendered":"\u00c0 Bill\u00e8re, le plus vieux golf d\u2019Europe continentale consolide son avenir"},"content":{"rendered":"<p>\u00ab\u00a0Nous sommes \u00e0 la fois dans un m&amp;eacute&#8230;<\/p>\n<p>\u00ab\u00a0Nous sommes \u00e0 la fois dans un m\u00e9lange de tradition, mais aussi dans la volont\u00e9 de nous ouvrir\u00a0\u00bb, souligne le pr\u00e9sident Alain Bruneau depuis le club-house construit dans les ann\u00e9es 1880 dans le\u00a0pur style victorien. Pr\u00e9sident depuis 2024 et r\u00e9\u00e9lu pour trois ans en mars dernier, l\u2019ancien chef d\u2019entreprise sait l\u2019importance de perp\u00e9tuer des moments r\u00e9currents au sein du club. C\u2019est le cas notamment de la Kilmaine Cup, qui oppose chaque ann\u00e9e depuis 1894 le PGC au golf de Biarritz, ou encore le Grand Prix de Pau.<\/p>\n<p>    La r\u00e9daction vous conseille<\/p>\n<p>        <img decoding=\"async\" id=\"25425645\" src=\"https:\/\/www.europesays.com\/fr\/wp-content\/uploads\/2025\/07\/rep-521-hd12831.jpg\" alt=\"Le club compte 590 membres dont 70 pour l\u2019\u00e9cole de golf.\" itemprop=\"contentURL\"\/><\/p>\n<p>    Le club compte 590 membres dont 70 pour l\u2019\u00e9cole de golf.<\/p>\n<p>Rodolphe Martin<\/p>\n<p>\u00ab\u00a0C\u2019est un rendez-vous tr\u00e8s important pour nous\u00a0\u00bb, indique le pr\u00e9sident qui rappelle n\u00e9anmoins que le club est actif durant toute l\u2019ann\u00e9e. Pour fonctionner, la structure emploie ainsi 17 salari\u00e9s rien que pour la partie golf, et 8 autres pour son restaurant, le Victoria. Au total, le PGC 1856 compte environ 590 membres \u00e2g\u00e9s de 5 \u00e0 90\u00a0ans et plus.<\/p>\n<p>Pour s\u2019ouvrir encore davantage et mieux se faire conna\u00eetre, le golf va \u00e9galement organiser une journ\u00e9e portes ouvertes le 13\u00a0septembre prochain. Une bonne occasion de d\u00e9couvrir cette discipline qui n\u00e9cessite \u00e0 la fois beaucoup de concentration, mais aussi du rel\u00e2chement. \u00ab\u00a0C\u2019est un sport dans lequel on apprend \u00e0 se conna\u00eetre soi-m\u00eame\u00a0\u00bb, estime la secr\u00e9taire de l\u2019association, Mich\u00e8le Regnacq.<\/p>\n<p>        <img decoding=\"async\" id=\"25426559\" src=\"https:\/\/www.europesays.com\/fr\/wp-content\/uploads\/2025\/07\/rep-521-hd12858.jpg\" alt=\"Mich\u00e8le R\u00e9gnacq et Alain Bruneau sont respectivement secr\u00e9taire et pr\u00e9sident du comit\u00e9 de direction de l\u2019association Pau Golf Club 1856.\" itemprop=\"contentURL\"\/><\/p>\n<p>    Mich\u00e8le R\u00e9gnacq et Alain Bruneau sont respectivement secr\u00e9taire et pr\u00e9sident du comit\u00e9 de direction de l\u2019association Pau Golf Club 1856.<\/p>\n<p>Rodolphe Martin<\/p>\n<p>Depuis quelques ann\u00e9es, le PGC a aussi muscl\u00e9 son \u00e9cole de golf gr\u00e2ce notamment au travail des b\u00e9n\u00e9voles, mais aussi de la golfeuse St\u00e9phanie Arricau, seule professionnelle de l\u2019histoire du golf b\u00e9arnais. Aujourd\u2019hui, ils sont environ 70 jeunes au sein de l\u2019\u00e9cole, avec, l\u00e0 encore, l\u2019ambition de \u00ab\u00a0d\u00e9mocratiser\u00a0\u00bb la pratique et de pr\u00e9parer l\u2019avenir alors que le club affiche \u00ab\u00a0une moyenne d\u2019\u00e2ge de 70\u00a0ans\u00a0\u00bb. \u00ab\u00a0Nous faisons r\u00e9guli\u00e8rement des journ\u00e9es de d\u00e9couverte, notamment avec les \u00e9coles\u00a0\u00bb, annonce Mich\u00e8le R\u00e9gnacq.<\/p>\n<p>Une op\u00e9ration avec la commune<\/p>\n<p>Un lieu qui m\u00e9rite effectivement le d\u00e9tour. Le golf de 33 hectares pr\u00e9sente des parcours et des greens impeccables qui t\u00e9moignent du travail minutieux que r\u00e9alisent le \u00ab\u00a0greenkeeper\u00a0\u00bb et les jardiniers. Des hectares dont il a \u00e9t\u00e9 question lors du conseil municipal de Bill\u00e8re du 23\u00a0juin dernier.<\/p>\n<p>        <img decoding=\"async\" id=\"25425807\" src=\"https:\/\/www.europesays.com\/fr\/wp-content\/uploads\/2025\/07\/rep-521-hd12827-1.jpg\" itemprop=\"contentURL\"\/><\/p>\n<p>Rodolphe Martin<\/p>\n<p>Jusqu\u2019\u00e0 pr\u00e9sent, le golf \u00e9tait locataire de 25,5 hectares aupr\u00e8s de Bill\u00e8re tandis qu\u2019il louait \u00e0 cette m\u00eame commune un terrain plus au nord sur lequel se trouvent les terrains de tennis et le stade GSO. Les choses ont d\u00e9sormais boug\u00e9. En accord avec le PGC 1856, la commune a valid\u00e9 une importante op\u00e9ration fonci\u00e8re. Les 25,5 hectares ont \u00e9t\u00e9 vendus au golf pour 2\u00a0790\u00a0000\u00a0euros tandis que l\u2019association a c\u00e9d\u00e9 la parcelle de 16\u00a0947\u00a0m\u00b2 pour 675\u00a0000\u00a0euros.<\/p>\n<p>        <img decoding=\"async\" id=\"25425656\" src=\"https:\/\/www.europesays.com\/fr\/wp-content\/uploads\/2025\/07\/rep-521-hd12845-1.jpg\" alt=\"Le practice est toujours tr\u00e8s appr\u00e9ci\u00e9.\" itemprop=\"contentURL\"\/><\/p>\n<p>    Le practice est toujours tr\u00e8s appr\u00e9ci\u00e9.<\/p>\n<p>R.M.<\/p>\n<p>\u00ab\u00a0Cela permet de p\u00e9renniser le golf dans son organisation actuelle. C\u2019\u00e9tait un v\u0153u qui nous \u00e9tait cher\u00a0\u00bb, pr\u00e9cise le pr\u00e9sident Alain Bruneau qui ajoute qu\u2019il reste encore une \u00ab\u00a0petite partie\u00a0\u00bb des terrains du golf qui appartiennent \u00e0 des propri\u00e9taires priv\u00e9s : \u00ab\u00a0\u00c7a nous va tr\u00e8s bien comme \u00e7a\u00a0\u00bb.<\/p>\n<p>        <img decoding=\"async\" id=\"25425665\" src=\"https:\/\/www.europesays.com\/fr\/wp-content\/uploads\/2025\/07\/rep-521-hd12842.jpg\" alt=\"Le golf s\u2019adresse \u00e0 tous les publics.\" itemprop=\"contentURL\"\/><\/p>\n<p>    Le golf s\u2019adresse \u00e0 tous les publics.<\/p>\n<p>Rodolphe Martin<\/p>\n<p>Pour la Ville de Bill\u00e8re, il \u00e9tait \u00ab\u00a0important de r\u00e9gulariser une situation compl\u00e8tement anormale\u00a0\u00bb avait d\u00e9clar\u00e9 le maire, Arnaud Jacottin lors du vote de la d\u00e9lib\u00e9ration. Tout en se r\u00e9jouissant d\u2019avoir \u00ab\u00a0une relation de confiance avec l\u2019association\u00a0\u00bb, l\u2019\u00e9lu bill\u00e9rois vantait \u00ab\u00a0une op\u00e9ration vertueuse et raisonnable\u00a0\u00bb, qui permettra \u00e0 sa commune de financer de futurs investissements comme la r\u00e9alisation de sa salle de spectacle.<\/p>\n<p>        <img decoding=\"async\" id=\"25425812\" src=\"https:\/\/www.europesays.com\/fr\/wp-content\/uploads\/2025\/07\/rep-521-hd12810.jpg\" itemprop=\"contentURL\"\/><\/p>\n<p>Rodolphe Martin<\/p>\n<p>    Un golf \u00ab\u00a0so british\u00a0\u00bb qui date de 1856<br \/>\nH\u00e9ritage de la pr\u00e9sence anglaise en B\u00e9arn, le golf de Pau est install\u00e9 \u00e0 Bill\u00e8re depuis 1856.\u00a0Il est de fait consid\u00e9r\u00e9 comme le plus ancien du continent. Il a \u00e9t\u00e9 fond\u00e9 par Lord Hamilton (Duc d\u2019Hamilton et de Brandon), les colonels Hutchinson et Anstruther, le major Pontifex et l\u2019archidiacre Sapte. Ces derniers avaient alors choisi de louer des terrains le long du gave \u00e0 la commune de Bill\u00e8re et \u00e0 quelques fermiers.<br \/>Vers la fin du XIXe\u00a0si\u00e8cle, les Am\u00e9ricains sont de plus en plus f\u00e9rus de golf et on les retrouve \u00e0 leur tour \u00e0 la t\u00eate du PGC 1856. Des ann\u00e9es plus tard, apr\u00e8s le d\u00e9part des Anglo-Saxons, la bourgeoisie locale prend le relais. Mais il faut attendre 1942 et Gaston Loustalet pour trouver son premier pr\u00e9sident d\u2019origine fran\u00e7aise.<br \/>Dans les b\u00e2timents du XIXe\u00a0si\u00e8cle, les tableaux et les troph\u00e9es attestent encore aujourd\u2019hui de la prestigieuse ascendance de l\u2019\u00e9tablissement comme cette coupe sponsoris\u00e9e en 1897 par la reine Victoria. Et si le PGC a transf\u00e9r\u00e9 certains documents d\u2019\u00e9poque aux archives communautaires pour mieux les conserver, on y retrouve encore sur place quelques pi\u00e8ces d\u2019exception. Un v\u00e9ritable mus\u00e9e miniature o\u00f9 l\u2019on retrouve aussi bien des coupes que des m\u00e9dailles d\u2019\u00e9poque.<br \/>De quoi faire du golf bill\u00e9rois un haut lieu de ce sport d\u00e9sormais pr\u00e9sent sur tous les continents. Le site bill\u00e9rois accueille ainsi r\u00e9guli\u00e8rement des golfeurs \u00e9trangers, notamment d\u2019origine anglo-saxonne. Plusieurs grands noms du golf mondial ont test\u00e9 leur swing sur les terrains bill\u00e9rois \u00e0 l\u2019image de Jean Van de Velde, Jos\u00e9 Mar\u00eda Olaz\u00e1bal, Severiano Ballesteros.<\/p>\n","protected":false},"excerpt":{"rendered":"\u00ab\u00a0Nous sommes \u00e0 la fois dans un m&amp;eacute&#8230; \u00ab\u00a0Nous sommes \u00e0 la fois dans un m\u00e9lange de tradition,&hellip;\n","protected":false},"author":2,"featured_media":285068,"comment_status":"","ping_status":"","sticky":false,"template":"","format":"standard","meta":{"footnotes":""},"categories":[1418],"tags":[1011,27,1472,60],"class_list":{"0":"post-285067","1":"post","2":"type-post","3":"status-publish","4":"format-standard","5":"has-post-thumbnail","7":"category-golf","8":"tag-fr","9":"tag-france","10":"tag-golf","11":"tag-sports"},"share_on_mastodon":{"url":"https:\/\/pubeurope.com\/@fr\/114943930539339522","error":""},"_links":{"self":[{"href":"https:\/\/www.europesays.com\/fr\/wp-json\/wp\/v2\/posts\/285067","targetHints":{"allow":["GET"]}}],"collection":[{"href":"https:\/\/www.europesays.com\/fr\/wp-json\/wp\/v2\/posts"}],"about":[{"href":"https:\/\/www.europesays.com\/fr\/wp-json\/wp\/v2\/types\/post"}],"author":[{"embeddable":true,"href":"https:\/\/www.europesays.com\/fr\/wp-json\/wp\/v2\/users\/2"}],"replies":[{"embeddable":true,"href":"https:\/\/www.europesays.com\/fr\/wp-json\/wp\/v2\/comments?post=285067"}],"version-history":[{"count":0,"href":"https:\/\/www.europesays.com\/fr\/wp-json\/wp\/v2\/posts\/285067\/revisions"}],"wp:featuredmedia":[{"embeddable":true,"href":"https:\/\/www.europesays.com\/fr\/wp-json\/wp\/v2\/media\/285068"}],"wp:attachment":[{"href":"https:\/\/www.europesays.com\/fr\/wp-json\/wp\/v2\/media?parent=285067"}],"wp:term":[{"taxonomy":"category","embeddable":true,"href":"https:\/\/www.europesays.com\/fr\/wp-json\/wp\/v2\/categories?post=285067"},{"taxonomy":"post_tag","embeddable":true,"href":"https:\/\/www.europesays.com\/fr\/wp-json\/wp\/v2\/tags?post=285067"}],"curies":[{"name":"wp","href":"https:\/\/api.w.org\/{rel}","templated":true}]}}