{"id":285075,"date":"2025-07-30T19:56:16","date_gmt":"2025-07-30T19:56:16","guid":{"rendered":"https:\/\/www.europesays.com\/fr\/285075\/"},"modified":"2025-07-30T19:56:16","modified_gmt":"2025-07-30T19:56:16","slug":"a-loccasion-du-grand-prix-de-france-de-motogp-johann-zarco-invite-pour-la-premiere-fois-sa-maman-a-une-course","status":"publish","type":"post","link":"https:\/\/www.europesays.com\/fr\/285075\/","title":{"rendered":"\u00e0 l&rsquo;occasion du Grand Prix de France de MotoGP, Johann Zarco invite pour la premi\u00e8re fois sa maman \u00e0 une course"},"content":{"rendered":"\n<p class=\"c-chapo \">\n  Le pilote fran\u00e7ais de motoGP Johann Zarco participe au Grand Prix de France ce week-end au Mans devant une spectatrice particuli\u00e8re. En 17 ans de carri\u00e8re, sa maman va le voir pour la premi\u00e8re fois depuis le bord de la piste.\n<\/p>\n<p>            lire plus tard<\/p>\n<p id=\"dialog__title\" class=\"dialog__title\">Pour sauvegarder cet article, connectez-vous ou cr\u00e9ez un compte franceinfo<\/p>\n<p class=\"dialog__description\">Sans paiement. Sans abonnement.<\/p>\n<p>        Fermer la fen\u00eatre d\u2019activation des notifications France Info<\/p>\n<p>            cr\u00e9er votre compte<\/p>\n<p>            se connecter<\/p>\n<p>        Fermer la fen\u00eatre de pr\u00e9sentation<\/p>\n<p>    <img decoding=\"async\" class=\"signature__image\" width=\"44\" height=\"44\"  alt=\"\" src=\"https:\/\/www.franceinfo.fr\/assets\/common\/images\/galaxie-icons\/avatar-e7320e16.svg\" fetchpriority=\"high\"\/><\/p>\n<p>    Publi\u00e9 le 10\/05\/2025 16:31<\/p>\n<p>      Mis \u00e0 jour le 10\/05\/2025 17:22<\/p>\n<p>        Temps de lecture : 2min<\/p>\n<p>    <img decoding=\"async\"  alt=\"Le pilote fran\u00e7ais de MotoGP Johann Zarco, au Grand Prix de France, au Mans le 8 mai 2025. (THOMAS BREGARDIS \/ OUEST-FRANCE \/ MAXPPP)\" width=\"432\" height=\"243\" src=\"https:\/\/www.europesays.com\/fr\/wp-content\/uploads\/2025\/07\/johann-681f5d4ae2f4e346108261.jpg\" fetchpriority=\"high\"\/><\/p>\n<p>      Le pilote fran\u00e7ais de MotoGP Johann Zarco, au Grand Prix de France, au Mans le 8 mai 2025. (THOMAS BREGARDIS \/ OUEST-FRANCE \/ MAXPPP)<\/p>\n<p>Le Grand Prix de France de MotoGP se d\u00e9roule au Mans, avec la course sprint samedi 10\u00a0mai et la grande course dimanche 11\u00a0mai, \u00e0 14 heures. Cet \u00e9v\u00e8nement, toujours aussi populaire, r\u00e9unit plus de 300\u00a0000 spectateurs en quatre jours. Cette \u00e9dition est particuli\u00e8re pour <a href=\"https:\/\/www.franceinfo.fr\/sports\/auto-moto\/moto\/moto-gp-derriere-quartararo-et-zarco-la-releve-francaise-ronge-son-frein_6201777.html\" rel=\"nofollow noopener\" target=\"_blank\">le pilote fran\u00e7ais Johann Zarco<\/a>, car c\u2019est la toute premi\u00e8re fois que sa maman va assister \u00e0 l&rsquo;une de ses courses.\u00a0<\/p>\n<p>Le pilote fran\u00e7ais de 34 ans a tard\u00e9 \u00e0 organiser ce moment, mais il l&rsquo;attend d\u00e9sormais avec impatience : \u00ab\u00a0Je suis press\u00e9 de retrouver cette foule et que ma m\u00e8re puisse le voir, parce que c&rsquo;est quand m\u00eame exceptionnel. En 17 ans de carri\u00e8re, je ne lui avais pas dit une seule fois de venir. Et l\u00e0, de l&rsquo;avoir appel\u00e9e et de lui avoir demand\u00e9 de venir et qu&rsquo;elle m&rsquo;ait dit oui, \u00e7a m&rsquo;a fait me rendre compte que le temps passe. Go\u00fbter \u00e0 cette foule, il faut voir \u00e7a pour se rendre compte. On voit des choses \u00e0 la t\u00e9l\u00e9vision, mais l&rsquo;entendre, le sentir en vrai, c&rsquo;est autre chose\u00a0\u00bb.\u00a0<\/p>\n<blockquote class=\"ftvi_content_quote\">\n<p class=\"ftvi_citation_quote\">\u00ab\u00a0J&rsquo;attends ce Grand Prix, presque plus pour cet effet-l\u00e0 que pour l&rsquo;effet purement performance\u00a0\u00bb.<\/p>\n<p>Johann Zarco, pilote de MotoGP<\/p>\n<p class=\"ftvi_citation_source\">\u00e0 franceinfo<\/p>\n<\/blockquote>\n<p>Si la m\u00e8re de Johann Zarco n\u2019est jamais venue sur un circuit o\u00f9 roulait son fils, elle ne manque aucun grand prix, chez elle, dans son salon. \u00ab\u00a0Je sais qu&rsquo;elle ne regarde pas la t\u00e9l\u00e9vision, elle ne fait qu&rsquo;\u00e9couter et donc, parfois, elle n&rsquo;entend que des \u00ab\u00a0oh, oh\u00a0\u00bb, elle est toujours un peu stress\u00e9e, assure le pilote. Elle n&rsquo;a jamais pris l&rsquo;initiative de venir, car j&rsquo;ai attaqu\u00e9 ma vie professionnelle en coupant vraiment les ponts avec ma famille. Apr\u00e8s, on s&rsquo;est retrouv\u00e9s, mais l&rsquo;esprit moto, c&rsquo;est tellement un esprit guerrier que je ne m\u00eale pas la famille \u00e0 \u00e7a. Elle ne s&rsquo;est jamais dit : &lsquo;Tiens, est-ce que je peux venir ?&rsquo;, pour respecter \u00e7a\u00a0\u00bb.<\/p>\n<blockquote class=\"ftvi_content_quote\">\n<p class=\"ftvi_citation_quote\">\u00ab\u00a0Je veux lui faire vivre un Grand Prix de France dans un esprit &lsquo;confort&rsquo; et pas dans un esprit &lsquo;camping'\u00a0\u00bb.<\/p>\n<p>Johann Zarco<\/p>\n<p class=\"ftvi_citation_source\">\u00e0 franceinfo<\/p>\n<\/blockquote>\n<p>\u00ab\u00a0C&rsquo;est le petit rythme agr\u00e9able, h\u00f4tel, ambiance paddock et les loges des partenaires, parce qu&rsquo;elle a quand m\u00eame plus de 70 ans et ce n&rsquo;est pas rien\u00a0\u00bb, pr\u00e9cise Johann Zarco.\u00a0Tous les pilotes n\u2019ont pas les m\u00eames habitudes avec leurs familles. <a href=\"https:\/\/www.franceinfo.fr\/sports\/auto-moto\/moto\/motogp-francesco-bagnaia-remporte-le-grand-prix-d-espagne-au-bout-d-un-duel-exaltant-avec-marc-marquez_6513548.html\" rel=\"nofollow noopener\" target=\"_blank\">L\u2019Italien <\/a><a href=\"https:\/\/www.franceinfo.fr\/sports\/auto-moto\/moto\/motogp-francesco-bagnaia-remporte-le-grand-prix-d-espagne-au-bout-d-un-duel-exaltant-avec-marc-marquez_6513548.html\" rel=\"nofollow noopener\" target=\"_blank\">Pecco Bagnaia<\/a>, par exemple, fait le tour du monde des circuits avec sa femme et sa s\u0153ur, alors que les fr\u00e8res espagnols Marc et \u00c1lex M\u00e1rquez ne se d\u00e9placent jamais sans leur p\u00e8re, Juli\u00e0 Marquez.\u00a0<\/p>\n","protected":false},"excerpt":{"rendered":"Le pilote fran\u00e7ais de motoGP Johann Zarco participe au Grand Prix de France ce week-end au Mans devant&hellip;\n","protected":false},"author":2,"featured_media":285076,"comment_status":"","ping_status":"","sticky":false,"template":"","format":"standard","meta":{"footnotes":""},"categories":[1413],"tags":[1011,27,1457,1456,60],"class_list":{"0":"post-285075","1":"post","2":"type-post","3":"status-publish","4":"format-standard","5":"has-post-thumbnail","7":"category-moto","8":"tag-fr","9":"tag-france","10":"tag-moto","11":"tag-motocycle","12":"tag-sports"},"share_on_mastodon":{"url":"https:\/\/pubeurope.com\/@fr\/114943949898248529","error":""},"_links":{"self":[{"href":"https:\/\/www.europesays.com\/fr\/wp-json\/wp\/v2\/posts\/285075","targetHints":{"allow":["GET"]}}],"collection":[{"href":"https:\/\/www.europesays.com\/fr\/wp-json\/wp\/v2\/posts"}],"about":[{"href":"https:\/\/www.europesays.com\/fr\/wp-json\/wp\/v2\/types\/post"}],"author":[{"embeddable":true,"href":"https:\/\/www.europesays.com\/fr\/wp-json\/wp\/v2\/users\/2"}],"replies":[{"embeddable":true,"href":"https:\/\/www.europesays.com\/fr\/wp-json\/wp\/v2\/comments?post=285075"}],"version-history":[{"count":0,"href":"https:\/\/www.europesays.com\/fr\/wp-json\/wp\/v2\/posts\/285075\/revisions"}],"wp:featuredmedia":[{"embeddable":true,"href":"https:\/\/www.europesays.com\/fr\/wp-json\/wp\/v2\/media\/285076"}],"wp:attachment":[{"href":"https:\/\/www.europesays.com\/fr\/wp-json\/wp\/v2\/media?parent=285075"}],"wp:term":[{"taxonomy":"category","embeddable":true,"href":"https:\/\/www.europesays.com\/fr\/wp-json\/wp\/v2\/categories?post=285075"},{"taxonomy":"post_tag","embeddable":true,"href":"https:\/\/www.europesays.com\/fr\/wp-json\/wp\/v2\/tags?post=285075"}],"curies":[{"name":"wp","href":"https:\/\/api.w.org\/{rel}","templated":true}]}}