{"id":285081,"date":"2025-07-30T19:59:10","date_gmt":"2025-07-30T19:59:10","guid":{"rendered":"https:\/\/www.europesays.com\/fr\/285081\/"},"modified":"2025-07-30T19:59:10","modified_gmt":"2025-07-30T19:59:10","slug":"bruges-lom-pense-a-ordonez-maxifoot","status":"publish","type":"post","link":"https:\/\/www.europesays.com\/fr\/285081\/","title":{"rendered":"Bruges : l&#039;OM pense \u00e0 Ordo\u00f1ez &#8211; Maxifoot"},"content":{"rendered":"<ol>\n<li><a href=\"https:\/\/news.google.com\/rss\/articles\/CBMidkFVX3lxTFA0eTdONnlrZEM5enJDc0thZGh5S0k5eG9GYVRlQlN5Uk1zSm9OQlVtX0c1WHBCTE82cy0yZGxVbDRrTTNZYXp0UUR0THBSY29RemdnaXNYRk1GTDZObG5wX2hBdlpGbUZKTmF3ZGxnU3Z4YW5NM3c?oc=5\" target=\"_blank\" rel=\"noopener\">Bruges : l&rsquo;OM pense \u00e0 Ordo\u00f1ez<\/a>&nbsp;&nbsp;Maxifoot<\/li>\n<li><a href=\"https:\/\/news.google.com\/rss\/articles\/CBMijwFBVV95cUxOeUlrZUxTcEhmMkFWRDN4QXRDc0NDUThwMElCTU5SVld2X1c0TDBMX2xxX0tZcEtodWh5WmxLNndRQzFmaldGUXFnbVVrTFBkbDIxWWhUc3F5STFMcWdEYUZYaXhlcmJXRjVjYmpBZVdrQzZsaUR5Tmx5TEpCUlRxNUtYQUdGTGJlbjE4dlE4QQ?oc=5\" target=\"_blank\" rel=\"noopener\">L\u2019OM suit Ryan Flamingo et Joel Ord\u00f3\u00f1ez<\/a>&nbsp;&nbsp;Foot Mercato<\/li>\n<li><a href=\"https:\/\/news.google.com\/rss\/articles\/CBMi0wFBVV95cUxOeTREU0tpRWVUajVObmUzMS1yWnNjSTdjQmR3VzRyMnhEeWVtN3QzdlA2NzZpRm1lQ3FWNXdCNmR4NjlxcDFrS3dJTGg2WkxfV1AwTTNjbXA3a1BjSDBabWJxN0FWb2pOU2p4LW10MG5oQlZsaFE1SGJVNVRQTl9MR3lZNTY5Qi1nX01uZlpmelRHNEg1VWw3ZXBKYThvYnZSRk5xYzFlUWxLeC1ad1NINEo4cnNweHV3Z3FCdDRvaEhHYlBHdklfMGZhRTZMdHg4ajVR?oc=5\" target=\"_blank\" rel=\"noopener\">Mercato &#8211; L&rsquo;OM acc\u00e9l\u00e8re pour recruter un nouveau d\u00e9fenseur central !<\/a>&nbsp;&nbsp;Made In Marseillais<\/li>\n<li><a href=\"https:\/\/news.google.com\/rss\/articles\/CBMixgFBVV95cUxNM08tLXZQOGVlRFJBU3d3TjZMVThXM2lYZFM4QzZKaGhLZTJpY0hWYWcyaUVuTmpwbDFLb1Mzd2tmaUVsWDBDd01Ub05mRjJLREY1djdlZmp0VWc3X1pxUFRFR3JGNnlqdEhKVVZ2SE5pWG9JY0lHUTVPWmZiREJyaTVQMGZhbEVxdVpMMldCZWZyV0M4dF9jdWN0MWpWUUl3X3d4a3EtYXZOSXZJWWNtYk5FVWVTamdXT1RXRzdMRENRLTYxSVE?oc=5\" target=\"_blank\" rel=\"noopener\">Mercato OM : les nouvelles recherches de l&rsquo;OM pour le poste de d\u00e9fenseur central !<\/a>&nbsp;&nbsp;Le Phoc\u00e9en<\/li>\n<li><a href=\"https:\/\/news.google.com\/rss\/articles\/CBMiqAFBVV95cUxPc1FuWlNTNXFtX0FUcC1SYkl2LTJJUHUxbnQ5ZXAxekZTN2thSG1PQWU4RlJRemFjZU16M1hMSXdydXNrQ2Qtbm1BdnozLXZZZFFYYkxwVmJ3MzFPcm1qZVc5b1BUT1ZhbWI5cy1zTE5uZ2FoQlgwU1ZKcjB3SXloTHBWd0s4Ukd1SzBBRnZuMTcxUGdiUTNiT3JaUFNuQkhsc3JjN3RLNU0?oc=5\" target=\"_blank\" rel=\"noopener\">Mercato OM : Le plan discret de Longoria pour renforcer sa d\u00e9fense<\/a>&nbsp;&nbsp;football365.fr<\/li>\n<\/ol>\n","protected":false},"excerpt":{"rendered":"Bruges : l&rsquo;OM pense \u00e0 Ordo\u00f1ez&nbsp;&nbsp;Maxifoot L\u2019OM suit Ryan Flamingo et Joel Ord\u00f3\u00f1ez&nbsp;&nbsp;Foot Mercato Mercato &#8211; L&rsquo;OM acc\u00e9l\u00e8re&hellip;\n","protected":false},"author":2,"featured_media":285082,"comment_status":"","ping_status":"","sticky":false,"template":"","format":"standard","meta":{"footnotes":""},"categories":[1410],"tags":[2266,2262,2261,1981,83,2260,451,2263,462,2269,2257,63,1011,27,2265,1441,453,66,447,2267,955,2268,241,149,70,1817,93,2264,2258,2259,60,969,455],"class_list":{"0":"post-285081","1":"post","2":"type-post","3":"status-publish","4":"format-standard","5":"has-post-thumbnail","7":"category-football","8":"tag-as-monaco","9":"tag-bundesligua","10":"tag-calcio","11":"tag-classement","12":"tag-coupe-de-france","13":"tag-coupe-de-la-ligue","14":"tag-coupe-du-monde","15":"tag-equipe","16":"tag-fc-nantes","17":"tag-fifa","18":"tag-foot","19":"tag-football","20":"tag-fr","21":"tag-france","22":"tag-girondins-bordeaux","23":"tag-joueur","24":"tag-liga","25":"tag-ligue-1","26":"tag-ligue-des-champions","27":"tag-losc","28":"tag-match","29":"tag-ogc-nice","30":"tag-ol","31":"tag-om","32":"tag-premier-league","33":"tag-pronostic","34":"tag-psg","35":"tag-rc-lens","36":"tag-resultat","37":"tag-score","38":"tag-sports","39":"tag-transfert","40":"tag-uefa"},"share_on_mastodon":{"url":"https:\/\/pubeurope.com\/@fr\/114943961709848873","error":""},"_links":{"self":[{"href":"https:\/\/www.europesays.com\/fr\/wp-json\/wp\/v2\/posts\/285081","targetHints":{"allow":["GET"]}}],"collection":[{"href":"https:\/\/www.europesays.com\/fr\/wp-json\/wp\/v2\/posts"}],"about":[{"href":"https:\/\/www.europesays.com\/fr\/wp-json\/wp\/v2\/types\/post"}],"author":[{"embeddable":true,"href":"https:\/\/www.europesays.com\/fr\/wp-json\/wp\/v2\/users\/2"}],"replies":[{"embeddable":true,"href":"https:\/\/www.europesays.com\/fr\/wp-json\/wp\/v2\/comments?post=285081"}],"version-history":[{"count":0,"href":"https:\/\/www.europesays.com\/fr\/wp-json\/wp\/v2\/posts\/285081\/revisions"}],"wp:featuredmedia":[{"embeddable":true,"href":"https:\/\/www.europesays.com\/fr\/wp-json\/wp\/v2\/media\/285082"}],"wp:attachment":[{"href":"https:\/\/www.europesays.com\/fr\/wp-json\/wp\/v2\/media?parent=285081"}],"wp:term":[{"taxonomy":"category","embeddable":true,"href":"https:\/\/www.europesays.com\/fr\/wp-json\/wp\/v2\/categories?post=285081"},{"taxonomy":"post_tag","embeddable":true,"href":"https:\/\/www.europesays.com\/fr\/wp-json\/wp\/v2\/tags?post=285081"}],"curies":[{"name":"wp","href":"https:\/\/api.w.org\/{rel}","templated":true}]}}