{"id":285095,"date":"2025-07-30T20:07:09","date_gmt":"2025-07-30T20:07:09","guid":{"rendered":"https:\/\/www.europesays.com\/fr\/285095\/"},"modified":"2025-07-30T20:07:09","modified_gmt":"2025-07-30T20:07:09","slug":"la-mode-du-tatouage-de-soleil-inquiete-jusquau-ministre-de-la-sante-yannick-neuder","status":"publish","type":"post","link":"https:\/\/www.europesays.com\/fr\/285095\/","title":{"rendered":"La mode du \u00ab\u00a0tatouage de soleil\u00a0\u00bb inqui\u00e8te jusqu&rsquo;au ministre de la Sant\u00e9, Yannick Neuder"},"content":{"rendered":"<p>C&rsquo;est une pratique en vogue sur TikTok ou Instagram\u00a0: des tatouages \u00e9ph\u00e9m\u00e8res r\u00e9alis\u00e9s gr\u00e2ce \u00e0 une exposition prolong\u00e9e au soleil. R\u00e9sultat\u00a0: des dessins blancs sur la peau et surtout, d&rsquo;\u00e9normes risques pris par des jeunes inconscients du danger. <\/p>\n<p>\u00ab\u00a0Sun tattoos\u00a0\u00bb, \u00ab\u00a0burn lines\u00a0\u00bb ou \u00ab\u00a0tan lines\u00a0\u00bb, peu importe l&rsquo;appellation, ce sont des pratiques encourag\u00e9es sur les r\u00e9seaux sociaux comme TikTok ou Intagram qui montrent des <strong>tatouages \u00e9ph\u00e9m\u00e8res<\/strong> r\u00e9alis\u00e9s gr\u00e2ce au soleil.<\/p>\n<p>Un ph\u00e9nom\u00e8ne de mode qui inqui\u00e8te les dermatologues car\u00a0<strong>la pratique repose sur un coup de soleil<\/strong> qui met en avant une forme blanche r\u00e9alis\u00e9e gr\u00e2ce \u00e0 un pochoir ou \u00e0 une marque de cr\u00e8me solaire.<\/p>\n<p>Inqui\u00e9tude aussi pour Magali Maugeri, la directrice de la Ligue contre le cancer dans les Bouches-du-Rh\u00f4ne, qui parle de v\u00e9ritables\u00a0br\u00fblures\u00a0: \u00ab\u00a0Nous n&rsquo;avons qu&rsquo;une seule peau et ces jeunes qui se br\u00fblent au soleil n&rsquo;ont <strong>pas conscience qu&rsquo;ils pourront d\u00e9velopper un cance<\/strong>r entre 30 et 40 ans.\u00a0\u00bb<\/p>\n<p>\u00ab\u00a0Je ne mets de la cr\u00e8me solaire que sur le visage, parce que c&rsquo;est la partie de mon corps que je vois tous les jours\u00a0\u00bb<\/p>\n<p>Le probl\u00e8me, c&rsquo;est que ce ph\u00e9nom\u00e8ne de mode plait beaucoup aux jeunes\u00a0:\u00a0\u00ab\u00a0C&rsquo;est dr\u00f4le, on peut faire un soleil ou une \u00e9toile sur sa peau\u00a0\u00bb, explique Cam\u00e9lia, 17ans, rencontr\u00e9e plage de la Couronne \u00e0 Martigues.\u00a0<strong>\u00ab\u00a0Le cancer de la peau, nous, on n&rsquo;y pense pas,<\/strong> parce qu&rsquo;on est jeunes, peut \u00eatre qu&rsquo;on le regrettera plus tard.\u00a0\u00bb<\/p>\n<p>Plus grave encore, des jeunes qui ignorent les dangers d&rsquo;une <strong>exposition au soleil sans protection<\/strong>. C&rsquo;est le cas de Nassim\u00a0:\u00a0\u00ab\u00a0Ah bon\u00a0? \u00c7a peut \u00eatre dangereux\u00a0? Je pensais qu&rsquo;il ne s&rsquo;agissait que de bronzage, moi en tous cas je ne mets jamais de cr\u00e8me solaire.\u00a0\u00bb<\/p>\n<p>Depuis 1990, le nombre de cancers de la peau a \u00e9t\u00e9 multipli\u00e9 par trois en France<\/p>\n<p>Une tendance tellement inqui\u00e9tante que le ministre de la Sant\u00e9 est mont\u00e9 au cr\u00e9neau lundi pour alerter des dangers du \u00ab\u00a0tatouage de soleil\u00a0\u00bb. \u00ab\u00a0Il faut arr\u00eater tout \u00e7a, c&rsquo;est tr\u00e8s dangereux\u00a0!\u00a0\u00bb clame\u00a0Yannick Neuder. Chaque ann\u00e9e, pr\u00e9cise-t-il, <strong>140.000 \u00e0 250.000 cas de cancers de la peau<\/strong> sont diagnostiqu\u00e9s en France et sont dus, \u00ab\u00a0dans 85% des cas, \u00e0 une exposition excessive aux UV naturels ou artificiels\u00a0\u00bb,\u00a0pr\u00e9cise-t-il, citant Sant\u00e9 publique France.<\/p>\n<p>\u00ab\u00a0Votre peau c&rsquo;est votre vie, <strong>ne la sacrifiez pas pour 30 secondes de buzz<\/strong>\u00ab\u00a0, insiste le ministre.<\/p>\n<p>La Ligue contre le cancer a lanc\u00e9 au d\u00e9but de l&rsquo;\u00e9t\u00e9 sa <strong>campagne de sensibilisation aux risques du soleil<\/strong>, une campagne baptis\u00e9e <a class=\"IciLink ici-link IciArticleLink g-ici-body-regular-1 underline brand svelte-lu7k6w\" href=\"https:\/\/www.francebleu.fr\/emissions\/l-info-d-ici-ici-herault\/on-est-pas-des-saucisses-la-ligue-contre-le-cancer-alerte-sur-les-risques-d-une-exposition-prolongee-au-soleil-2375538\" rel=\"nofollow noopener\" target=\"_blank\">\u00ab\u00a0On n&rsquo;est pas des saucisses\u00a0\u00bb<\/a>. Selon l&rsquo;association,\u00a0le nombre de cancers de la peau imputables \u00e0 une exposition au soleil sans protection a \u00e9t\u00e9 multipli\u00e9 par trois depuis 1990.<\/p>\n","protected":false},"excerpt":{"rendered":"C&rsquo;est une pratique en vogue sur TikTok ou Instagram\u00a0: des tatouages \u00e9ph\u00e9m\u00e8res r\u00e9alis\u00e9s gr\u00e2ce \u00e0 une exposition prolong\u00e9e&hellip;\n","protected":false},"author":2,"featured_media":285096,"comment_status":"","ping_status":"","sticky":false,"template":"","format":"standard","meta":{"footnotes":""},"categories":[10],"tags":[1011,27,72,71],"class_list":{"0":"post-285095","1":"post","2":"type-post","3":"status-publish","4":"format-standard","5":"has-post-thumbnail","7":"category-sante","8":"tag-fr","9":"tag-france","10":"tag-health","11":"tag-sante"},"share_on_mastodon":{"url":"","error":""},"_links":{"self":[{"href":"https:\/\/www.europesays.com\/fr\/wp-json\/wp\/v2\/posts\/285095","targetHints":{"allow":["GET"]}}],"collection":[{"href":"https:\/\/www.europesays.com\/fr\/wp-json\/wp\/v2\/posts"}],"about":[{"href":"https:\/\/www.europesays.com\/fr\/wp-json\/wp\/v2\/types\/post"}],"author":[{"embeddable":true,"href":"https:\/\/www.europesays.com\/fr\/wp-json\/wp\/v2\/users\/2"}],"replies":[{"embeddable":true,"href":"https:\/\/www.europesays.com\/fr\/wp-json\/wp\/v2\/comments?post=285095"}],"version-history":[{"count":0,"href":"https:\/\/www.europesays.com\/fr\/wp-json\/wp\/v2\/posts\/285095\/revisions"}],"wp:featuredmedia":[{"embeddable":true,"href":"https:\/\/www.europesays.com\/fr\/wp-json\/wp\/v2\/media\/285096"}],"wp:attachment":[{"href":"https:\/\/www.europesays.com\/fr\/wp-json\/wp\/v2\/media?parent=285095"}],"wp:term":[{"taxonomy":"category","embeddable":true,"href":"https:\/\/www.europesays.com\/fr\/wp-json\/wp\/v2\/categories?post=285095"},{"taxonomy":"post_tag","embeddable":true,"href":"https:\/\/www.europesays.com\/fr\/wp-json\/wp\/v2\/tags?post=285095"}],"curies":[{"name":"wp","href":"https:\/\/api.w.org\/{rel}","templated":true}]}}