{"id":285101,"date":"2025-07-30T20:10:12","date_gmt":"2025-07-30T20:10:12","guid":{"rendered":"https:\/\/www.europesays.com\/fr\/285101\/"},"modified":"2025-07-30T20:10:12","modified_gmt":"2025-07-30T20:10:12","slug":"vega-c-symbole-des-nouvelles-peurs-strategiques-de-leurope","status":"publish","type":"post","link":"https:\/\/www.europesays.com\/fr\/285101\/","title":{"rendered":"Vega-C, symbole des nouvelles peurs strat\u00e9giques de l\u2019Europe"},"content":{"rendered":"<p><img fetchpriority=\"high\" decoding=\"async\" width=\"1024\" height=\"578\" src=\"https:\/\/www.europesays.com\/fr\/wp-content\/uploads\/2025\/07\/vega-c-lancement-protection-planete-1024x578.webp.webp\" alt=\"Fus\u00e9e traversant un \u00e9pais nuage orange au moment de son d\u00e9collage\" class=\"wp-image-984837\"  \/>La fus\u00e9e s\u2019\u00e9l\u00e8ve dans un nuage incandescent, marquant le d\u00e9but de son voyage vers l\u2019espace \u2013 DailyGeekShow.com<\/p>\n<p><strong>Le 25 juillet 2025, \u00e0 23 h 03, le lanceur europ\u00e9en Vega-C s\u2019est \u00e9lev\u00e9 dans le ciel de Guyane depuis le centre spatial de Kourou. Sa mission ? <\/strong><\/p>\n<p>Placer en <strong>orbite cinq <a href=\"https:\/\/dailygeekshow.com\/ce-nest-plus-de-la-science-fiction-la-nasa-va-lancer-deux-satellites-tracers-pour-sauver-la-terre-dun-blackout-mondial-annonce\/\" rel=\"nofollow noopener\" target=\"_blank\">satellites<\/a><\/strong>. Quatre d\u2019entre eux serviront \u00e0 la cartographie 3D du globe, tandis que le cinqui\u00e8me mesurera le CO2 atmosph\u00e9rique. Au-del\u00e0 de la prouesse technologique, ce lancement marque un tournant : l\u2019espace devient un territoire sous tension. D\u00e9sormais, les enjeux strat\u00e9giques europ\u00e9ens s\u2019affirment face \u00e0 de nouvelles peurs.<\/p>\n<p>Lire aussi <a href=\"https:\/\/dailygeekshow.com\/ce-quon-decouvre-depasse-tout-ce-quon-imaginait-james-webb-devoile-une-nouvelle-scene-cosmique-inouie\/\" rel=\"nofollow noopener\" target=\"_blank\">\u00ab\u202fCe qu\u2019on d\u00e9couvre d\u00e9passe tout ce qu\u2019on imaginait\u202f\u00bb : James-Webb d\u00e9voile une nouvelle sc\u00e8ne cosmique inou\u00efe dans la n\u00e9buleuse du Chat<\/a><\/p>\n<p>Cartographier la Terre et le climat avec pr\u00e9cision pour anticiper les d\u00e9fis de demain<\/p>\n<p>Vega-C a embarqu\u00e9 les satellites <strong>CO3D<\/strong>, con\u00e7us pour produire une cartographie haute r\u00e9solution et tridimensionnelle de la plan\u00e8te. Fruit d\u2019une collaboration entre <strong>Airbus Defence and Space<\/strong> et le <strong>CNES<\/strong>, ces quatre engins fourniront des donn\u00e9es pr\u00e9cieuses sur l\u2019\u00e9volution des territoires, les risques naturels et les dynamiques urbaines.<\/p>\n<p>En parall\u00e8le, le satellite <strong>MicroCarb<\/strong>, con\u00e7u avec la Grande-Bretagne, a pour mission de <strong>mesurer les flux de CO2<\/strong> \u00e0 l\u2019\u00e9chelle mondiale. Dans le contexte de la crise climatique, cette mission devient cruciale. <\/p>\n<p>Elle nous aide \u00e0 mieux comprendre les origines du r\u00e9chauffement global, tout en nous donnant les moyens d\u2019agir plus efficacement. Ainsi, Vega-C porte une double ambition : observer la Terre avec pr\u00e9cision et contribuer activement \u00e0 la lutte contre le changement climatique.<\/p>\n<p>Lire aussi <a href=\"https:\/\/dailygeekshow.com\/un-ciel-noir-un-voeu-et-des-dizaines-detoiles-par-minute-le-guide-pour-vivre-la-meilleure-nuit-daout\/\" rel=\"nofollow noopener\" target=\"_blank\">\u00ab Un ciel noir, un v\u0153u et des dizaines d\u2019\u00e9toiles par minute \u00bb : le guide pour vivre la meilleure nuit d\u2019ao\u00fbt<\/a><\/p>\n<p>Une d\u00e9fense a\u00e9rienne exceptionnelle pour s\u00e9curiser chaque seconde du lancement<\/p>\n<p>Cependant, une telle mission n\u2019aurait pu \u00eatre men\u00e9e sans une s\u00e9curisation militaire exceptionnelle. Les <strong><a href=\"https:\/\/dailygeekshow.com\/avions-atterrir-seuls\/\" rel=\"nofollow noopener\" target=\"_blank\">Aviateurs<\/a> de la base 367 \u00ab\u00a0Capitaine Fran\u00e7ois Mass\u00e9\u00a0\u00bb<\/strong> ont \u00e9t\u00e9 mobilis\u00e9s pour encadrer le lancement. <\/p>\n<p>Leur mission ? D\u00e9ployer une <strong>bulle de protection a\u00e9rienne<\/strong>, baptis\u00e9e DPSA (Dispositif Particulier de S\u00fbret\u00e9 A\u00e9rienne). Ce dispositif interdit toute intrusion dans une zone d\u00e9termin\u00e9e, le temps de l\u2019op\u00e9ration.<\/p>\n<p>Dans les airs, deux h\u00e9licopt\u00e8res <strong>Fennec<\/strong>, avec tireurs embarqu\u00e9s, assurent la vigilance. Au sol, un <strong>Puma<\/strong> soutient les \u00e9quipes terrestres. Pour compl\u00e9ter ce dispositif, les radars <strong>GM406 et Centaure<\/strong> surveillent le trafic a\u00e9rien en temps r\u00e9el. Cette organisation s\u2019inscrit dans le cadre de l\u2019<strong>op\u00e9ration Titan<\/strong>, men\u00e9e en continu par les Forces arm\u00e9es en Guyane pour garantir la s\u00e9curit\u00e9 du centre spatial.<\/p>\n<p>Lire aussi <a href=\"https:\/\/dailygeekshow.com\/phenomene-onde-jupiter\/\" rel=\"nofollow noopener\" target=\"_blank\">Un ph\u00e9nom\u00e8ne sans pr\u00e9c\u00e9dent dans le Syst\u00e8me solaire d\u00e9tect\u00e9 pr\u00e8s de Jupiter<\/a><\/p>\n<p>Reprendre le contr\u00f4le de l\u2019orbite : une ambition politique et strat\u00e9gique pour l\u2019Europe<\/p>\n<p>Pourquoi mobiliser autant de ressources pour un vol civil ? Parce que <strong>l\u2019acc\u00e8s autonome \u00e0 <a href=\"https:\/\/dailygeekshow.com\/voyager-dans-lespace-modifie-vos-globules-rouges-et-votre-vision-des-le-premier-mois\/\" rel=\"nofollow noopener\" target=\"_blank\">l\u2019espace<\/a> est devenu un enjeu g\u00e9opolitique majeur<\/strong>. La disparition d\u2019Ariane 5, les retards d\u2019Ariane 6, ainsi que la d\u00e9pendance envers des lanceurs \u00e9trangers, ont mis en lumi\u00e8re la vuln\u00e9rabilit\u00e9 de l\u2019Europe. Le succ\u00e8s du lancement de Vega-C vient r\u00e9pondre \u00e0 cette fragilit\u00e9.<\/p>\n<p>Ce vol, bien que modeste, porte un message fort. Il incarne une volont\u00e9 claire : celle de <strong>reprendre le contr\u00f4le de l\u2019orbite<\/strong>. Dans un espace de plus en plus disput\u00e9, chaque lancement devient une affirmation de souverainet\u00e9. Chaque satellite repr\u00e9sente un levier strat\u00e9gique. Derri\u00e8re les images spectaculaires de la fus\u00e9e qui s\u2019\u00e9l\u00e8ve, se cache une v\u00e9rit\u00e9 plus profonde : l\u2019Europe veut affirmer sa place dans le ciel, et elle se donne les moyens de le faire.<\/p>\n","protected":false},"excerpt":{"rendered":"La fus\u00e9e s\u2019\u00e9l\u00e8ve dans un nuage incandescent, marquant le d\u00e9but de son voyage vers l\u2019espace \u2013 DailyGeekShow.com Le&hellip;\n","protected":false},"author":2,"featured_media":285102,"comment_status":"","ping_status":"","sticky":false,"template":"","format":"standard","meta":{"footnotes":""},"categories":[7],"tags":[1011,27,43,40,41,39,42,44],"class_list":{"0":"post-285101","1":"post","2":"type-post","3":"status-publish","4":"format-standard","5":"has-post-thumbnail","7":"category-sciences-et-technologies","8":"tag-fr","9":"tag-france","10":"tag-science","11":"tag-science-and-technology","12":"tag-sciences","13":"tag-sciences-et-technologies","14":"tag-technologies","15":"tag-technology"},"share_on_mastodon":{"url":"https:\/\/pubeurope.com\/@fr\/114944004874290238","error":""},"_links":{"self":[{"href":"https:\/\/www.europesays.com\/fr\/wp-json\/wp\/v2\/posts\/285101","targetHints":{"allow":["GET"]}}],"collection":[{"href":"https:\/\/www.europesays.com\/fr\/wp-json\/wp\/v2\/posts"}],"about":[{"href":"https:\/\/www.europesays.com\/fr\/wp-json\/wp\/v2\/types\/post"}],"author":[{"embeddable":true,"href":"https:\/\/www.europesays.com\/fr\/wp-json\/wp\/v2\/users\/2"}],"replies":[{"embeddable":true,"href":"https:\/\/www.europesays.com\/fr\/wp-json\/wp\/v2\/comments?post=285101"}],"version-history":[{"count":0,"href":"https:\/\/www.europesays.com\/fr\/wp-json\/wp\/v2\/posts\/285101\/revisions"}],"wp:featuredmedia":[{"embeddable":true,"href":"https:\/\/www.europesays.com\/fr\/wp-json\/wp\/v2\/media\/285102"}],"wp:attachment":[{"href":"https:\/\/www.europesays.com\/fr\/wp-json\/wp\/v2\/media?parent=285101"}],"wp:term":[{"taxonomy":"category","embeddable":true,"href":"https:\/\/www.europesays.com\/fr\/wp-json\/wp\/v2\/categories?post=285101"},{"taxonomy":"post_tag","embeddable":true,"href":"https:\/\/www.europesays.com\/fr\/wp-json\/wp\/v2\/tags?post=285101"}],"curies":[{"name":"wp","href":"https:\/\/api.w.org\/{rel}","templated":true}]}}