{"id":285103,"date":"2025-07-30T20:11:09","date_gmt":"2025-07-30T20:11:09","guid":{"rendered":"https:\/\/www.europesays.com\/fr\/285103\/"},"modified":"2025-07-30T20:11:09","modified_gmt":"2025-07-30T20:11:09","slug":"la-fed-maintient-ses-taux-dinteret-inchanges-au-grand-dam-de-donald-trump","status":"publish","type":"post","link":"https:\/\/www.europesays.com\/fr\/285103\/","title":{"rendered":"La Fed maintient ses taux d\u2019int\u00e9r\u00eat inchang\u00e9s, au grand dam de Donald Trump"},"content":{"rendered":"<p>Le march\u00e9 du travail reste \u00absolide\u00bb, avec un taux de ch\u00f4mage \u00abbas\u00bb, affirme la banque centrale am\u00e9ricaine, dont la d\u00e9cision suscite l\u2019ire de deux gouverneurs.<\/p>\n<p class=\"fig-paragraph\">La banque centrale des\u00a0<a href=\"http:\/\/www.lefigaro.fr\/conjoncture\/droits-de-douane-d-ou-vient-l-enorme-excedent-commercial-irlandais-vis-a-vis-des-etats-unis-20250729\" data-fig-type=\"NewsFlash\" data-gtm-custom-categorie=\"navigation\" data-gtm-custom-action=\"crossclick\" data-gtm-custom-label=\"Contextuel\" data-gtm-event=\"customEventSPE\" data-fig-domain=\"LEFIGARO\" rel=\"nofollow noopener\" target=\"_blank\">\u00c9tats-Unis<\/a>\u00a0(Fed) a sans surprise laiss\u00e9 ses taux d&rsquo;int\u00e9r\u00eat inchang\u00e9s mercredi, pour la cinqui\u00e8me fois de suite, une d\u00e9cision marqu\u00e9e par la rare opposition de\u00a0<a href=\"http:\/\/www.lefigaro.fr\/international\/le-debat-sans-concessions-entre-deux-gouverneurs-de-deux-grands-etats-americains-que-tout-oppose-20231201\" data-fig-type=\"Article\" data-gtm-custom-categorie=\"navigation\" data-gtm-custom-action=\"crossclick\" data-gtm-custom-label=\"Contextuel\" data-gtm-event=\"customEventSPE\" data-fig-domain=\"LEFIGARO\" rel=\"nofollow noopener\" target=\"_blank\">deux gouverneurs<\/a>\u00a0qui souhaitaient une baisse. Dans son communiqu\u00e9, la R\u00e9serve f\u00e9d\u00e9rale remarque que la croissance am\u00e9ricaine a \u00abralenti au premier semestre\u00bb 2025 mais que le march\u00e9 du travail reste \u00absolide\u00bb, avec un taux de ch\u00f4mage \u00abbas\u00bb. Le texte souligne que l\u2019incertitude \u00abreste \u00e9lev\u00e9e\u00bb. La banque centrale avait \u00e9crit six semaines plus t\u00f4t que l\u2019incertitude avait diminu\u00e9, une mention qui a disparu.<\/p>\n<p class=\"fig-paragraph\">Les taux directeurs &#8211; qui guident le co\u00fbt du cr\u00e9dit et ont un fort impact sur les march\u00e9s &#8211; demeurent donc au niveau qui est le leur depuis d\u00e9cembre, dans une fourchette comprise entre 4,25% et 4,50%. La d\u00e9cision, largement anticip\u00e9e par les investisseurs, n\u2019a pas \u00e9t\u00e9 prise \u00e0 l\u2019unanimit\u00e9. Sur douze membres du comit\u00e9 de politique mon\u00e9taire (FOMC), deux ont vot\u00e9 contre, une situation qui ne s\u2019\u00e9tait pas produite depuis plus de 30 ans. Michelle Bowman et Christopher Waller ont fait entendre leur diff\u00e9rence.<\/p>\n<p>                                    <a class=\"fig-a11y-skip a11y-hidden\" href=\"#fig-a11y-skip-main-inarticle\"><br \/>\n        Passer la publicit\u00e9<br \/>\n    <\/a><\/p>\n<p class=\"fig-paragraph\">Le communiqu\u00e9 pr\u00e9cise qu\u2019ils plaidaient pour une baisse de taux d\u2019un quart de point. Les deux gouverneurs avaient \u00e9t\u00e9 propuls\u00e9s \u00e0 leur poste pendant le premier passage de Donald Trump \u00e0 la Maison Blanche. Mme Bowman a r\u00e9cemment \u00e9t\u00e9 nomm\u00e9e, \u00e0 l\u2019initiative du chef de l\u2019\u00c9tat, vice-pr\u00e9sidente de la Fed charg\u00e9e de la supervision du syst\u00e8me bancaire. M. Waller est vu comme un possible successeur du pr\u00e9sident actuel Jerome Powell, contin\u00fbment \u00e9reint\u00e9 par Donald Trump.<\/p>\n<p class=\"fig-paragraph\">Le gouverneur Waller avait publiquement fait savoir qu\u2019il souhaitait une baisse de taux, de crainte que le march\u00e9 du travail ne se d\u00e9grade trop fortement. Sa coll\u00e8gue avait \u00e9galement dit qu\u2019elle penchait dans ce sens, m\u00eame si moins fermement en apparence. Les analystes avaient relev\u00e9, avant la r\u00e9union, qu\u2019il fallait remonter \u00e0 1993 pour voir deux gouverneurs (et pas simplement des membres du FOMC ayant le droit de vote) s\u2019opposer \u00e0 une d\u00e9cision au cours d\u2019une m\u00eame r\u00e9union.<\/p>\n<p>Pressions pr\u00e9sidentielles continues<\/p>\n<p class=\"fig-paragraph\">Diane Swonk, \u00e9conomiste pour KPMG, avait estim\u00e9 avant la r\u00e9union qu\u2019il n\u2019\u00e9tait \u00abpas \u00e9tonnant de voir des dissensions compte tenu de l\u2019immense incertitude\u00bb au sujet des r\u00e9percussions de l\u2019offensive protectionniste de Donald Trump. \u00abNous savons que la Fed aurait aim\u00e9 abaisser les taux avant, et qu\u2019elle ne l\u2019a pas fait \u00e0 cause des droits de douane\u00bb, avait-elle soulign\u00e9 aupr\u00e8s de l\u2019AFP.<\/p>\n<p class=\"fig-paragraph\">La Fed s\u2019attend \u00e0 ce que la vol\u00e9e de nouveaux droits de douane sur les produits entrant aux \u00c9tats-Unis se traduise par une croissance ralentie, plus d\u2019inflation et plus de ch\u00f4mage. Elle a jusqu\u2019ici expliqu\u00e9 que l\u2019immobilit\u00e9 \u00e9tait pr\u00e9f\u00e9rable, le temps d\u2019y voir plus clair sur l\u2019atterrissage de l\u2019\u00e9conomie am\u00e9ricaine. M. Powell tiendra sa traditionnelle conf\u00e9rence de presse \u00e0 18h30 GMT.<\/p>\n<p class=\"fig-paragraph\">Dans la matin\u00e9e, Donald Trump l\u2019a une nouvelle fois appel\u00e9 \u00e0 baisser les taux, juste apr\u00e8s la publication des chiffres de la croissance pour le deuxi\u00e8me trimestre. \u00ab3%, BIEN MIEUX QU\u2019ATTENDU\u00a0!\u00bb a-t-il salu\u00e9, ajoutant que \u00ab\u201cTrop Tard\u201d Powell (le surnom qu\u2019il donne au patron de la Fed, NDLR) DOIT MAINTENANT BAISSER LES TAUX\u00bb pour faciliter l\u2019acc\u00e8s au cr\u00e9dit immobilier.<\/p>\n<p>                                    <a class=\"fig-a11y-skip a11y-hidden\" href=\"#fig-a11y-skip-main-inarticle_mtf\"><br \/>\n        Passer la publicit\u00e9<br \/>\n    <\/a><\/p>\n<p class=\"fig-paragraph\">Le communiqu\u00e9 de la Fed montre que celle-ci n\u2019est gu\u00e8re rassur\u00e9e par les chiffres du PIB\u00a0: certes, le deuxi\u00e8me trimestre s\u2019affiche \u00e0 +3% en rythme annualis\u00e9, mais le premier avait \u00e9t\u00e9 en contraction de 0,5%. Mise bout \u00e0 bout, la croissance est plus faible que ce \u00e0 quoi la premi\u00e8re \u00e9conomie mondiale \u00e9tait habitu\u00e9e ces derni\u00e8res ann\u00e9es.<\/p>\n","protected":false},"excerpt":{"rendered":"Le march\u00e9 du travail reste \u00absolide\u00bb, avec un taux de ch\u00f4mage \u00abbas\u00bb, affirme la banque centrale am\u00e9ricaine, dont&hellip;\n","protected":false},"author":2,"featured_media":285104,"comment_status":"","ping_status":"","sticky":false,"template":"","format":"standard","meta":{"footnotes":""},"categories":[6],"tags":[35,33,34,73,7512,1011,27],"class_list":{"0":"post-285103","1":"post","2":"type-post","3":"status-publish","4":"format-standard","5":"has-post-thumbnail","7":"category-economie","8":"tag-business","9":"tag-economie","10":"tag-economy","11":"tag-etats-unis","12":"tag-fed","13":"tag-fr","14":"tag-france"},"share_on_mastodon":{"url":"https:\/\/pubeurope.com\/@fr\/114944008681279987","error":""},"_links":{"self":[{"href":"https:\/\/www.europesays.com\/fr\/wp-json\/wp\/v2\/posts\/285103","targetHints":{"allow":["GET"]}}],"collection":[{"href":"https:\/\/www.europesays.com\/fr\/wp-json\/wp\/v2\/posts"}],"about":[{"href":"https:\/\/www.europesays.com\/fr\/wp-json\/wp\/v2\/types\/post"}],"author":[{"embeddable":true,"href":"https:\/\/www.europesays.com\/fr\/wp-json\/wp\/v2\/users\/2"}],"replies":[{"embeddable":true,"href":"https:\/\/www.europesays.com\/fr\/wp-json\/wp\/v2\/comments?post=285103"}],"version-history":[{"count":0,"href":"https:\/\/www.europesays.com\/fr\/wp-json\/wp\/v2\/posts\/285103\/revisions"}],"wp:featuredmedia":[{"embeddable":true,"href":"https:\/\/www.europesays.com\/fr\/wp-json\/wp\/v2\/media\/285104"}],"wp:attachment":[{"href":"https:\/\/www.europesays.com\/fr\/wp-json\/wp\/v2\/media?parent=285103"}],"wp:term":[{"taxonomy":"category","embeddable":true,"href":"https:\/\/www.europesays.com\/fr\/wp-json\/wp\/v2\/categories?post=285103"},{"taxonomy":"post_tag","embeddable":true,"href":"https:\/\/www.europesays.com\/fr\/wp-json\/wp\/v2\/tags?post=285103"}],"curies":[{"name":"wp","href":"https:\/\/api.w.org\/{rel}","templated":true}]}}