{"id":285105,"date":"2025-07-30T20:13:10","date_gmt":"2025-07-30T20:13:10","guid":{"rendered":"https:\/\/www.europesays.com\/fr\/285105\/"},"modified":"2025-07-30T20:13:10","modified_gmt":"2025-07-30T20:13:10","slug":"je-ne-voulais-pas-nuire-aux-musulmans-prison-ferme-pour-lhomme-qui-avait-brule-un-coran-a-villeurbanne","status":"publish","type":"post","link":"https:\/\/www.europesays.com\/fr\/285105\/","title":{"rendered":"\u00ab\u00a0Je ne voulais pas nuire aux musulmans\u00a0\u00bb\u00a0: prison ferme pour l\u2019homme qui avait br\u00fbl\u00e9 un coran \u00e0 Villeurbanne"},"content":{"rendered":"<p class=\"paragraph text_align_left lp-f-body-02\">\u00c0 l\u2019issue de l\u2019audience, le tribunal a globalement suivi les r\u00e9quisitions du Procureur et a condamn\u00e9 Lionel M. \u00e0 9 mois ferme, auxquels s\u2019ajoutent 3 mois de sursis probatoire \u00e0 ex\u00e9cuter, soit 12 mois ferme avec mandat de d\u00e9p\u00f4t. En plus du pr\u00e9judice moral \u00e0 verser aux parties civiles, il a \u00e9t\u00e9 condamn\u00e9 \u00e0 une interdiction de para\u00eetre dans la commune de Villeurbanne durant 2 ans. Kamel Kabtane, Recteur de la Grande Mosqu\u00e9e de Lyon a indiqu\u00e9 \u00e0 la sortie que \u00ab la communaut\u00e9 musulmane est heureuse d\u2019avoir \u00e9t\u00e9 entendue \u00bb.<\/p>\n","protected":false},"excerpt":{"rendered":"\u00c0 l\u2019issue de l\u2019audience, le tribunal a globalement suivi les r\u00e9quisitions du Procureur et a condamn\u00e9 Lionel M.&hellip;\n","protected":false},"author":2,"featured_media":285106,"comment_status":"","ping_status":"","sticky":false,"template":"","format":"standard","meta":{"footnotes":""},"categories":[4],"tags":[11,459,118,1011,27,12,25],"class_list":{"0":"post-285105","1":"post","2":"type-post","3":"status-publish","4":"format-standard","5":"has-post-thumbnail","7":"category-france","8":"tag-actualites","9":"tag-departements-horsidfo","10":"tag-faits-divers","11":"tag-fr","12":"tag-france","13":"tag-news","14":"tag-republique-francaise"},"share_on_mastodon":{"url":"https:\/\/pubeurope.com\/@fr\/114944016673826203","error":""},"_links":{"self":[{"href":"https:\/\/www.europesays.com\/fr\/wp-json\/wp\/v2\/posts\/285105","targetHints":{"allow":["GET"]}}],"collection":[{"href":"https:\/\/www.europesays.com\/fr\/wp-json\/wp\/v2\/posts"}],"about":[{"href":"https:\/\/www.europesays.com\/fr\/wp-json\/wp\/v2\/types\/post"}],"author":[{"embeddable":true,"href":"https:\/\/www.europesays.com\/fr\/wp-json\/wp\/v2\/users\/2"}],"replies":[{"embeddable":true,"href":"https:\/\/www.europesays.com\/fr\/wp-json\/wp\/v2\/comments?post=285105"}],"version-history":[{"count":0,"href":"https:\/\/www.europesays.com\/fr\/wp-json\/wp\/v2\/posts\/285105\/revisions"}],"wp:featuredmedia":[{"embeddable":true,"href":"https:\/\/www.europesays.com\/fr\/wp-json\/wp\/v2\/media\/285106"}],"wp:attachment":[{"href":"https:\/\/www.europesays.com\/fr\/wp-json\/wp\/v2\/media?parent=285105"}],"wp:term":[{"taxonomy":"category","embeddable":true,"href":"https:\/\/www.europesays.com\/fr\/wp-json\/wp\/v2\/categories?post=285105"},{"taxonomy":"post_tag","embeddable":true,"href":"https:\/\/www.europesays.com\/fr\/wp-json\/wp\/v2\/tags?post=285105"}],"curies":[{"name":"wp","href":"https:\/\/api.w.org\/{rel}","templated":true}]}}