{"id":285114,"date":"2025-07-30T20:22:17","date_gmt":"2025-07-30T20:22:17","guid":{"rendered":"https:\/\/www.europesays.com\/fr\/285114\/"},"modified":"2025-07-30T20:22:17","modified_gmt":"2025-07-30T20:22:17","slug":"la-jeune-garde-du-rct-prete-a-prendre-du-galon-cette-saison","status":"publish","type":"post","link":"https:\/\/www.europesays.com\/fr\/285114\/","title":{"rendered":"La jeune garde du RCT pr\u00eate \u00e0 prendre du galon cette saison"},"content":{"rendered":"<p>Au Campus RCT, les jeunes poussent. Et le visage de l\u2019effectif pour la saison \u00e0 venir le traduit bien.<\/p>\n<p>Damond, M\u00e9zou, Shioshvili, Quere-Karaba, Cowie, Domon\u2026 La saison 2025-2026 promet de mettre la jeunesse toulonnaise \u00e0 l\u2019honneur, comme rarement ces derni\u00e8res ann\u00e9es. \u00ab\u00a0On n\u2019a pas recrut\u00e9 \u00e0 certains postes car on se nourrit aussi de nos Espoirs, justifiait ce mardi Pierre Mignoni, lors de la conf\u00e9rence de presse de rentr\u00e9e. Le but est de remplir notre effectif avec des jeunes qui ont le niveau. Et ces joueurs-l\u00e0 ont le niveau.\u00a0\u00bb<\/p>\n<p>Tuifua, Fert\u00e9, Garcia\u2026 Roulez jeunesse!<\/p>\n<p>Avec une dizaine de d\u00e9parts pour seulement sept recrues, la direction a en effet d\u00e9graiss\u00e9, tant sur le plan des non-Jiff (joueurs issus des fili\u00e8res de formation) que sur celui de la masse salariale. En t\u00e9moignent les d\u00e9parts de \u00ab\u00a0gros poissons\u00a0\u00bb tels qu\u2019Isa, Biggar, Paia\u2019aua, Fainga\u2019anuku ou Wainiqolo. \u00ab\u00a0On a essay\u00e9 de les pallier et, on l\u2019esp\u00e8re, d\u2019am\u00e9liorer encore et toujours le niveau de l\u2019\u00e9quipe, tout en int\u00e9grant notre jeune garde qui pousse, comme on l\u2019a vu cette saison avec la finale des Espoirs\u00a0\u00bb, expliquait Laurent Emmanuelli, directeur sportif, au moment de pr\u00e9senter le groupe pour l\u2019exercice \u00e0 venir.<\/p>\n<p>Les arriv\u00e9es du puissant troisi\u00e8me ligne Patrick Tuifua (20 ans), du polyvalent Mathis Fert\u00e9 (21 ans) et de l\u2019ouvreur Mat\u00e9o Garcia (22 ans) s\u2019inscrivent ainsi dans le cadre du rajeunissement voulu par le staff et la direction. Une volont\u00e9 qui s\u2019accompagne d\u2019une autre: celle de les encadrer avec des hommes d\u2019exp\u00e9rience, afin de conserver un groupe homog\u00e8ne.<\/p>\n<p>                                Grands fr\u00e8res du vestiaire et \u00ab\u00a0gardien du temple\u00a0\u00bb<\/p>\n<p>Au talon, Mick\u00e4el Ivaldi a par exemple rempil\u00e9 en tant que joker m\u00e9dical, tandis que, derri\u00e8re, J\u00e9r\u00e9my Sinzelle a re-sign\u00e9 pour une saison. Le premier pr\u00e9parant son dipl\u00f4me d\u2019entra\u00eeneur et le second l\u2019ayant d\u00e9j\u00e0 obtenu, ils seront, une nouvelle fois, des grands fr\u00e8res du vestiaire.<\/p>\n<p>Du haut de ses 43 ans, le doyen du Top 14, Ma\u2019a Nonu, pourrait lui \u00eatre le \u00ab\u00a0gardien du temple\u00a0\u00bb, dixit Pierre Mignoni: \u00ab\u00a0Il n\u2019est pas l\u00e0 pour prendre la place d\u2019un jeune. Il est l\u00e0 pour aider le jeune \u00e0 \u00eatre meilleur que lui. C\u2019est assez rare d\u2019avoir des joueurs comme \u00e7a.\u00a0\u00bb Et \u00e0 Emmanuelli de compl\u00e9ter: \u00a0\u00bb Il pourra \u00eatre un tr\u00e8s bon contributeur sur l\u2019exigence collective du groupe. Car il faut que ce groupe soit de plus en plus exigeant.\u00a0\u00bb<\/p>\n<p>Condition sine qua non \u00e0 la r\u00e9alisation d\u2019une grande saison? \u00ab\u00a0C\u2019est \u00e9vident qu\u2019on va essayer de faire mieux que la saison derni\u00e8re, assurait Pierre Mignoni. Mais c\u2019est facile \u00e0 dire. Les saisons restent difficiles, longues, et sont de plus en plus dures.\u00a0\u00bb<\/p>\n<p>En 2025-2026, le club ambitionne de faire partie des quatre premiers en championnat et de rejouer ces \u00ab\u00a0matches qui comptent\u00a0\u00bb. Entendez ces demi-finales de Top 14 et quarts de finale de Champions Cup, aussi cruels que riches en enseignements: \u00ab\u00a0Cette \u00e9quipe a besoin de revenir jouer des matchs comme \u00e7a chaque ann\u00e9e. Et quand on y revient, on a g\u00e9n\u00e9ralement plus de chances de gagner.\u00a0\u00bb<\/p>\n<p>Pierre Mignoni veut de \u00ab\u00a0l\u2019endurance mentale\u00a0\u00bb<\/p>\n<p>Or, tous le savent: la fougue de la jeunesse ne suffira pas. Le groupe doit progresser. Et la t\u00eate pensante du sportif a d\u00e9j\u00e0 cibl\u00e9 un domaine pr\u00e9cis: \u00ab\u00a0Sur l\u2019aspect mental, il nous a manqu\u00e9 des choses (la saison derni\u00e8re). Et je parle aussi de joueurs \u00e0 des postes cl\u00e9s. Je serai intransigeant, dur, et me remettrai moi aussi en question. Il faut qu\u2019on redevienne une \u00e9quipe beaucoup plus dure dans les moments difficiles. L\u2019endurance mentale, c\u2019est un aspect fondamental pour moi.\u00a0\u00bb<\/p>\n<p>Aussi fondamental que compenser les quelques grosses pertes de l\u2019intersaison. Pour ce faire, le trio Lemaitre &#8211; Emmanuelli &#8211; Mignoni a mis\u00e9 sur des profils \u00ab\u00a0diff\u00e9rents\u00a0\u00bb, comme ceux de Juan Ignacio Brex ou de Zach Mercer. C\u2019est \u00e0 ce dernier qu\u2019il incombera de remplacer le bulldozer Facundo Isa. Sacr\u00e9 champion de France et meilleur joueur de Top 14 en 2022, le n\u00b0 8 anglais est davantage r\u00e9put\u00e9 pour son aisance ballon en main et son intelligence de jeu. Et s\u2019il revient d\u2019une blessure au genou, Pierre Mignoni s\u2019est montr\u00e9 tr\u00e8s rassurant sur sa forme physique. Qui sait? Peut-\u00eatre qu\u2019aux c\u00f4t\u00e9s des jeunes pousses, lui aussi retrouvera ses jambes de 20 ans.<\/p>\n","protected":false},"excerpt":{"rendered":"Au Campus RCT, les jeunes poussent. Et le visage de l\u2019effectif pour la saison \u00e0 venir le traduit&hellip;\n","protected":false},"author":2,"featured_media":285115,"comment_status":"","ping_status":"","sticky":false,"template":"","format":"standard","meta":{"footnotes":""},"categories":[9619],"tags":[1111,11,1777,674,1011,27,12,882,25,479,60,2310],"class_list":{"0":"post-285114","1":"post","2":"type-post","3":"status-publish","4":"format-standard","5":"has-post-thumbnail","7":"category-toulon","8":"tag-actu","9":"tag-actualites","10":"tag-eu","11":"tag-europe","12":"tag-fr","13":"tag-france","14":"tag-news","15":"tag-provence-alpes-cote-dazur","16":"tag-republique-francaise","17":"tag-rugby","18":"tag-sports","19":"tag-toulon"},"share_on_mastodon":{"url":"https:\/\/pubeurope.com\/@fr\/114944052030507974","error":""},"_links":{"self":[{"href":"https:\/\/www.europesays.com\/fr\/wp-json\/wp\/v2\/posts\/285114","targetHints":{"allow":["GET"]}}],"collection":[{"href":"https:\/\/www.europesays.com\/fr\/wp-json\/wp\/v2\/posts"}],"about":[{"href":"https:\/\/www.europesays.com\/fr\/wp-json\/wp\/v2\/types\/post"}],"author":[{"embeddable":true,"href":"https:\/\/www.europesays.com\/fr\/wp-json\/wp\/v2\/users\/2"}],"replies":[{"embeddable":true,"href":"https:\/\/www.europesays.com\/fr\/wp-json\/wp\/v2\/comments?post=285114"}],"version-history":[{"count":0,"href":"https:\/\/www.europesays.com\/fr\/wp-json\/wp\/v2\/posts\/285114\/revisions"}],"wp:featuredmedia":[{"embeddable":true,"href":"https:\/\/www.europesays.com\/fr\/wp-json\/wp\/v2\/media\/285115"}],"wp:attachment":[{"href":"https:\/\/www.europesays.com\/fr\/wp-json\/wp\/v2\/media?parent=285114"}],"wp:term":[{"taxonomy":"category","embeddable":true,"href":"https:\/\/www.europesays.com\/fr\/wp-json\/wp\/v2\/categories?post=285114"},{"taxonomy":"post_tag","embeddable":true,"href":"https:\/\/www.europesays.com\/fr\/wp-json\/wp\/v2\/tags?post=285114"}],"curies":[{"name":"wp","href":"https:\/\/api.w.org\/{rel}","templated":true}]}}