{"id":285123,"date":"2025-07-30T20:31:41","date_gmt":"2025-07-30T20:31:41","guid":{"rendered":"https:\/\/www.europesays.com\/fr\/285123\/"},"modified":"2025-07-30T20:31:41","modified_gmt":"2025-07-30T20:31:41","slug":"accident-sur-la-rn-137-pres-de-rennes-la-gendarmerie-nationale-lance-un-appel-a-temoins","status":"publish","type":"post","link":"https:\/\/www.europesays.com\/fr\/285123\/","title":{"rendered":"Accident sur la RN 137 pr\u00e8s de Rennes\u00a0: la gendarmerie nationale lance un appel \u00e0 t\u00e9moins"},"content":{"rendered":"<p>Un appel \u00e0 t\u00e9moins vient d\u2019\u00eatre lanc\u00e9 apr\u00e8s un accident de la circulation routi\u00e8re \u00ab survenu dans une zone de travaux en cours sur la RN 137, sens Nantes &#8211; Rennes sur la commune [de] Laille \u00bb, indique la gendarmerie nationale, ce mercredi 30 juillet 2025. <\/p>\n<p>L\u2019accident, impliquant \u00ab un fourgon et deux v\u00e9hicules l\u00e9gers \u00bb, a eu lieu \u00ab \u00e0 hauteur de la voie d\u2019insertion en provenance de Crevin \u00bb, ce mardi 29 juillet, vers 15 h 15.<\/p>\n<p>Les personnes susceptibles de faire avancer l\u2019enqu\u00eate sont invit\u00e9es \u00e0 contacter les gendarmes du peloton motoris\u00e9 de Bain-de-Bretagne par t\u00e9l\u00e9phone au 02 99 43 98 38. Il est \u00e9galement possible de composer le 17, 24 h\/24 et 7 j.\/ 7.<\/p>\n","protected":false},"excerpt":{"rendered":"Un appel \u00e0 t\u00e9moins vient d\u2019\u00eatre lanc\u00e9 apr\u00e8s un accident de la circulation routi\u00e8re \u00ab survenu dans une&hellip;\n","protected":false},"author":2,"featured_media":285124,"comment_status":"","ping_status":"","sticky":false,"template":"","format":"standard","meta":{"footnotes":""},"categories":[2821],"tags":[1111,11,829,1777,674,118,3383,1011,27,848,766,12,584,25],"class_list":{"0":"post-285123","1":"post","2":"type-post","3":"status-publish","4":"format-standard","5":"has-post-thumbnail","7":"category-rennes","8":"tag-actu","9":"tag-actualites","10":"tag-bretagne","11":"tag-eu","12":"tag-europe","13":"tag-faits-divers","14":"tag-faits-divers-a-rennes","15":"tag-fr","16":"tag-france","17":"tag-ille-et-vilaine","18":"tag-nantes","19":"tag-news","20":"tag-rennes","21":"tag-republique-francaise"},"share_on_mastodon":{"url":"https:\/\/pubeurope.com\/@fr\/114944087340139325","error":""},"_links":{"self":[{"href":"https:\/\/www.europesays.com\/fr\/wp-json\/wp\/v2\/posts\/285123","targetHints":{"allow":["GET"]}}],"collection":[{"href":"https:\/\/www.europesays.com\/fr\/wp-json\/wp\/v2\/posts"}],"about":[{"href":"https:\/\/www.europesays.com\/fr\/wp-json\/wp\/v2\/types\/post"}],"author":[{"embeddable":true,"href":"https:\/\/www.europesays.com\/fr\/wp-json\/wp\/v2\/users\/2"}],"replies":[{"embeddable":true,"href":"https:\/\/www.europesays.com\/fr\/wp-json\/wp\/v2\/comments?post=285123"}],"version-history":[{"count":0,"href":"https:\/\/www.europesays.com\/fr\/wp-json\/wp\/v2\/posts\/285123\/revisions"}],"wp:featuredmedia":[{"embeddable":true,"href":"https:\/\/www.europesays.com\/fr\/wp-json\/wp\/v2\/media\/285124"}],"wp:attachment":[{"href":"https:\/\/www.europesays.com\/fr\/wp-json\/wp\/v2\/media?parent=285123"}],"wp:term":[{"taxonomy":"category","embeddable":true,"href":"https:\/\/www.europesays.com\/fr\/wp-json\/wp\/v2\/categories?post=285123"},{"taxonomy":"post_tag","embeddable":true,"href":"https:\/\/www.europesays.com\/fr\/wp-json\/wp\/v2\/tags?post=285123"}],"curies":[{"name":"wp","href":"https:\/\/api.w.org\/{rel}","templated":true}]}}