{"id":285125,"date":"2025-07-30T20:32:14","date_gmt":"2025-07-30T20:32:14","guid":{"rendered":"https:\/\/www.europesays.com\/fr\/285125\/"},"modified":"2025-07-30T20:32:14","modified_gmt":"2025-07-30T20:32:14","slug":"explosion-mortelle-dans-une-usine-de-transformation-du-bois","status":"publish","type":"post","link":"https:\/\/www.europesays.com\/fr\/285125\/","title":{"rendered":"explosion mortelle dans une usine de transformation du bois"},"content":{"rendered":"<p>Un accident de travail mortel s\u2019est produit mardi soir dans la Weststrasse, dans la zone portuaire de Kehl. Vers 19 heures, pour des raisons encore inconnues, une explosion se serait produite dans une chemin\u00e9e d\u2018\u00e9chappement dans laquelle un homme se trouvait \u00e0 ce moment-l\u00e0 pour effectuer une op\u00e9ration de nettoyage. Malgr\u00e9 l\u2019arriv\u00e9e rapide des secours, la victime n\u2019a pas pu \u00eatre sauv\u00e9e. La production de cette usine de transformation du bois avait \u00e9t\u00e9 interrompue depuis la semaine derni\u00e8re pour permettre \u00e0 une entreprise sous-traitante de mener ces travaux de nettoyage. Une enqu\u00eate est en cours pour d\u00e9terminer la cause de cette dramatique explosion. Des techniciens m\u00e9dico-l\u00e9gaux \u00e9taient encore sur place ce mercredi, la victime n\u2019ayant pas encore pu \u00eatre sortie de la chemin\u00e9e. Le hall de l\u2019usine a \u00e9t\u00e9 plac\u00e9 sous s\u00e9questre jusqu\u2018\u00e0 la fin de l\u2019enqu\u00eate.<\/p>\n<p>Outre les patrouilles du commissariat de police de Kehl et de la police judiciaire, 46 pompiers et 15 personnels des services de secours ont \u00e9t\u00e9 d\u00e9ploy\u00e9s.<\/p>\n<p>L\u2019installation concern\u00e9e est compos\u00e9e d\u2019un s\u00e9choir \u00e0 bande pour le bois avec un ventilateur d\u2019extraction qui \u00e9vacue l\u2019air par la chemin\u00e9e.<\/p>\n","protected":false},"excerpt":{"rendered":"Un accident de travail mortel s\u2019est produit mardi soir dans la Weststrasse, dans la zone portuaire de Kehl.&hellip;\n","protected":false},"author":2,"featured_media":285126,"comment_status":"","ping_status":"","sticky":false,"template":"","format":"standard","meta":{"footnotes":""},"categories":[2820],"tags":[119,1111,11,672,1777,674,274,107,1011,27,329,775,12,25,1806,640],"class_list":{"0":"post-285125","1":"post","2":"type-post","3":"status-publish","4":"format-standard","5":"has-post-thumbnail","7":"category-strasbourg","8":"tag-accident","9":"tag-actu","10":"tag-actualites","11":"tag-allemagne","12":"tag-eu","13":"tag-europe","14":"tag-faits-divers-justice","15":"tag-fil-info","16":"tag-fr","17":"tag-france","18":"tag-france-monde","19":"tag-grand-est","20":"tag-news","21":"tag-republique-francaise","22":"tag-rheinblick","23":"tag-strasbourg"},"share_on_mastodon":{"url":"https:\/\/pubeurope.com\/@fr\/114944091292014999","error":""},"_links":{"self":[{"href":"https:\/\/www.europesays.com\/fr\/wp-json\/wp\/v2\/posts\/285125","targetHints":{"allow":["GET"]}}],"collection":[{"href":"https:\/\/www.europesays.com\/fr\/wp-json\/wp\/v2\/posts"}],"about":[{"href":"https:\/\/www.europesays.com\/fr\/wp-json\/wp\/v2\/types\/post"}],"author":[{"embeddable":true,"href":"https:\/\/www.europesays.com\/fr\/wp-json\/wp\/v2\/users\/2"}],"replies":[{"embeddable":true,"href":"https:\/\/www.europesays.com\/fr\/wp-json\/wp\/v2\/comments?post=285125"}],"version-history":[{"count":0,"href":"https:\/\/www.europesays.com\/fr\/wp-json\/wp\/v2\/posts\/285125\/revisions"}],"wp:featuredmedia":[{"embeddable":true,"href":"https:\/\/www.europesays.com\/fr\/wp-json\/wp\/v2\/media\/285126"}],"wp:attachment":[{"href":"https:\/\/www.europesays.com\/fr\/wp-json\/wp\/v2\/media?parent=285125"}],"wp:term":[{"taxonomy":"category","embeddable":true,"href":"https:\/\/www.europesays.com\/fr\/wp-json\/wp\/v2\/categories?post=285125"},{"taxonomy":"post_tag","embeddable":true,"href":"https:\/\/www.europesays.com\/fr\/wp-json\/wp\/v2\/tags?post=285125"}],"curies":[{"name":"wp","href":"https:\/\/api.w.org\/{rel}","templated":true}]}}