{"id":285139,"date":"2025-07-30T20:39:14","date_gmt":"2025-07-30T20:39:14","guid":{"rendered":"https:\/\/www.europesays.com\/fr\/285139\/"},"modified":"2025-07-30T20:39:14","modified_gmt":"2025-07-30T20:39:14","slug":"bordeaux-colomiers-les-girondins-tenus-en-echec","status":"publish","type":"post","link":"https:\/\/www.europesays.com\/fr\/285139\/","title":{"rendered":"Bordeaux-Colomiers : les Girondins tenus en \u00e9chec"},"content":{"rendered":"<p><img decoding=\"async\" src=\"https:\/\/www.europesays.com\/fr\/wp-content\/uploads\/2025\/07\/671_2cf7e1ed8ab4dc94225729875234e7c2.jpg\" alt=\"Bordeaux-Colomiers : les Girondins tenus en \u00e9chec\" class=\"img-responsive mt-3\"\/><\/p>\n<p class=\"text-center mb-3\" style=\"font-size: 14px\">\u00a9 Iconsport<\/p>\n<p style=\"text-align: justify;\">Le 11 de la premi\u00e8re p\u00e9riode marqu\u00e9e National 2\u00a0: Hoekstra &#8211; Grillot (c) &#8211; Vandenabeele &#8211; Droehnl\u00e9 &#8211; Jousselin &#8211; Trichard (Nsimba, 40&prime;) &#8211; Diop &#8211; Odru &#8211; Openda &#8211; Villette &#8211; \u00c9tonde.<\/p>\n<p style=\"text-align: justify;\">Le 11 de la deuxi\u00e8me p\u00e9riode marqu\u00e9e R\u00e9gional 1 : Agossa &#8211; Ndione &#8211; Diaby &#8211; Besse &#8211; Feuillet &#8211; Godspower &#8211; Ram\u00e9 &#8211; Nsimba &#8211; Sahibeddine &#8211; Ramon &#8211; Rizaldos.<\/p>\n<p style=\"text-align: justify;\">Le but : marqu\u00e9 \u00e0 la 3e minute \u00e0 la suite du premier corner du match tir\u00e9 par Guillaume Odru, le gardien de Colomiers repousse le ballon sur Driss Trichard qui marque (3e minute).<\/p>\n<p style=\"text-align: justify;\">\u00c0 noter que le buteur, Driss Trichard, est sorti en boitant apr\u00e8s un tacle adverse. Les nouvelles seraient rassurantes, indique le club sur le r\u00e9seau social X.<\/p>\n<p style=\"text-align: justify;\">C&rsquo;est Vital Nsimba qui s&rsquo;entra\u00eene avec le groupe N2 depuis 15 jours, en attendant de trouver un nouveau club, qui est entr\u00e9 en jeu \u00e0 sa place. L\u2019ancien bordelais a m\u00eame \u00e9t\u00e9 align\u00e9 en deuxi\u00e8me p\u00e9riode.<\/p>\n<p>\u00a0<\/p>\n<p style=\"text-align: justify;\">Colomiers a \u00e9galis\u00e9 en deuxi\u00e8me mi-temps. Score final 1 \u00e0 1.<\/p>\n<p style=\"text-align: justify;\">Apr\u00e8s la victoire face \u00e0 l&rsquo;AS Cannes (3-2) club de N2, Bordeaux fait match nul 1 \u00e0 1 face \u00e0 Colomiers club de N3. La prochaine rencontre de pr\u00e9paration se joue samedi soir \u00e0 20h face au FCBA (N3) de Marvin Esor au Stade Jean Brousse d&rsquo;Arcachon \u00e0 20h.<\/p>\n<p>\u00c0 lire &gt;&gt; <strong><a href=\"https:\/\/www.webgirondins.com\/actualite-girondins-girondins-on-ne-va-pas-tergiverser-il-faut-gagner-les-matchs-a-domicile-pour-monter-129886\" target=\"_blank\" rel=\"noopener\">On ne va pas tergiverser, il faut gagner les matchs \u00e0 domicile pour monter\u00a0\u00bb<\/a><\/strong><\/p>\n<p>Notre podcast court mercato et gardien de but :<\/p>\n<p>\u00a0<\/p>\n","protected":false},"excerpt":{"rendered":"\u00a9 Iconsport Le 11 de la premi\u00e8re p\u00e9riode marqu\u00e9e National 2\u00a0: Hoekstra &#8211; Grillot (c) &#8211; Vandenabeele &#8211;&hellip;\n","protected":false},"author":2,"featured_media":285140,"comment_status":"","ping_status":"","sticky":false,"template":"","format":"standard","meta":{"footnotes":""},"categories":[2817],"tags":[1111,11,1997,6692,41590,28924,12329,1777,674,2823,1011,27,1987,6691,2868,3289,955,6774,12,2219,29390,25,42410],"class_list":{"0":"post-285139","1":"post","2":"type-post","3":"status-publish","4":"format-standard","5":"has-post-thumbnail","7":"category-bordeaux","8":"tag-actu","9":"tag-actualites","10":"tag-bordeaux","11":"tag-clos","12":"tag-colomiers","13":"tag-dispute","14":"tag-echec","15":"tag-eu","16":"tag-europe","17":"tag-face","18":"tag-fr","19":"tag-france","20":"tag-girondins","21":"tag-huis","22":"tag-juillet","23":"tag-leur","24":"tag-match","25":"tag-mercredi","26":"tag-news","27":"tag-nouvelle-aquitaine","28":"tag-preparation","29":"tag-republique-francaise","30":"tag-tenus"},"share_on_mastodon":{"url":"https:\/\/pubeurope.com\/@fr\/114944118855572804","error":""},"_links":{"self":[{"href":"https:\/\/www.europesays.com\/fr\/wp-json\/wp\/v2\/posts\/285139","targetHints":{"allow":["GET"]}}],"collection":[{"href":"https:\/\/www.europesays.com\/fr\/wp-json\/wp\/v2\/posts"}],"about":[{"href":"https:\/\/www.europesays.com\/fr\/wp-json\/wp\/v2\/types\/post"}],"author":[{"embeddable":true,"href":"https:\/\/www.europesays.com\/fr\/wp-json\/wp\/v2\/users\/2"}],"replies":[{"embeddable":true,"href":"https:\/\/www.europesays.com\/fr\/wp-json\/wp\/v2\/comments?post=285139"}],"version-history":[{"count":0,"href":"https:\/\/www.europesays.com\/fr\/wp-json\/wp\/v2\/posts\/285139\/revisions"}],"wp:featuredmedia":[{"embeddable":true,"href":"https:\/\/www.europesays.com\/fr\/wp-json\/wp\/v2\/media\/285140"}],"wp:attachment":[{"href":"https:\/\/www.europesays.com\/fr\/wp-json\/wp\/v2\/media?parent=285139"}],"wp:term":[{"taxonomy":"category","embeddable":true,"href":"https:\/\/www.europesays.com\/fr\/wp-json\/wp\/v2\/categories?post=285139"},{"taxonomy":"post_tag","embeddable":true,"href":"https:\/\/www.europesays.com\/fr\/wp-json\/wp\/v2\/tags?post=285139"}],"curies":[{"name":"wp","href":"https:\/\/api.w.org\/{rel}","templated":true}]}}