{"id":285141,"date":"2025-07-30T20:40:09","date_gmt":"2025-07-30T20:40:09","guid":{"rendered":"https:\/\/www.europesays.com\/fr\/285141\/"},"modified":"2025-07-30T20:40:09","modified_gmt":"2025-07-30T20:40:09","slug":"toulouse-airbus-a-livre-moins-davions-mais-son-benefice-net-rebondit-quand-meme-de-85","status":"publish","type":"post","link":"https:\/\/www.europesays.com\/fr\/285141\/","title":{"rendered":"Toulouse. Airbus a livr\u00e9 moins d&rsquo;avions, mais son b\u00e9n\u00e9fice net rebondit quand m\u00eame de 85%"},"content":{"rendered":"<p>            Par<br \/>\n        <strong><br \/>\n            <a href=\"https:\/\/actu.fr\/auteur\/redaction-toulouse\" title=\"Consulter tous les articles de R\u00e9daction de Toulouse\" target=\"_blank\" rel=\"noopener\">R\u00e9daction de Toulouse<\/a><br \/>\n        <\/strong><\/p>\n<p>        Publi\u00e9 le<\/p>\n<p>            30 juil. 2025 \u00e0 20h21        <\/p>\n<p>L\u2019avionneur europ\u00e9en <a href=\"https:\/\/actu.fr\/toulouse\/economie\/airbus\" target=\"_blank\" rel=\"noopener\">Airbus<\/a>, bas\u00e9 \u00e0 <a href=\"https:\/\/actu.fr\/toulouse\/\" target=\"_blank\" rel=\"noopener\">Toulouse<\/a>,\u00a0 a vu <strong>son b\u00e9n\u00e9fice net rebondir de 85% \u00e0 1,5 milliard d\u2019euros<\/strong> au premier semestre gr\u00e2ce aux \u00ab\u00a0progr\u00e8s de la transformation\u00a0\u00bb de sa branche d\u00e9fense et espace, mais a livr\u00e9 moins d\u2019avions commerciaux que l\u2019ann\u00e9e derni\u00e8re.<\/p>\n<p>Moins d\u2019avions livr\u00e9s<\/p>\n<p class=\" wall-content\">Confront\u00e9 \u00e0 des \u00ab\u00a0probl\u00e8mes persistants d\u2019approvisionnement en moteurs sur le programme A320\u00a0\u00bb, Airbus a livr\u00e9 entre janvier et juin 306 avions, contre 323 pendant la m\u00eame p\u00e9riode de l\u2019ann\u00e9e pr\u00e9c\u00e9dente.\u00a0<\/p>\n<p class=\" wall-content\">\u00ab\u00a0Nous produisons des avions conform\u00e9ment \u00e0 nos plans mais les livraisons sont retard\u00e9es car nous sommes confront\u00e9s \u00e0 des probl\u00e8mes persistants d\u2019approvisionnement en moteurs sur le programme A320\u00a0\u00bb, a d\u00e9clar\u00e9 le patron d\u2019Airbus Guillaume Faury cit\u00e9 dans un communiqu\u00e9.\u00a0<\/p>\n<p>Le chiffre d\u2019affaires progresse<\/p>\n<p class=\" wall-content\">Le chiffre d\u2019affaires a <strong>progress\u00e9 de 3% \u00e0 29,6 milliards d\u2019euros<\/strong>, mais celui g\u00e9n\u00e9r\u00e9 par les activit\u00e9s d\u2019avions commerciaux d\u2019Airbus a diminu\u00e9 de 2 % \u00e0 20,8 milliards d\u2019euros en raison du nombre inf\u00e9rieur de livraisons, souligne l\u2019avionneur.\u00a0<\/p>\n<p>Vid\u00e9os : en ce moment sur Actu<\/p>\n<p class=\" wall-content\">Il y a un an, le b\u00e9n\u00e9fice net semestriel d\u2019Airbus avait fondu de 46% en raison d\u2019importantes charges li\u00e9es aux activit\u00e9s spatiales. Face \u00e0 une baisse de la demande de satellites de t\u00e9l\u00e9communications qui lestait ses performances financi\u00e8res, Airbus avait annonc\u00e9 en octobre 2 500 suppressions d\u2019emplois dans sa division d\u00e9fense et espace, <a href=\"https:\/\/actu.fr\/occitanie\/toulouse_31555\/la-filiale-defence-and-space-bat-de-l-aile-chez-airbus-plus-de-2000-postes-sont-supprimes_62850981.html\" target=\"_blank\" rel=\"noopener\">un chiffre revu \u00e0 la baisse en d\u00e9cembre \u00e0 2.043 suppressions<\/a>.<\/p>\n<p>820 avions livr\u00e9s en fin d\u2019ann\u00e9e<\/p>\n<p class=\" wall-content\">Les pr\u00e9visions sur l\u2019ann\u00e9e 2025 restent \u00e0 ce stade inchang\u00e9es malgr\u00e9 le contexte \u00ab\u00a0complexe et \u00e9volutif\u00a0\u00bb: l\u2019avionneur envisage de livrer 820 avions commerciaux, contre 766 l\u2019an dernier, et vise un r\u00e9sultat op\u00e9rationnel ajuste \u00ab\u00a0d\u2019environ 7 milliards d\u2019euros\u00a0\u00bb.<\/p>\n<p class=\" wall-content\">Airbus a par ailleurs annonc\u00e9 qu\u2019il proposerait \u00e0 sa prochaine assembl\u00e9e g\u00e9n\u00e9rale la nomination d\u2019Oliver Zipse, actuel patron de BMW, comme membre non ex\u00e9cutif de son conseil d\u2019administration.<\/p>\n<p class=\" wall-content\"><strong>Avec AFP<\/strong><\/p>\n<p class=\" wall-content\">Suivez toute l\u2019actualit\u00e9 de vos villes et m\u00e9dias favoris en vous inscrivant \u00e0 <a href=\"https:\/\/moncompte.actu.fr\" title=\"D\u00e9couvez Mon Actu\" rel=\"nofollow noopener\" data-trk=\"{&quot;cta&quot;:{&quot;action&quot;:&quot;https:\\\/\\\/moncompte.actu.fr&quot;,&quot;category&quot;:&quot;mon compte&quot;,&quot;from&quot;:&quot;article footer&quot;,&quot;name&quot;:&quot;Mon actu&quot;,&quot;type&quot;:&quot;cta&quot;}}\" target=\"_blank\">Mon Actu<\/a>.<\/p>\n","protected":false},"excerpt":{"rendered":"Par R\u00e9daction de Toulouse Publi\u00e9 le 30 juil. 2025 \u00e0 20h21 L\u2019avionneur europ\u00e9en Airbus, bas\u00e9 \u00e0 Toulouse,\u00a0 a&hellip;\n","protected":false},"author":2,"featured_media":285142,"comment_status":"","ping_status":"","sticky":false,"template":"","format":"standard","meta":{"footnotes":""},"categories":[2816],"tags":[1111,11,296,36,33,1777,674,1011,27,12,2680,25,2312],"class_list":{"0":"post-285141","1":"post","2":"type-post","3":"status-publish","4":"format-standard","5":"has-post-thumbnail","7":"category-toulouse","8":"tag-actu","9":"tag-actualites","10":"tag-aeronautique","11":"tag-airbus","12":"tag-economie","13":"tag-eu","14":"tag-europe","15":"tag-fr","16":"tag-france","17":"tag-news","18":"tag-occitanie","19":"tag-republique-francaise","20":"tag-toulouse"},"share_on_mastodon":{"url":"https:\/\/pubeurope.com\/@fr\/114944122785039117","error":""},"_links":{"self":[{"href":"https:\/\/www.europesays.com\/fr\/wp-json\/wp\/v2\/posts\/285141","targetHints":{"allow":["GET"]}}],"collection":[{"href":"https:\/\/www.europesays.com\/fr\/wp-json\/wp\/v2\/posts"}],"about":[{"href":"https:\/\/www.europesays.com\/fr\/wp-json\/wp\/v2\/types\/post"}],"author":[{"embeddable":true,"href":"https:\/\/www.europesays.com\/fr\/wp-json\/wp\/v2\/users\/2"}],"replies":[{"embeddable":true,"href":"https:\/\/www.europesays.com\/fr\/wp-json\/wp\/v2\/comments?post=285141"}],"version-history":[{"count":0,"href":"https:\/\/www.europesays.com\/fr\/wp-json\/wp\/v2\/posts\/285141\/revisions"}],"wp:featuredmedia":[{"embeddable":true,"href":"https:\/\/www.europesays.com\/fr\/wp-json\/wp\/v2\/media\/285142"}],"wp:attachment":[{"href":"https:\/\/www.europesays.com\/fr\/wp-json\/wp\/v2\/media?parent=285141"}],"wp:term":[{"taxonomy":"category","embeddable":true,"href":"https:\/\/www.europesays.com\/fr\/wp-json\/wp\/v2\/categories?post=285141"},{"taxonomy":"post_tag","embeddable":true,"href":"https:\/\/www.europesays.com\/fr\/wp-json\/wp\/v2\/tags?post=285141"}],"curies":[{"name":"wp","href":"https:\/\/api.w.org\/{rel}","templated":true}]}}