{"id":285159,"date":"2025-07-30T20:53:09","date_gmt":"2025-07-30T20:53:09","guid":{"rendered":"https:\/\/www.europesays.com\/fr\/285159\/"},"modified":"2025-07-30T20:53:09","modified_gmt":"2025-07-30T20:53:09","slug":"polemique-apres-une-interpellation-violente-par-la-police-a-bobigny","status":"publish","type":"post","link":"https:\/\/www.europesays.com\/fr\/285159\/","title":{"rendered":"pol\u00e9mique apr\u00e8s une interpellation violente par la police \u00e0 Bobigny"},"content":{"rendered":"<p>            Par<br \/>\n        <strong><br \/>\n            <a href=\"https:\/\/actu.fr\/auteur\/redaction-paris\" title=\"Consulter tous les articles de R\u00e9daction Paris\" rel=\"nofollow noopener\" target=\"_blank\">R\u00e9daction Paris<\/a><br \/>\n        <\/strong><\/p>\n<p>        Publi\u00e9 le<\/p>\n<p>            30 juil. 2025 \u00e0 14h08        <\/p>\n<p>Des images tr\u00e8s violentes. Le 25 juillet 2025, la vid\u00e9o d\u2019une interpellation polici\u00e8re \u00e0 <a href=\"https:\/\/actu.fr\/ile-de-france\/bobigny_93008\" rel=\"nofollow noopener\" target=\"_blank\">Bobigny<\/a> est diffus\u00e9e sur les r\u00e9seaux sociaux. Les images, prises par un t\u00e9moin, montrent les agents en train d\u2019utiliser des techniques brutales sur un individu en train de crier et de se d\u00e9battre. Trois apr\u00e8s cette intervention, le d\u00e9put\u00e9 de <a href=\"https:\/\/actu.fr\/ile-de-france\/seine-saint-denis_93\" rel=\"nofollow noopener\" target=\"_blank\">Seine-Saint-Denis<\/a><strong> Aly Diouara<\/strong> (LFI) <strong>a signal\u00e9 ces faits au procureur<\/strong> par le biais de l\u2019article 40.\u00a0<\/p>\n<p>\u00ab\u00a0Vous avez pas le droit\u00a0\u00bb<\/p>\n<p class=\" wall-content\">Pendant plus de deux minutes, on voit les policiers tenter de ma\u00eetriser un individu. L\u2019un des agents effectue alors une cl\u00e9 d\u2019\u00e9tranglement avant de tra\u00eener l\u2019interpell\u00e9 au sol. \u00ab\u00a0Vous avez pas le droit\u00a0\u00bb, \u00e9ructe ce dernier. Plusieurs riverains poussent aussi des cris d\u2019indignations. \u00ab\u00a0Vous allez le tuer, arr\u00eatez !\u00a0\u00bb, crie l\u2019un d\u2019eux. Le suspect est ensuite mis dans la voiture de police avant d\u2019\u00eatre ressorti du v\u00e9hicule. Il re\u00e7oit une d\u00e9charge de pistolet \u00e0 impulsion \u00e9lectrique. \u00c0 la fin de la vid\u00e9o, l\u2019interpell\u00e9 est emmen\u00e9 dans un hall d\u2019immeuble.\u00a0<\/p>\n<p>Des \u00ab\u00a0actes d\u2019une violence aveugle\u00a0\u00bb pour Aly Diouara\u00a0<\/p>\n<p class=\" wall-content\">Ces images diffus\u00e9es sur X ont fait r\u00e9agir. Le d\u00e9put\u00e9 Aly Diouara a d\u00e9nonc\u00e9 l\u2019intervention sur les r\u00e9seaux sociaux. \u00ab\u00a0L\u2019usage de la force appara\u00eet ainsi manifestement disproportionn\u00e9 au regard de la situation et semble contrevenir aux principes de stricte n\u00e9cessit\u00e9 et de proportionnalit\u00e9\u00a0\u00bb, a d\u00e9clar\u00e9 l\u2019\u00e9lu dans un communiqu\u00e9 publi\u00e9 sur les r\u00e9seaux sociaux.<\/p>\n<p class=\" wall-content\">\u00ab\u00a0Une telle interpellation, <a href=\"https:\/\/actu.fr\/tag\/violences-policieres\" rel=\"nofollow noopener\" target=\"_blank\">dont la brutalit\u00e9 interroge<\/a> quant \u00e0 la l\u00e9gitimit\u00e9 m\u00eame, pourrait recevoir la qualification de violences volontaires commises par des personnes d\u00e9positaires de l\u2019autorit\u00e9 publique\u00a0\u00bb, poursuit le parlementaire. Ce dernier a m\u00eame tent\u00e9 de se rendre au commissariat pour s\u2019entretenir avec le gard\u00e9 \u00e0 vue. Sans succ\u00e8s.\u00a0<\/p>\n<p>L\u2019ouverture d\u2019une enqu\u00eate \u00e0 l\u2019\u00e9tude<\/p>\n<p class=\" wall-content\">Par le biais de l\u2019article 40 du code de proc\u00e9dure p\u00e9nale, Aly Diouara a signal\u00e9 les faits au procureur de la R\u00e9publique. Le parquet a indiqu\u00e9 \u00e0<a href=\"https:\/\/actu.fr\/paris\/\" rel=\"nofollow noopener\" target=\"_blank\"> actu Paris<\/a> que l\u2019ouverture d\u2019une enqu\u00eate \u00e9tait toujours \u00e0 l\u2019\u00e9tude. Interpell\u00e9 dans le cadre d\u2019une op\u00e9ration <a href=\"https:\/\/actu.fr\/tag\/drogue\" rel=\"nofollow noopener\" target=\"_blank\">contre le trafic de drogue<\/a>, l\u2019individu film\u00e9 sur la vid\u00e9o serait toujours en garde \u00e0 vue.<\/p>\n<p class=\" wall-content\">De son c\u00f4t\u00e9, la <a href=\"https:\/\/actu.fr\/tag\/prefecture-de-police-de-paris\" rel=\"nofollow noopener\" target=\"_blank\">pr\u00e9fecture de Police<\/a> a d\u00e9nonc\u00e9 aupr\u00e8s de Radio France <strong>une vid\u00e9o tronqu\u00e9e.<\/strong> L\u2019homme interpell\u00e9 se serait par ailleurs vivement rebell\u00e9 en mordant un policier. \u00c0 son domicile, de la drogue et <strong>34 000 euros en liquide<\/strong> ont \u00e9t\u00e9 saisis.\u00a0<\/p>\n<p class=\" wall-content\">Suivez toute l\u2019actualit\u00e9 de vos villes et m\u00e9dias favoris en vous inscrivant \u00e0 <a href=\"https:\/\/moncompte.actu.fr\" title=\"D\u00e9couvez Mon Actu\" rel=\"nofollow noopener\" data-trk=\"{&quot;cta&quot;:{&quot;action&quot;:&quot;https:\\\/\\\/moncompte.actu.fr&quot;,&quot;category&quot;:&quot;mon compte&quot;,&quot;from&quot;:&quot;article footer&quot;,&quot;name&quot;:&quot;Mon actu&quot;,&quot;type&quot;:&quot;cta&quot;}}\" target=\"_blank\">Mon Actu<\/a>.<\/p>\n","protected":false},"excerpt":{"rendered":"Par R\u00e9daction Paris Publi\u00e9 le 30 juil. 2025 \u00e0 14h08 Des images tr\u00e8s violentes. Le 25 juillet 2025,&hellip;\n","protected":false},"author":2,"featured_media":221069,"comment_status":"","ping_status":"","sticky":false,"template":"","format":"standard","meta":{"footnotes":""},"categories":[1888],"tags":[1111,1928,11,1927,1777,674,118,1011,27,12,1926,626,1925,25,7374],"class_list":{"0":"post-285159","1":"post","2":"type-post","3":"status-publish","4":"format-standard","5":"has-post-thumbnail","7":"category-paris","8":"tag-actu","9":"tag-actu-paris","10":"tag-actualites","11":"tag-actualites-paris","12":"tag-eu","13":"tag-europe","14":"tag-faits-divers","15":"tag-fr","16":"tag-france","17":"tag-news","18":"tag-news-paris","19":"tag-paris","20":"tag-paris-news","21":"tag-republique-francaise","22":"tag-violences-policieres"},"share_on_mastodon":{"url":"https:\/\/pubeurope.com\/@fr\/114944173868859963","error":""},"_links":{"self":[{"href":"https:\/\/www.europesays.com\/fr\/wp-json\/wp\/v2\/posts\/285159","targetHints":{"allow":["GET"]}}],"collection":[{"href":"https:\/\/www.europesays.com\/fr\/wp-json\/wp\/v2\/posts"}],"about":[{"href":"https:\/\/www.europesays.com\/fr\/wp-json\/wp\/v2\/types\/post"}],"author":[{"embeddable":true,"href":"https:\/\/www.europesays.com\/fr\/wp-json\/wp\/v2\/users\/2"}],"replies":[{"embeddable":true,"href":"https:\/\/www.europesays.com\/fr\/wp-json\/wp\/v2\/comments?post=285159"}],"version-history":[{"count":0,"href":"https:\/\/www.europesays.com\/fr\/wp-json\/wp\/v2\/posts\/285159\/revisions"}],"wp:featuredmedia":[{"embeddable":true,"href":"https:\/\/www.europesays.com\/fr\/wp-json\/wp\/v2\/media\/221069"}],"wp:attachment":[{"href":"https:\/\/www.europesays.com\/fr\/wp-json\/wp\/v2\/media?parent=285159"}],"wp:term":[{"taxonomy":"category","embeddable":true,"href":"https:\/\/www.europesays.com\/fr\/wp-json\/wp\/v2\/categories?post=285159"},{"taxonomy":"post_tag","embeddable":true,"href":"https:\/\/www.europesays.com\/fr\/wp-json\/wp\/v2\/tags?post=285159"}],"curies":[{"name":"wp","href":"https:\/\/api.w.org\/{rel}","templated":true}]}}