{"id":285160,"date":"2025-07-30T20:54:10","date_gmt":"2025-07-30T20:54:10","guid":{"rendered":"https:\/\/www.europesays.com\/fr\/285160\/"},"modified":"2025-07-30T20:54:10","modified_gmt":"2025-07-30T20:54:10","slug":"walid-hasbi-devrait-quitter-le-racing-alsasports","status":"publish","type":"post","link":"https:\/\/www.europesays.com\/fr\/285160\/","title":{"rendered":"Walid Hasbi devrait quitter le Racing \u2014 Alsa&rsquo;Sports"},"content":{"rendered":"<p><strong>Le gardien Walid Hasbi (21 ans) devrait quitter le Racing et retourner jouer au Maroc, selon le Parisien. <\/strong><\/p>\n<p>Le gardien marocain Walid Hasbi (21 ans) devrait quitter le Racing Club de Strasbourg cet \u00e9t\u00e9. Le Parisien annonce que le joueur serait en passe de retourner jouer au Maroc et voyageait hier dans le cadre de son transfert \u00e0 l\u2019Union Touarga.<\/p>\n<p>Form\u00e9 \u00e0 l\u2019acad\u00e9mie Mohammed VI, Walid Hasbi \u00e9tait d\u2019abord arriv\u00e9 \u00e0 Strasbourg sous la forme d\u2019un pr\u00eat en juin 2022. Le Marocain n\u2019a jamais jou\u00e9 avec l\u2019\u00e9quipe premi\u00e8re sauf lors d\u2019un match amical, et aura surtout \u00e9volu\u00e9 avec la r\u00e9serve du club en N3. <\/p>\n","protected":false},"excerpt":{"rendered":"Le gardien Walid Hasbi (21 ans) devrait quitter le Racing et retourner jouer au Maroc, selon le Parisien.&hellip;\n","protected":false},"author":2,"featured_media":285161,"comment_status":"","ping_status":"","sticky":false,"template":"","format":"standard","meta":{"footnotes":""},"categories":[1888],"tags":[1111,1928,11,1927,1777,674,63,1011,27,12,1926,626,1925,4448,25],"class_list":{"0":"post-285160","1":"post","2":"type-post","3":"status-publish","4":"format-standard","5":"has-post-thumbnail","7":"category-paris","8":"tag-actu","9":"tag-actu-paris","10":"tag-actualites","11":"tag-actualites-paris","12":"tag-eu","13":"tag-europe","14":"tag-football","15":"tag-fr","16":"tag-france","17":"tag-news","18":"tag-news-paris","19":"tag-paris","20":"tag-paris-news","21":"tag-rc-strasbourg","22":"tag-republique-francaise"},"share_on_mastodon":{"url":"https:\/\/pubeurope.com\/@fr\/114944177874541088","error":""},"_links":{"self":[{"href":"https:\/\/www.europesays.com\/fr\/wp-json\/wp\/v2\/posts\/285160","targetHints":{"allow":["GET"]}}],"collection":[{"href":"https:\/\/www.europesays.com\/fr\/wp-json\/wp\/v2\/posts"}],"about":[{"href":"https:\/\/www.europesays.com\/fr\/wp-json\/wp\/v2\/types\/post"}],"author":[{"embeddable":true,"href":"https:\/\/www.europesays.com\/fr\/wp-json\/wp\/v2\/users\/2"}],"replies":[{"embeddable":true,"href":"https:\/\/www.europesays.com\/fr\/wp-json\/wp\/v2\/comments?post=285160"}],"version-history":[{"count":0,"href":"https:\/\/www.europesays.com\/fr\/wp-json\/wp\/v2\/posts\/285160\/revisions"}],"wp:featuredmedia":[{"embeddable":true,"href":"https:\/\/www.europesays.com\/fr\/wp-json\/wp\/v2\/media\/285161"}],"wp:attachment":[{"href":"https:\/\/www.europesays.com\/fr\/wp-json\/wp\/v2\/media?parent=285160"}],"wp:term":[{"taxonomy":"category","embeddable":true,"href":"https:\/\/www.europesays.com\/fr\/wp-json\/wp\/v2\/categories?post=285160"},{"taxonomy":"post_tag","embeddable":true,"href":"https:\/\/www.europesays.com\/fr\/wp-json\/wp\/v2\/tags?post=285160"}],"curies":[{"name":"wp","href":"https:\/\/api.w.org\/{rel}","templated":true}]}}