{"id":285164,"date":"2025-07-30T20:56:11","date_gmt":"2025-07-30T20:56:11","guid":{"rendered":"https:\/\/www.europesays.com\/fr\/285164\/"},"modified":"2025-07-30T20:56:11","modified_gmt":"2025-07-30T20:56:11","slug":"paris-caddies-velib-casseroles-17-tonne-de-ferraille-pechee-dans-la-seine-en-un-jour-quel-danger-pour-la-baignade","status":"publish","type":"post","link":"https:\/\/www.europesays.com\/fr\/285164\/","title":{"rendered":"Paris\u00a0: Caddies, V\u00e9lib\u2019, casseroles\u2026 1,7\u00a0tonne de ferraille p\u00each\u00e9e dans la Seine en un jour, quel danger pour la baignade\u00a0?"},"content":{"rendered":"<p class=\"paragraph text_align_left lp-f-body-02\">Dans le d\u00e9tail, l\u2019agent municipal de propret\u00e9 et des b\u00e9n\u00e9voles ont p\u00each\u00e9 13 V\u00e9lib\u2019, 3 caddies, 2 coffres-forts, une Vespa, 10 bouteilles de protoxyde d\u2019azote, une quantit\u00e9 importante d\u2019acier et de barres de fer, ainsi que 5 casseroles. \u00ab On est tellement content que ce ne soit plus dans l\u2019eau, un gros coup de pouce \u00e0 une plan\u00e8te propre. Fier de nous \u00bb, a-t-il d\u00e9clar\u00e9 avec satisfaction apr\u00e8s son op\u00e9ration.<\/p>\n","protected":false},"excerpt":{"rendered":"Dans le d\u00e9tail, l\u2019agent municipal de propret\u00e9 et des b\u00e9n\u00e9voles ont p\u00each\u00e9 13 V\u00e9lib\u2019, 3 caddies, 2 coffres-forts,&hellip;\n","protected":false},"author":2,"featured_media":285165,"comment_status":"","ping_status":"","sticky":false,"template":"","format":"standard","meta":{"footnotes":""},"categories":[1888],"tags":[11,1777,674,1011,27,1944,12,626,25],"class_list":{"0":"post-285164","1":"post","2":"type-post","3":"status-publish","4":"format-standard","5":"has-post-thumbnail","7":"category-paris","8":"tag-actualites","9":"tag-eu","10":"tag-europe","11":"tag-fr","12":"tag-france","13":"tag-ma-ville","14":"tag-news","15":"tag-paris","16":"tag-republique-francaise"},"share_on_mastodon":{"url":"https:\/\/pubeurope.com\/@fr\/114944185714667797","error":""},"_links":{"self":[{"href":"https:\/\/www.europesays.com\/fr\/wp-json\/wp\/v2\/posts\/285164","targetHints":{"allow":["GET"]}}],"collection":[{"href":"https:\/\/www.europesays.com\/fr\/wp-json\/wp\/v2\/posts"}],"about":[{"href":"https:\/\/www.europesays.com\/fr\/wp-json\/wp\/v2\/types\/post"}],"author":[{"embeddable":true,"href":"https:\/\/www.europesays.com\/fr\/wp-json\/wp\/v2\/users\/2"}],"replies":[{"embeddable":true,"href":"https:\/\/www.europesays.com\/fr\/wp-json\/wp\/v2\/comments?post=285164"}],"version-history":[{"count":0,"href":"https:\/\/www.europesays.com\/fr\/wp-json\/wp\/v2\/posts\/285164\/revisions"}],"wp:featuredmedia":[{"embeddable":true,"href":"https:\/\/www.europesays.com\/fr\/wp-json\/wp\/v2\/media\/285165"}],"wp:attachment":[{"href":"https:\/\/www.europesays.com\/fr\/wp-json\/wp\/v2\/media?parent=285164"}],"wp:term":[{"taxonomy":"category","embeddable":true,"href":"https:\/\/www.europesays.com\/fr\/wp-json\/wp\/v2\/categories?post=285164"},{"taxonomy":"post_tag","embeddable":true,"href":"https:\/\/www.europesays.com\/fr\/wp-json\/wp\/v2\/tags?post=285164"}],"curies":[{"name":"wp","href":"https:\/\/api.w.org\/{rel}","templated":true}]}}