{"id":285170,"date":"2025-07-30T20:59:15","date_gmt":"2025-07-30T20:59:15","guid":{"rendered":"https:\/\/www.europesays.com\/fr\/285170\/"},"modified":"2025-07-30T20:59:15","modified_gmt":"2025-07-30T20:59:15","slug":"usa-la-fed-choisit-le-statu-quo-sur-ses-taux-directeurs-30-07-2025-a-2010","status":"publish","type":"post","link":"https:\/\/www.europesays.com\/fr\/285170\/","title":{"rendered":"USA : la Fed choisit le statu quo sur ses taux directeurs &#8211; 30\/07\/2025 \u00e0 20:10"},"content":{"rendered":"<p>        <img fetchpriority=\"high\" decoding=\"async\" src=\"https:\/\/www.europesays.com\/fr\/wp-content\/uploads\/2025\/07\/47f2d8883fc3a7137ba4d73e9f43509c-760x469.jpg\" alt=\"Le b\u00e2timent de la R\u00e9serve f\u00e9d\u00e9rale, \u00e0 Washington. (Cr\u00e9dits: Federal Reserve)\" loading=\"eager\" width=\"760\" height=\"469\" style=\"max-width: 100%!important; height: auto;\"\/><\/p>\n<p class=\"c-image-news__legend\">Le b\u00e2timent de la R\u00e9serve f\u00e9d\u00e9rale, \u00e0 Washington. (Cr\u00e9dits: Federal Reserve)<\/p>\n<p>\n La R\u00e9serve f\u00e9d\u00e9rale am\u00e9ricaine (Fed) a, comme pr\u00e9vu, maintenu mercredi l&rsquo;objectif de taux des \u00ab\u00a0fed funds\u00a0\u00bb dans une fourchette de 4,25% \u00e0 4,50%, mais la d\u00e9cision a \u00e9t\u00e9 prise avec deux voix dissidentes, celles de deux gouverneurs nomm\u00e9s par le pr\u00e9sident am\u00e9ricain Donald Trump, qui a r\u00e9guli\u00e8rement r\u00e9clam\u00e9 des baisses de taux depuis son retour au pouvoir en janvier dernier.\n<\/p>\n<p>\n \u00ab\u00a0Le taux de ch\u00f4mage reste faible et les conditions du march\u00e9 du travail restent solides. L&rsquo;inflation reste quelque peu \u00e9lev\u00e9e\u00a0\u00bb, a d\u00e9clar\u00e9 la banque centrale dans son communiqu\u00e9 de politique mon\u00e9taire publi\u00e9 apr\u00e8s deux jours de r\u00e9union.\n<\/p>\n<p>\n Le FOMC, le Comit\u00e9 de politique mon\u00e9taire de la Fed, a opt\u00e9 pour le statu quo sur les taux par neuf voix contre deux.\n<\/p>\n<p>\n Il s&rsquo;agit de la cinqui\u00e8me r\u00e9union cons\u00e9cutive lors de laquelle les taux sont inchang\u00e9s. La fourchette des taux des fonds f\u00e9d\u00e9raux est \u00e0 4,25-4,50% depuis d\u00e9cembre 2024.\n<\/p>\n<p>\n Dans son communiqu\u00e9, la Fed note que la croissance \u00e9conomique \u00ab\u00a0s&rsquo;est mod\u00e9r\u00e9e au cours du premier semestre de l&rsquo;ann\u00e9e\u00a0\u00bb, ce qui pourrait renforcer les arguments en faveur d&rsquo;une baisse des taux lors d&rsquo;une r\u00e9union ult\u00e9rieure si cette tendance venait \u00e0 se poursuivre.\n<\/p>\n<p>\n Mais elle souligne \u00e9galement que \u00ab\u00a0l&rsquo;incertitude concernant les perspectives \u00e9conomiques reste \u00e9lev\u00e9e\u00a0\u00bb et que des risques p\u00e8sent sur les objectifs en mati\u00e8re d&rsquo;inflation et d&#8217;emploi, un message qui reprend l&rsquo;argument de la Fed selon lequel une baisse des taux reste conditionn\u00e9e \u00e0 davantage de clart\u00e9 sur la trajectoire de l&rsquo;inflation et de l&#8217;emploi.\n<\/p>\n<p>\n Cette r\u00e9union est la premi\u00e8re en plus de 30 ans au cours de laquelle deux membres du Conseil des gouverneurs de la Fed, compos\u00e9 de sept personnes et bas\u00e9 \u00e0 Washington, ont vot\u00e9 contre une d\u00e9cision sur les taux de la banque centrale.\n<\/p>\n<p>\n La vice-pr\u00e9sidente de la Fed charg\u00e9e de la supervision, Michelle Bowman, et le gouverneur Christopher Waller, qui a \u00e9t\u00e9 mentionn\u00e9 comme un candidat potentiel pour remplacer Jerome Powell \u00e0 la pr\u00e9sidence de la Fed lorsque son mandat expirera en mai prochain, ont \u00e9t\u00e9 nomm\u00e9s au conseil des gouverneurs par Donald Trump.\n<\/p>\n<p>\n Ils ont dit \u00ab\u00a0pr\u00e9f\u00e9rer abaisser la fourchette cible du taux des fonds f\u00e9d\u00e9raux d&rsquo;un quart de point de pourcentage lors de cette r\u00e9union\u00a0\u00bb, est-il indiqu\u00e9 dans le communiqu\u00e9 de politique mon\u00e9taire de la banque centrale.\n<\/p>\n<p>\n Les voix dissidentes sur les taux devraient alimenter le d\u00e9bat sur la mani\u00e8re dont la pression publique du pr\u00e9sident am\u00e9ricain pour r\u00e9duire les taux directeurs, joue dans les d\u00e9cisions de l&rsquo;institution, qui est en principe ind\u00e9pendante.\n<\/p>\n<p>\n Jerome Powell, personnalit\u00e9 bipartisane nomm\u00e9e au conseil des gouverneurs de la Fed par l&rsquo;ancien pr\u00e9sident Barack Obama, puis promu \u00e0 la t\u00eate de l&rsquo;institution par Donald Trump, a vot\u00e9 en faveur du maintien des taux, tout comme trois autres gouverneurs et les cinq pr\u00e9sidents des banques r\u00e9gionales de la Fed qui disposent actuellement d&rsquo;un droit de vote au sein du FOMC. La gouverneure Adriana Kugler \u00e9tait absente et n&rsquo;a pas vot\u00e9.\n<\/p>\n<p>\n Les membres dissidents du FOMC publient souvent des d\u00e9clarations expliquant leur vote le vendredi suivant les r\u00e9unions de la Fed.\n<\/p>\n<p>\n Dans une enqu\u00eate r\u00e9alis\u00e9e par Reuters ce mois-ci, la totalit\u00e9 des 105 \u00e9conomistes interrog\u00e9s estimaient que la banque centrale am\u00e9ricaine ne modifierait pas ses co\u00fbts d&#8217;emprunt ce mercredi, tandis que 53% des \u00e9conomistes sond\u00e9s, soit 56, pr\u00e9voyaient une baisse seulement en septembre.\n<\/p>\n<p>\n (Howard Schneider; version fran\u00e7aise Claude Chendjou; \u00e9dit\u00e9 par Jean Terzian)<\/p>\n","protected":false},"excerpt":{"rendered":"Le b\u00e2timent de la R\u00e9serve f\u00e9d\u00e9rale, \u00e0 Washington. (Cr\u00e9dits: Federal Reserve) La R\u00e9serve f\u00e9d\u00e9rale am\u00e9ricaine (Fed) a, comme&hellip;\n","protected":false},"author":2,"featured_media":285171,"comment_status":"","ping_status":"","sticky":false,"template":"","format":"standard","meta":{"footnotes":""},"categories":[1589],"tags":[400,11,398,408,405,73,1866,403,402,399,404,12,401,406,1864,1865,1863,308,407],"class_list":{"0":"post-285170","1":"post","2":"type-post","3":"status-publish","4":"format-standard","5":"has-post-thumbnail","7":"category-etats-unis","8":"tag-action-cac-40","9":"tag-actualites","10":"tag-bourse-de-paris","11":"tag-boursorama","12":"tag-cotations","13":"tag-etats-unis","14":"tag-etats-unis-damerique","15":"tag-indices-devises","16":"tag-investir","17":"tag-investissement","18":"tag-marche-boursier","19":"tag-news","20":"tag-sicav","21":"tag-trackers","22":"tag-united-states","23":"tag-united-states-of-america","24":"tag-us","25":"tag-usa","26":"tag-warrants"},"share_on_mastodon":{"url":"https:\/\/pubeurope.com\/@fr\/114944197645659577","error":""},"_links":{"self":[{"href":"https:\/\/www.europesays.com\/fr\/wp-json\/wp\/v2\/posts\/285170","targetHints":{"allow":["GET"]}}],"collection":[{"href":"https:\/\/www.europesays.com\/fr\/wp-json\/wp\/v2\/posts"}],"about":[{"href":"https:\/\/www.europesays.com\/fr\/wp-json\/wp\/v2\/types\/post"}],"author":[{"embeddable":true,"href":"https:\/\/www.europesays.com\/fr\/wp-json\/wp\/v2\/users\/2"}],"replies":[{"embeddable":true,"href":"https:\/\/www.europesays.com\/fr\/wp-json\/wp\/v2\/comments?post=285170"}],"version-history":[{"count":0,"href":"https:\/\/www.europesays.com\/fr\/wp-json\/wp\/v2\/posts\/285170\/revisions"}],"wp:featuredmedia":[{"embeddable":true,"href":"https:\/\/www.europesays.com\/fr\/wp-json\/wp\/v2\/media\/285171"}],"wp:attachment":[{"href":"https:\/\/www.europesays.com\/fr\/wp-json\/wp\/v2\/media?parent=285170"}],"wp:term":[{"taxonomy":"category","embeddable":true,"href":"https:\/\/www.europesays.com\/fr\/wp-json\/wp\/v2\/categories?post=285170"},{"taxonomy":"post_tag","embeddable":true,"href":"https:\/\/www.europesays.com\/fr\/wp-json\/wp\/v2\/tags?post=285170"}],"curies":[{"name":"wp","href":"https:\/\/api.w.org\/{rel}","templated":true}]}}