{"id":285186,"date":"2025-07-30T21:07:35","date_gmt":"2025-07-30T21:07:35","guid":{"rendered":"https:\/\/www.europesays.com\/fr\/285186\/"},"modified":"2025-07-30T21:07:35","modified_gmt":"2025-07-30T21:07:35","slug":"les-chances-francaises-au-aig-womens-open","status":"publish","type":"post","link":"https:\/\/www.europesays.com\/fr\/285186\/","title":{"rendered":"Les chances fran\u00e7aises au AIG Women\u2019s Open"},"content":{"rendered":"<p>\t\t\t\t\t\t<img width=\"770\" height=\"556\" src=\"https:\/\/www.europesays.com\/fr\/wp-content\/uploads\/2025\/07\/delacour-770x556.jpg\" class=\"img-responsive wp-post-image\" alt=\"\" decoding=\"async\" fetchpriority=\"high\"  \/>\t\t\t\t\t<\/p>\n<p>\t\t\t\t\t\t Partager cet article <\/p>\n<p class=\"screen-reader-text juiz_sps_maybe_hidden_text\">Partager la publication \u00ab\u00a0Les chances fran\u00e7aises au AIG Women\u2019s Open\u00a0\u00bb<\/p>\n<p><strong>Comme \u00e0 Evian il y a trois semaines, C\u00e9line Boutier, Pauline Roussin-Bouchard, Perrine Delacour (photo) et Nastasia Nadaud vont d\u00e9fendre au pays de Galles les couleurs fran\u00e7aises \u00e0 l\u2019AIG Women\u2019s Open, dernier Majeur de la saison sur le circuit f\u00e9minin.<\/strong><\/p>\n<p>\t\t\t\t\t<a id=\"181043\" href=\"https:\/\/www.garmin.com\/fr-FR\/c\/sports-fitness\/golf-gps-devices-smartwatches\/\" target=\"_blank\" rel=\"sponsorised nofollow noopener\"><img decoding=\"async\" src=\"data:image\/svg+xml,%3Csvg%20xmlns=\" http:=\"\" class=\"img-responsive\" alt=\"\" data-lazy-src=\"https:\/\/www.europesays.com\/fr\/wp-content\/uploads\/2025\/06\/garmin-e01-serie-approach-1170x275-1.jpeg\"\/><\/a><\/p>\n<p><strong>L.V.<\/strong> \u00a0\u00a0\u00a0<\/p>\n<p>Victorieuse du <strong>Scottish Open<\/strong> en 2023, quelques jours seulement apr\u00e8s son triomphe \u00e0 <strong>Evian<\/strong>, <strong>C\u00e9line Boutier<\/strong> a d\u00e9cid\u00e9 cette ann\u00e9e de faire l\u2019impasse sur l\u2019\u00e9tape \u00e9cossaise au <strong>Dundonald Links<\/strong>. Au repos depuis deux semaines, depuis sa 21e place \u00e0 l\u2019<strong>Amundi Evian Championship<\/strong> sans avoir jou\u00e9 une seule fois au-dessus du par \u2013 son meilleur classement en Majeur depuis sa 19e place au <strong>KPMG Women\u2019s PGA Championship 2019<\/strong> \u2013 la 17e joueuse mondiale s\u2019\u00e9lance au pays de Galles pour son\u2026 45e tournoi du Grand Chelem. Son 11e British f\u00e9minin.<\/p>\n<p>Un rendez-vous pas comme les autres pour la Francilienne install\u00e9e \u00e0 Dallas (Texas) qui avait d\u00e9couvert l\u2019ambiance si particuli\u00e8re d\u2019un British en 2013 du c\u00f4t\u00e9 de <strong>St Andrews<\/strong>. Encore amateure, elle avait pris la 56e place finale. Depuis, c\u2019est tr\u00e8s certainement dans ce Majeur que C\u00e9line Boutier a enregistr\u00e9 ses meilleurs r\u00e9sultats. Si elle n\u2019a pas pass\u00e9 le cut en 2014, 2015 et 2018, elle termine 6e en 2019 \u00e0 <strong>Woburn<\/strong> puis 7e en 2022 \u00e0 <strong>Muirfield<\/strong>. Elle n\u2019a d\u2019ailleurs plus manqu\u00e9 un week-end depuis, finissant 16e en 2023 (\u00e0 <strong>Walton Heath<\/strong>) et 22e \u00e0 St Andrews l\u2019an pass\u00e9. \u00a0<\/p>\n<p>\t\t\t\t\t<a id=\"179394\" href=\"https:\/\/eu.ping.com\/fr-fr\/clubs\/irons\/i240\" target=\"_blank\" rel=\"sponsorised nofollow noopener\"><img decoding=\"async\" src=\"data:image\/svg+xml,%3Csvg%20xmlns=\" http:=\"\" class=\"img-responsive\" alt=\"\" data-lazy-src=\"https:\/\/www.europesays.com\/fr\/wp-content\/uploads\/2025\/07\/ping-e06-fers-i240-1170x275-1.jpg\"\/><\/a><\/p>\n<p><img loading=\"lazy\" decoding=\"async\" class=\"wp-image-179266 size-large aligncenter\" src=\"data:image\/svg+xml,%3Csvg%20xmlns=\" http:=\"\" alt=\"\" width=\"770\" height=\"556\" data-lazy- data-lazy- data-lazy-src=\"https:\/\/www.europesays.com\/fr\/wp-content\/uploads\/2025\/07\/celineboutier-770x556.jpg\"\/><\/p>\n<p>\t\t\t\t\t<a id=\"180479\" href=\"https:\/\/www.swing.fr\/voyage\/35-14eme-edition-des-doubles-gosset-by-beachcomber\" target=\"_blank\" rel=\"sponsorised nofollow noopener\"><img decoding=\"async\" src=\"data:image\/svg+xml,%3Csvg%20xmlns=\" http:=\"\" class=\"img-responsive\" alt=\"\" data-lazy-src=\"https:\/\/www.europesays.com\/fr\/wp-content\/uploads\/2025\/07\/beachcomber-e01-doubles-gosset-26-1170x275-1.jpg\"\/><\/a><\/p>\n<p>En quinze d\u00e9parts cette saison sur le <strong>LPGA Tour<\/strong>, elle n\u2019a \u00e9chou\u00e9 que deux fois. Au <strong>Chevron Championship<\/strong> puis au <strong>KPMG Women\u2019s PGA Championship<\/strong>. Deux Majeurs. Son esprit de revanche est donc d\u00e9cupl\u00e9 sachant qu\u2019elle n\u2019avait pu signer qu\u2019une tr\u00e8s anecdotique 45e place \u00e0 l\u2019<strong>U.S. Women\u2019s Open<\/strong> d\u00e9but juin \u00e0 <strong>Erin Hills<\/strong>.<\/p>\n<p>Coup d\u2019arr\u00eat pour PRB !<\/p>\n<p>C\u2019est justement l\u00e0-bas, dans le Wisconsin, que <strong>Pauline Roussin-Bouchard<\/strong> a \u00ab\u00a0relanc\u00e9\u00a0\u00bb sa saison sur le LPGA Tour en prenant une tr\u00e8s encourageante 28e place avant de confirmer juste apr\u00e8s au KPMG Women\u2019s PGA Championship avec une tr\u00e8s solide 10e place, malgr\u00e9 des conditions de jeu difficiles et un parcours dantesque.<\/p>\n<p>2e dans la foul\u00e9e au <strong>Dow Championship<\/strong> en compagnie de la Belge <strong>Manon De Roey<\/strong>, la native de Mont\u00e9limar a malheureusement connu un coup d\u2019arr\u00eat en revenant en Europe, manquant successivement le cut \u00e0 Evian puis au Scottish. Son exp\u00e9rience au British alors qu\u2019elle s\u2019\u00e9lance dans son 17e Majeur depuis ses d\u00e9buts en 2019 (\u00e0 Evian) se r\u00e9sume \u00e0 un \u00e9chec apr\u00e8s deux tours en 2023 \u00e0 Walton Heath. \u00a0<\/p>\n<p>\t\t\t\t<img loading=\"lazy\" decoding=\"async\" src=\"data:image\/svg+xml,%3Csvg%20xmlns=\" http:=\"\" attributionsrc=\"\" border=\"0\" height=\"1\" width=\"1\" alt=\"Advertisement\" data-lazy-src=\"https:\/\/www.europesays.com\/fr\/wp-content\/uploads\/2025\/06\/B33661776.421948095;dc_trk_aid=614321628;dc_trk_cid=235413172;ord=[timestamp];dc_lat=;dc_rdid=;tag_f.gif\"\/><\/p>\n<p>\t\t\t\t\t<a id=\"174697\" href=\"https:\/\/ad.doubleclick.net\/ddm\/trackclk\/N6600.3770024GOLFPLANATE\/B33661776.421948095;dc_trk_aid=614321628;dc_trk_cid=235413172;dc_lat=;dc_rdid=;tag_for_child_directed_treatment=;tfua=;gdpr=${GDPR};gdpr_consent=${GDPR_CONSENT_755};ltd=;dc_tdv=1\" target=\"_blank\" rel=\"sponsorised nofollow noopener\"><img decoding=\"async\" src=\"data:image\/svg+xml,%3Csvg%20xmlns=\" http:=\"\" class=\"img-responsive\" alt=\"\" data-lazy-src=\"https:\/\/www.europesays.com\/fr\/wp-content\/uploads\/2025\/06\/amundi-e01-retraite-2506-1170x275-1.jpg\"\/><\/a><\/p>\n<p><img loading=\"lazy\" decoding=\"async\" class=\"wp-image-179008 size-large aligncenter\" src=\"data:image\/svg+xml,%3Csvg%20xmlns=\" http:=\"\" alt=\"\" width=\"770\" height=\"556\" data-lazy- data-lazy- data-lazy-src=\"https:\/\/www.europesays.com\/fr\/wp-content\/uploads\/2025\/07\/roussin-bouchard_pauline_012-770x556.jpg\"\/><\/p>\n<p>\t\t\t\t\t<a id=\"178042\" href=\"https:\/\/leclub-golf.com\/fr\/actualites\/team-sud-ouest-vs-team-sud-est-le-duel-de-lete?utm_source=golf+planete&amp;utm_medium=referral&amp;utm_campaign=team+sud&amp;utm_id=team+sud_golf+planete_referral_banner\" target=\"_blank\" rel=\"sponsorised nofollow noopener\"><img decoding=\"async\" src=\"https:\/\/www.europesays.com\/fr\/wp-content\/uploads\/2025\/07\/leclubgolf-e08-duel-teams-1170x275-1.png\" class=\"img-responsive\" alt=\"\"\/><\/a><\/p>\n<p>Revenue essentiellement sur le <strong>Ladies European Tour<\/strong> (LET) cette ann\u00e9e, <strong>Perrine Delacour<\/strong> effectue une saison tr\u00e8s solide. <a href=\"https:\/\/ladieseuropeantour.com\/order-of-merit?id=2025&amp;oom=PT\" target=\"_blank\" rel=\"noopener nofollow\">9e de l\u2019ordre du m\u00e9rite<\/a>, d\u2019o\u00f9 sa pr\u00e9sence au pays de Galles, elle s\u2019est impos\u00e9e en avril en Afrique du Sud et a collectionn\u00e9 jusqu\u2019\u00e0 la mi-juin trois autres top 10. La Picarde a enchain\u00e9 avec une bonne 21e place \u00e0 Evian, postant ici sa meilleure sortie en Haute-Savoie en six tentatives (54e en 2022, 49e en 2024).<\/p>\n<p>Absente des deux derniers tours le week-end pass\u00e9 en Ecosse, elle dispute cette semaine son 6e British et, \u00e0 l\u2019image de C\u00e9line Boutier, a plut\u00f4t \u00e9t\u00e9 souvent \u00e0 son avantage dans ce tournoi, terminant \u00e0 la 21e place en 2023, 34e en 2021 et 39e en 2020.<\/p>\n<p>\t\t\t\t<img loading=\"lazy\" decoding=\"async\" src=\"data:image\/svg+xml,%3Csvg%20xmlns=\" http:=\"\" attributionsrc=\"\" border=\"0\" height=\"1\" width=\"1\" alt=\"Advertisement\" data-lazy-src=\"https:\/\/www.europesays.com\/fr\/wp-content\/uploads\/2025\/05\/B33047934.421787844;dc_trk_aid=614154864;dc_trk_cid=235296214;ord=[timestamp];dc_lat=;dc_rdid=;tag_f.gif\"\/><\/p>\n<p>\t\t\t\t\t<a id=\"173261\" href=\"https:\/\/ad.doubleclick.net\/ddm\/trackclk\/N1153799.3770024GOLFPLANATE\/B33047934.421787844;dc_trk_aid=614154864;dc_trk_cid=235296214;dc_lat=;dc_rdid=;tag_for_child_directed_treatment=;tfua=;gdpr=${GDPR};gdpr_consent=${GDPR_CONSENT_755};ltd=;dc_tdv=1\" target=\"_blank\" rel=\"sponsorised nofollow noopener\"><img decoding=\"async\" src=\"data:image\/svg+xml,%3Csvg%20xmlns=\" http:=\"\" class=\"img-responsive\" alt=\"\" data-lazy-src=\"https:\/\/www.europesays.com\/fr\/wp-content\/uploads\/2025\/05\/callaway-e03-aione-square2square-1170x275-1.jpg\"\/><\/a><br \/>\n<img loading=\"lazy\" decoding=\"async\" class=\"wp-image-179244 size-large\" src=\"data:image\/svg+xml,%3Csvg%20xmlns=\" http:=\"\" alt=\"\" width=\"770\" height=\"556\" data-lazy- data-lazy- data-lazy-src=\"https:\/\/www.europesays.com\/fr\/wp-content\/uploads\/2025\/07\/triomagique-770x556.jpg\"\/><\/p>\n<p style=\"text-align:left;\" class=\"wp-caption-text\">Nastasia Nadaud, entour\u00e9e par Nelly Korda (\u00e0 gauche) et Minjee Lee lors du 3e tour de l\u2019Amundi Evian Championship 2025<\/p>\n<p>\t\t\t\t\t<a id=\"174987\" href=\"https:\/\/www.sudfrancegolf.com\/fr\/\" target=\"_blank\" rel=\"sponsorised nofollow noopener\"><img decoding=\"async\" src=\"data:image\/svg+xml,%3Csvg%20xmlns=\" http:=\"\" class=\"img-responsive\" alt=\"\" data-lazy-src=\"https:\/\/www.europesays.com\/fr\/wp-content\/uploads\/2025\/06\/giesudfrancegolf-e02-egolf-pass-2025-v2-1170x275-1.gif\"\/><\/a><\/p>\n<p>Benjamine du quatuor tricolore, <strong>Nastasia Nadaud<\/strong>, 20 ans seulement, poursuit son \u00e9closion sur le Ladies European Tour. Class\u00e9e pour l\u2019instant en 13e position de l\u2019ordre du m\u00e9rite, la Savoyarde a d\u00e9montr\u00e9 toutes ses qualit\u00e9s \u00e0 Evian, prenant pour son premier Majeur une tr\u00e8s prometteuse 21e place, ayant notamment fait jeu \u00e9gal lors du 3e tour en partageant sa journ\u00e9e avec <strong>Nelly Korda<\/strong> et <strong>Minjee Lee<\/strong>.<\/p>\n<p>Seule Fran\u00e7aise (avec <strong>C\u00e9line Herbin<\/strong>) \u00e0 avoir franchi le cut au Scottish Open il y a quelques jours (43e place finale), Nastasia Nadaud engrange de l\u2019exp\u00e9rience. Il lui en faudra pour, qui sait, affronter en d\u00e9cembre prochain le marathon des Cartes du LPGA Tour. Si toutefois elle parvient \u00e0 finir sa saison dans le top 10 de l\u2019ordre du m\u00e9rite europ\u00e9en.\u00a0<\/p>\n<p>\t\t\t\t\t<a id=\"178017\" href=\"https:\/\/www.formigolf.fr\/voyage-pays~jardin-de-tecina-4etoiles-la-gomera~75~canaries\" target=\"_blank\" rel=\"sponsorised nofollow noopener\"><img decoding=\"async\" src=\"data:image\/svg+xml,%3Csvg%20xmlns=\" http:=\"\" class=\"img-responsive\" alt=\"\" data-lazy-src=\"https:\/\/www.europesays.com\/fr\/wp-content\/uploads\/2025\/07\/formigolf-e07-canaries-gomera-1170x275-1.gif\"\/><\/a><\/p>\n<p>Photos : Mark Runnacles \/ LET ; Philippe Millereau \/ KMSP ; Paul Devlin \/ GETTY IMAGES EUROPE \/ Getty Images via AFP<\/p>\n<p>\t\t\t\t\t<a id=\"179399\" href=\"https:\/\/www.terre-blanche.com\/landing\/summer-deals?mtm_campaign=summer_deals_golf_planet_juil_2025&amp;mtm_medium=display&amp;mtm_source=golf_planet&amp;mtm_content=_CTA_&amp;mtm_group=trafic\" target=\"_blank\" rel=\"sponsorised nofollow noopener\"><img decoding=\"async\" src=\"data:image\/svg+xml,%3Csvg%20xmlns=\" http:=\"\" class=\"img-responsive\" alt=\"\" data-lazy-src=\"https:\/\/www.europesays.com\/fr\/wp-content\/uploads\/2025\/07\/terreblanche-e01-summer-deals-1170x275-1.gif\"\/><\/a><\/p>\n","protected":false},"excerpt":{"rendered":"Partager cet article Partager la publication \u00ab\u00a0Les chances fran\u00e7aises au AIG Women\u2019s Open\u00a0\u00bb Comme \u00e0 Evian il y&hellip;\n","protected":false},"author":2,"featured_media":285187,"comment_status":"","ping_status":"","sticky":false,"template":"","format":"standard","meta":{"footnotes":""},"categories":[1418],"tags":[1011,27,1472,60],"class_list":{"0":"post-285186","1":"post","2":"type-post","3":"status-publish","4":"format-standard","5":"has-post-thumbnail","7":"category-golf","8":"tag-fr","9":"tag-france","10":"tag-golf","11":"tag-sports"},"share_on_mastodon":{"url":"https:\/\/pubeurope.com\/@fr\/114944228942239416","error":""},"_links":{"self":[{"href":"https:\/\/www.europesays.com\/fr\/wp-json\/wp\/v2\/posts\/285186","targetHints":{"allow":["GET"]}}],"collection":[{"href":"https:\/\/www.europesays.com\/fr\/wp-json\/wp\/v2\/posts"}],"about":[{"href":"https:\/\/www.europesays.com\/fr\/wp-json\/wp\/v2\/types\/post"}],"author":[{"embeddable":true,"href":"https:\/\/www.europesays.com\/fr\/wp-json\/wp\/v2\/users\/2"}],"replies":[{"embeddable":true,"href":"https:\/\/www.europesays.com\/fr\/wp-json\/wp\/v2\/comments?post=285186"}],"version-history":[{"count":0,"href":"https:\/\/www.europesays.com\/fr\/wp-json\/wp\/v2\/posts\/285186\/revisions"}],"wp:featuredmedia":[{"embeddable":true,"href":"https:\/\/www.europesays.com\/fr\/wp-json\/wp\/v2\/media\/285187"}],"wp:attachment":[{"href":"https:\/\/www.europesays.com\/fr\/wp-json\/wp\/v2\/media?parent=285186"}],"wp:term":[{"taxonomy":"category","embeddable":true,"href":"https:\/\/www.europesays.com\/fr\/wp-json\/wp\/v2\/categories?post=285186"},{"taxonomy":"post_tag","embeddable":true,"href":"https:\/\/www.europesays.com\/fr\/wp-json\/wp\/v2\/tags?post=285186"}],"curies":[{"name":"wp","href":"https:\/\/api.w.org\/{rel}","templated":true}]}}