{"id":28520,"date":"2025-04-16T05:34:10","date_gmt":"2025-04-16T05:34:10","guid":{"rendered":"https:\/\/www.europesays.com\/fr\/28520\/"},"modified":"2025-04-16T05:34:10","modified_gmt":"2025-04-16T05:34:10","slug":"faut-il-manger-la-peau-du-kiwi-voici-lavis-dune-nutritionniste-mieux-vaut-bien-frotter-avec-une-brosse","status":"publish","type":"post","link":"https:\/\/www.europesays.com\/fr\/28520\/","title":{"rendered":"Faut-il manger la peau du kiwi\u00a0? Voici l&rsquo;avis d&rsquo;une nutritionniste : \u00ab\u00a0Mieux vaut bien frotter avec une brosse\u00a0\u00bb"},"content":{"rendered":"<p class=\"ap-StoryElement ap-StoryElement--mb js-paywall-target ap-StoryText\">Mais ce n&rsquo;est pas le cas du kiwi, surnomm\u00e9 le \u00ab\u00a0fruit de la sant\u00e9\u00a0\u00bb en Italie gr\u00e2ce \u00e0 sa haute teneur en vitamine C. Le kiwi est \u00e9galement riche en antioxydants, qui agissent comme un agent anti-vieillissement, et en fibres. \u00ab\u00a0Plus on mange le kiwi proche de sa peau, plus la teneur en fibres est \u00e9lev\u00e9e. Concernant les vitamines, le kiwi apporte aussi de la B9 qui est int\u00e9ressante en cas de grossesse, de la E et du potassium\u00a0\u00bb, nous pr\u00e9cise Val\u00e9rie Gheenens.<\/p>\n<p><a href=\"https:\/\/www.lalibre.be\/lifestyle\/food\/2025\/04\/12\/lun-des-aliments-les-plus-consommes-a-ce-jour-a-longtemps-ete-considere-comme-un-veritable-poison-366F4B32OZGZFIP3POGGBW3KQY\/\" target=\"_blank\" rel=\"noopener noreferrer\" class=\"ap-StoryInterstitialLink ap-StoryElement ap-StoryElement--mb\">L&rsquo;un des aliments les plus consomm\u00e9s \u00e0 ce jour a longtemps \u00e9t\u00e9 consid\u00e9r\u00e9 comme un v\u00e9ritable poison<\/a>La peau du kiwi, une alli\u00e9e pour la sant\u00e9 intestinale<\/p>\n<p class=\"ap-StoryElement ap-StoryElement--mb ap-StoryText\">Chouchouter la sant\u00e9 intestinale est important. Avec la pr\u00e9sence de multiples vitamines, d&rsquo;antioxydants et de fibres, le kiwi a un impact positif sur la sant\u00e9 gastro-intestinale. \u00ab\u00a0Une <a href=\"https:\/\/pubmed.ncbi.nlm.nih.gov\/21147704\/\" target=\"_blank\" rel=\"noopener\">\u00e9tude <\/a>de 2020 indique que la consommation de la peau de kiwi permettrait aux personnes souffrant du syndrome de l&rsquo;intestin irritable et qui souffrent de constipation d&rsquo;avoir un transit plus rapide et donc d&rsquo;am\u00e9liorer la sant\u00e9 intestinale\u00a0\u00bb, souligne Val\u00e9rie Gheenens.<\/p>\n<p class=\"ap-StoryElement ap-StoryElement--mb ap-StoryText\">Pour pouvoir consommer la peau du kiwi en toute s\u00e9curit\u00e9, il est pr\u00e9f\u00e9rable de bien le laver. \u00ab\u00a0Le probl\u00e8me pour les peaux de fruits reste les pesticides. L&rsquo;id\u00e9al est de le consommer de mani\u00e8re locale et qu&rsquo;il soit bio\u00a0\u00bb, recommande la nutritionniste. Bien que l&rsquo;apparence de la peau de kiwi ne donne pas envie d&rsquo;\u00eatre mang\u00e9e, celle du kiwi jaune serait plus facile \u00e0 \u00eatre d\u00e9gust\u00e9e. \u00ab\u00a0Le kiwi jaune a une peau lisse qui permet d&rsquo;\u00eatre consomm\u00e9e plus facilement, tandis que le vert est assez poilu. Il suffit de le laver et de bien le frotter avec une brosse pour enlever un maximum de poils. Ceux-ci n&rsquo;apportent pas grand-chose, c&rsquo;est la peau qui est r\u00e9ellement int\u00e9ressante\u00a0\u00bb, ajoute-t-elle. Privil\u00e9gier le kiwi jaune ou raser le kiwi vert rendrait la d\u00e9gustation plus agr\u00e9able. La sp\u00e9cialiste conseille de le couper en petites lamelles \u00e0 la place de quarts pour que ce soit plus facile \u00e0 ing\u00e9rer.<\/p>\n<p><a href=\"https:\/\/www.lalibre.be\/lifestyle\/food\/2025\/04\/10\/une-etude-alerte-sur-une-machine-a-cafe-utilisee-dans-les-entreprises-cela-peut-avoir-un-impact-sur-votre-sante-TOYOM7T4SZBMDJOI7DMJL65NHA\/\" target=\"_blank\" rel=\"noopener noreferrer\" class=\"ap-StoryInterstitialLink ap-StoryElement ap-StoryElement--mb\">Une \u00e9tude alerte sur une machine \u00e0 caf\u00e9 utilis\u00e9e dans les entreprises: \u00ab\u00a0Cela peut avoir un impact sur votre sant\u00e9\u00a0\u00bb<\/a><\/p>\n<p class=\"ap-StoryElement ap-StoryElement--mb ap-StoryText\">Toutefois, la nutritionniste rappelle que, mis \u00e0 part la peau de la papaye (et d&rsquo;autres fruits exotiques qu&rsquo;on ne consomme pas), la plupart des peaux de fruits peuvent \u00eatre mang\u00e9es, comme le zeste des agrumes. \u00ab\u00a0Tout d\u00e9pend de la tol\u00e9rance au go\u00fbt et aux composants. Concernant le kiwi, sa peau contient de l&rsquo;actinidie, un constituant b\u00e9n\u00e9fique pour le transit, mais c&rsquo;est aussi un allerg\u00e8ne. Chez les personnes sensibles, notamment les enfants, cela peut provoquer des r\u00e9actions comme des diarrh\u00e9es, vomissements ou irritations buccales. Il est donc recommand\u00e9 de rester mod\u00e9r\u00e9, de varier les fruits, et d&rsquo;\u00e9viter une consommation excessive\u00a0\u00bb, alerte-t-elle.<\/p>\n<p class=\"ap-StoryElement ap-StoryElement--mb ap-StoryText\">Pour pouvoir profiter des bienfaits de la peau du kiwi, il est pr\u00e9f\u00e9rable de faire un premier essai pour \u00e9valuer la r\u00e9action de son corps. L&rsquo;id\u00e9e est de rester dans une vari\u00e9t\u00e9 lors de la consommation de fruits.<\/p>\n","protected":false},"excerpt":{"rendered":"Mais ce n&rsquo;est pas le cas du kiwi, surnomm\u00e9 le \u00ab\u00a0fruit de la sant\u00e9\u00a0\u00bb en Italie gr\u00e2ce \u00e0&hellip;\n","protected":false},"author":2,"featured_media":28521,"comment_status":"","ping_status":"","sticky":false,"template":"","format":"standard","meta":{"footnotes":""},"categories":[10],"tags":[9997,9998,1350,9999,10000,10001,1208,10002,10003,10004,3335,10005,10006,10007,10008,10009,674,9513,4816,10010,1011,27,10011,10012,10013,72,10014,10015,10016,10017,10018,10019,10020,10021,10022,71,10023,10024,10025,10026,10027,3875,10028,10029,10030,10031,10032,10033],"class_list":{"0":"post-28520","1":"post","2":"type-post","3":"status-publish","4":"format-standard","5":"has-post-thumbnail","7":"category-sante","8":"tag-above","9":"tag-aerial-view","10":"tag-architecture","11":"tag-belgium","12":"tag-belgium-brussels","13":"tag-brussels","14":"tag-building","15":"tag-building-exterior","16":"tag-buildings","17":"tag-capital-cities","18":"tag-centre","19":"tag-church","20":"tag-city","21":"tag-cityscape","22":"tag-day","23":"tag-destination","24":"tag-europe","25":"tag-european","26":"tag-facade","27":"tag-famous-place","28":"tag-fr","29":"tag-france","30":"tag-from-above","31":"tag-grand-place","32":"tag-grand-place-brussels","33":"tag-health","34":"tag-historical","35":"tag-hotel-de-ville-bruxelles","36":"tag-houses","37":"tag-landmark","38":"tag-mid-air","39":"tag-no-people","40":"tag-roof-top","41":"tag-roofing","42":"tag-rooftop","43":"tag-sante","44":"tag-scenery","45":"tag-scenic","46":"tag-sightseeing","47":"tag-sky","48":"tag-sunny","49":"tag-tourism","50":"tag-tower","51":"tag-traditional","52":"tag-travel","53":"tag-travel-destinations","54":"tag-urban","55":"tag-view"},"share_on_mastodon":{"url":"","error":"Validation failed: Text character limit of 500 exceeded"},"_links":{"self":[{"href":"https:\/\/www.europesays.com\/fr\/wp-json\/wp\/v2\/posts\/28520","targetHints":{"allow":["GET"]}}],"collection":[{"href":"https:\/\/www.europesays.com\/fr\/wp-json\/wp\/v2\/posts"}],"about":[{"href":"https:\/\/www.europesays.com\/fr\/wp-json\/wp\/v2\/types\/post"}],"author":[{"embeddable":true,"href":"https:\/\/www.europesays.com\/fr\/wp-json\/wp\/v2\/users\/2"}],"replies":[{"embeddable":true,"href":"https:\/\/www.europesays.com\/fr\/wp-json\/wp\/v2\/comments?post=28520"}],"version-history":[{"count":0,"href":"https:\/\/www.europesays.com\/fr\/wp-json\/wp\/v2\/posts\/28520\/revisions"}],"wp:featuredmedia":[{"embeddable":true,"href":"https:\/\/www.europesays.com\/fr\/wp-json\/wp\/v2\/media\/28521"}],"wp:attachment":[{"href":"https:\/\/www.europesays.com\/fr\/wp-json\/wp\/v2\/media?parent=28520"}],"wp:term":[{"taxonomy":"category","embeddable":true,"href":"https:\/\/www.europesays.com\/fr\/wp-json\/wp\/v2\/categories?post=28520"},{"taxonomy":"post_tag","embeddable":true,"href":"https:\/\/www.europesays.com\/fr\/wp-json\/wp\/v2\/tags?post=28520"}],"curies":[{"name":"wp","href":"https:\/\/api.w.org\/{rel}","templated":true}]}}