{"id":285217,"date":"2025-07-30T21:26:12","date_gmt":"2025-07-30T21:26:12","guid":{"rendered":"https:\/\/www.europesays.com\/fr\/285217\/"},"modified":"2025-07-30T21:26:12","modified_gmt":"2025-07-30T21:26:12","slug":"wall-street-marque-le-pas-apres-les-propos-prudents-du-president-de-la-fed-30-07-2025-a-2246","status":"publish","type":"post","link":"https:\/\/www.europesays.com\/fr\/285217\/","title":{"rendered":"Wall Street marque le pas apr\u00e8s les propos prudents du pr\u00e9sident de la Fed &#8211; 30\/07\/2025 \u00e0 22:46"},"content":{"rendered":"<p>        <img fetchpriority=\"high\" decoding=\"async\" src=\"https:\/\/www.europesays.com\/fr\/wp-content\/uploads\/2025\/07\/70bce3d4c4db787f6de5c3a20779279e-760x506.jpg\" alt=\"Un op\u00e9rateur \u00e0 la Bourse de New York, le 15 juillet 2025 ( AFP \/ ANGELA WEISS )\" loading=\"eager\" width=\"760\" height=\"506\" style=\"max-width: 100%!important; height: auto;\"\/><\/p>\n<p class=\"c-image-news__legend\">Un op\u00e9rateur \u00e0 la Bourse de New York, le 15 juillet 2025 ( AFP \/ ANGELA WEISS )<\/p>\n<p>\n La Bourse de New York a marqu\u00e9 le pas mercredi, plomb\u00e9e par des propos mesur\u00e9s du pr\u00e9sident de la R\u00e9serve f\u00e9d\u00e9rale (Fed) Jerome Powell, qui font reculer les anticipations d&rsquo;une baisse de taux lors de la prochaine r\u00e9union de l&rsquo;institution en septembre.\n<\/p>\n<p>\n Apr\u00e8s une session globalement dans le vert, le Dow Jones a termin\u00e9 en recul de 0,38% et l&rsquo;indice \u00e9largi S&amp;P 500 a perdu 0,12%. Seul l&rsquo;indice Nasdaq est parvenu \u00e0 cl\u00f4turer en petite hausse (+0,15%).\n<\/p>\n<p>\n \u00ab\u00a0M. Powell s&rsquo;est montr\u00e9 plus ferme que ce que les march\u00e9s esp\u00e9raient\u00a0\u00bb, a r\u00e9sum\u00e9 aupr\u00e8s de l&rsquo;AFP Angelo Kourkafas, analyste d&rsquo;Edward Jones.\n<\/p>\n<p>\n Selon le patron de la banque centrale am\u00e9ricaine (Fed), il reste \u00ab\u00a0beaucoup, beaucoup d&rsquo;incertitudes \u00e0 lever\u00a0\u00bb concernant les r\u00e9percussions de la vol\u00e9e de nouveaux droits de douane impos\u00e9s sur les produits entrant aux Etats-Unis par le gouvernement Trump.\n<\/p>\n<p>\n Concernant les n\u00e9gociations commerciales, \u00ab\u00a0nous sommes encore loin de voir o\u00f9 les choses vont aboutir\u00a0\u00bb, malgr\u00e9 une \u00ab\u00a0p\u00e9riode tr\u00e8s dynamique\u00a0\u00bb, a jug\u00e9 M. Powell, qui s&rsquo;exprimait \u00e0 l&rsquo;issue de la r\u00e9union du comit\u00e9 de politique mon\u00e9taire (FOMC) de la la Fed.\n<\/p>\n<p>\n L&rsquo;institution a sans surprise laiss\u00e9 ses taux d&rsquo;int\u00e9r\u00eat inchang\u00e9s mercredi, au niveau qui est le leur depuis d\u00e9cembre, entre 4,25% et 4,50%.\n<\/p>\n<p>\n \u00ab\u00a0Le march\u00e9 n&rsquo;a pas re\u00e7u les indices selon lesquels une baisse en septembre \u00e9tait tr\u00e8s probable\u00a0\u00bb, ce qui explique sa r\u00e9action \u00e0 la baisse, selon M. Kourkafas.\n<\/p>\n<p>\n Alors qu&rsquo;une majorit\u00e9 d&rsquo;analystes anticipait une baisse des taux lors de la prochaine r\u00e9union du FOMC en septembre, ils sont d\u00e9sormais plus circonspects, d&rsquo;apr\u00e8s l&rsquo;outil de veille de CME.\n<\/p>\n<p>\n Sur douze membres du FOMC, deux ont vot\u00e9 contre le maintien des taux. Une telle opposition ne s&rsquo;\u00e9tait pas vue depuis plus de 30 ans.\n<\/p>\n<p>\n \u00ab\u00a0Mais la majorit\u00e9 du comit\u00e9 revient toujours \u00e0 l&rsquo;approche attentiste \u00e0 laquelle nous sommes d\u00e9sormais habitu\u00e9s\u00a0\u00bb, a relev\u00e9 M. Koukafas.\n<\/p>\n<p>\n Sur le march\u00e9 obligataire, le rendement de l&#8217;emprunt am\u00e9ricain \u00e0 deux ans, l&rsquo;\u00e9ch\u00e9ance la plus sensible aux changements de politique mon\u00e9taire, baissait \u00e0 3,87% contre 3,93% \u00e0 la cl\u00f4ture mardi.\n<\/p>\n<p>\n L&rsquo;\u00e9ch\u00e9ance \u00e0 dix ans se tendait elle \u00e0 4,37%, contre 4,32%.\n<\/p>\n<p>\n En d\u00e9but de session, Wall Street s&rsquo;\u00e9tait montr\u00e9e enthousiaste par la publication de donn\u00e9es montrant une \u00e9conomie am\u00e9ricaine en meilleure forme qu&rsquo;attendu.\n<\/p>\n<p>\n L&rsquo;activit\u00e9 \u00e9conomique a progress\u00e9 de 3% au deuxi\u00e8me trimestre aux Etats-Unis en rythme annualis\u00e9 l\u00e0 o\u00f9 les analystes de MarketWatch tablaient sur 2,3% de hausse du produit int\u00e9rieur brut (PIB).\n<\/p>\n<p>\n Une diff\u00e9rence marqu\u00e9e alors que le PIB s&rsquo;\u00e9tait contract\u00e9 de 0,5% au premier trimestre, en rythme annualis\u00e9, en raison d&rsquo;une ru\u00e9e vers les importations pour retarder au maximum l&rsquo;effet des droits de douane mis en place par Donald Trump, investi pour un second mandat en janvier.\n<\/p>\n<p>\n Publi\u00e9 aussi mercredi, le rapport mensuel du cabinet ADP et de Stanford Lab a fait \u00e9tat de 104.000 postes cr\u00e9\u00e9s en juillet dans le secteur priv\u00e9 aux Etats-Unis, davantage que les 76.000 attendus par les analystes.\n<\/p>\n<p>\n A la cote, le loueur de v\u00e9hicules Avis (-15,41% \u00e0 172,46 dollars) a souffert de r\u00e9sultats nettement inf\u00e9rieurs aux attentes pour le deuxi\u00e8me trimestre, notamment un b\u00e9n\u00e9fice net par action de 10 cents, tandis que les analystes l&rsquo;anticipaient autour de 2 dollars.\n<\/p>\n<p>\n Le g\u00e9ant pharmaceutique Novo Nordisk (-7,25% \u00e0 50,03 dollars) a poursuivi son plongeon, au lendemain de la deuxi\u00e8me r\u00e9vision en baisse de ses pr\u00e9visions de r\u00e9sultats, plomb\u00e9s par les mauvaises ventes aux Etats-Unis de ses traitements vedette contre l&rsquo;ob\u00e9sit\u00e9 et le diab\u00e8te, Wegovy et Ozempic.\n<\/p>\n<p>\n Le fabricant de motos Harley Davidson (+13,38% \u00e0 26,02 dollars) a surf\u00e9 sur l&rsquo;annonce d&rsquo;un partenariat entre sa branche financi\u00e8re et les fonds d&rsquo;investissement KKR et Pimco.\n<\/p>\n<p>\n Le groupe agroalimentaire Mondelez International (biscuits Lu et Oreo, chocolats Milka et C\u00f4te d&rsquo;Or) a perdu 6,61% \u00e0 65,10 dollars, malgr\u00e9 un chiffre d&rsquo;affaires en nette progression au deuxi\u00e8me trimestre, soutenu par les hausses de prix appliqu\u00e9es \u00e0 ses produits chocolat\u00e9s.\n<\/p>\n<p>\n Apr\u00e8s la cl\u00f4ture de Wall Street, l&rsquo;action de Meta a bondi de plus de 10% lors des \u00e9changes \u00e9lectroniques.\n<\/p>\n<p>\n Le groupe (Facebook, Instagram&#8230;) a largement d\u00e9pass\u00e9 les attentes au deuxi\u00e8me trimestre, avec 47,5 milliards de dollars de chiffre d&rsquo;affaires, en croissance de 22% sur un an, dont le groupe a d\u00e9gag\u00e9 18,34 milliards de dollars de b\u00e9n\u00e9fice net (+36%), gr\u00e2ce notamment \u00e0 la hausse des prix publicitaires\n<\/p>\n<p>\n Nasdaq<\/p>\n","protected":false},"excerpt":{"rendered":"Un op\u00e9rateur \u00e0 la Bourse de New York, le 15 juillet 2025 ( AFP \/ ANGELA WEISS )&hellip;\n","protected":false},"author":2,"featured_media":285218,"comment_status":"","ping_status":"","sticky":false,"template":"","format":"standard","meta":{"footnotes":""},"categories":[6],"tags":[400,398,408,35,405,33,34,1011,27,403,402,399,404,401,406,407],"class_list":{"0":"post-285217","1":"post","2":"type-post","3":"status-publish","4":"format-standard","5":"has-post-thumbnail","7":"category-economie","8":"tag-action-cac-40","9":"tag-bourse-de-paris","10":"tag-boursorama","11":"tag-business","12":"tag-cotations","13":"tag-economie","14":"tag-economy","15":"tag-fr","16":"tag-france","17":"tag-indices-devises","18":"tag-investir","19":"tag-investissement","20":"tag-marche-boursier","21":"tag-sicav","22":"tag-trackers","23":"tag-warrants"},"share_on_mastodon":{"url":"https:\/\/pubeurope.com\/@fr\/114944303633718486","error":""},"_links":{"self":[{"href":"https:\/\/www.europesays.com\/fr\/wp-json\/wp\/v2\/posts\/285217","targetHints":{"allow":["GET"]}}],"collection":[{"href":"https:\/\/www.europesays.com\/fr\/wp-json\/wp\/v2\/posts"}],"about":[{"href":"https:\/\/www.europesays.com\/fr\/wp-json\/wp\/v2\/types\/post"}],"author":[{"embeddable":true,"href":"https:\/\/www.europesays.com\/fr\/wp-json\/wp\/v2\/users\/2"}],"replies":[{"embeddable":true,"href":"https:\/\/www.europesays.com\/fr\/wp-json\/wp\/v2\/comments?post=285217"}],"version-history":[{"count":0,"href":"https:\/\/www.europesays.com\/fr\/wp-json\/wp\/v2\/posts\/285217\/revisions"}],"wp:featuredmedia":[{"embeddable":true,"href":"https:\/\/www.europesays.com\/fr\/wp-json\/wp\/v2\/media\/285218"}],"wp:attachment":[{"href":"https:\/\/www.europesays.com\/fr\/wp-json\/wp\/v2\/media?parent=285217"}],"wp:term":[{"taxonomy":"category","embeddable":true,"href":"https:\/\/www.europesays.com\/fr\/wp-json\/wp\/v2\/categories?post=285217"},{"taxonomy":"post_tag","embeddable":true,"href":"https:\/\/www.europesays.com\/fr\/wp-json\/wp\/v2\/tags?post=285217"}],"curies":[{"name":"wp","href":"https:\/\/api.w.org\/{rel}","templated":true}]}}