{"id":285230,"date":"2025-07-30T21:38:15","date_gmt":"2025-07-30T21:38:15","guid":{"rendered":"https:\/\/www.europesays.com\/fr\/285230\/"},"modified":"2025-07-30T21:38:15","modified_gmt":"2025-07-30T21:38:15","slug":"au-zoo-de-montpellier-200-chauves-souris-ont-ete-euthanasiees-faute-de-place-liberation","status":"publish","type":"post","link":"https:\/\/www.europesays.com\/fr\/285230\/","title":{"rendered":"Au zoo de Montpellier, 200 chauves-souris ont \u00e9t\u00e9 euthanasi\u00e9es\u2026 faute de place \u2013 Lib\u00e9ration"},"content":{"rendered":"<p class=\"sc-ksZaOG ehjQrN text-element\">Une raison aussi simple que cruelle. En f\u00e9vrier, plus de <a href=\"https:\/\/www.liberation.fr\/environnement\/biodiversite\/laurent-tillon-les-chauves-souris-sont-des-bijoux-high-tech-20231208_OZOBETEEO5EMJESLCGO6QLPKZA\/\" target=\"_blank\" rel=\"noreferrer nofollow noopener\" title=\"https:\/\/www.liberation.fr\/environnement\/biodiversite\/laurent-tillon-les-chauves-souris-sont-des-bijoux-high-tech-20231208_OZOBETEEO5EMJESLCGO6QLPKZA\/\">200 chauves-souris<\/a> du zoo de Montpellier ont \u00e9t\u00e9 tu\u00e9es volontairement. Leur tort ? Ne plus avoir d\u2019endroit o\u00f9 loger apr\u00e8s avoir \u00e9t\u00e9 expuls\u00e9es de leur serre. Indign\u00e9, un conseiller municipal de la ville, \u00e9lu du Parti animaliste, a d\u00e9pos\u00e9 plainte, a confirm\u00e9 le tribunal administratif ce mercredi 30 juillet \u00e0 l\u2019AFP.<\/p>\n<p class=\"sc-ksZaOG ehjQrN text-element\">Eddine Ariztegui, \u00e9lu au conseil municipal et d\u00e9l\u00e9gu\u00e9 au bien-\u00eatre animal, a saisi lundi le tribunal administratif de Montpellier, qui n\u2019a pas pr\u00e9cis\u00e9 \u00e0 quelle date il pourrait \u00e9tudier ce dossier. La justice doit \u00abconfirmer que cette euthanasie \u00e9tait irr\u00e9guli\u00e8re, pour que \u00e7a ne se reproduise pas sur d\u2019autres animaux\u00bb, a plaid\u00e9 l\u2019\u00e9lu aupr\u00e8s de l\u2019AFP.<\/p>\n<p class=\"sc-ksZaOG ehjQrN text-element\">Ces chiropt\u00e8res \u00e9taient sans domicile fixe depuis 2021 au zoo de Montpellier. Leur avenir \u00e9tait \u00e0 l\u2019\u00e9tude depuis de nombreux mois apr\u00e8s leur expulsion de la serre amazonienne de l\u2019\u00e9tablissement, ferm\u00e9e apr\u00e8s un rapport de la Direction d\u00e9partementale de protection des populations (DDPP) d\u00e9non\u00e7ant les conditions de vie des animaux et d\u2019accueil du public.<\/p>\n<p class=\"sc-ksZaOG ehjQrN text-element\">\u00abLa direction du zoo s\u2019est imm\u00e9diatement charg\u00e9e de trouver des parcs animaliers, en France et en Europe, \u00e0 m\u00eame d\u2019accueillir les animaux de la serre, dont <a href=\"https:\/\/www.liberation.fr\/environnement\/en-foret-de-senart-la-chauve-souris-sert-dindicateur-des-changements-environnementaux-20220827_O3XOAO6DBBGSLNJT3NW76VI2FM\/\" target=\"_blank\" rel=\"noreferrer nofollow noopener\" title=\"https:\/\/www.liberation.fr\/environnement\/en-foret-de-senart-la-chauve-souris-sert-dindicateur-des-changements-environnementaux-20220827_O3XOAO6DBBGSLNJT3NW76VI2FM\/\">la population des chauves-souris<\/a>\u00bb, ont expliqu\u00e9 les services de la mairie \u00e0 l\u2019AFP. Une r\u00e9introduction en Guyane avait ainsi \u00e9t\u00e9 envisag\u00e9e.<\/p>\n<p class=\"sc-ksZaOG ehjQrN text-element\">Eddine Ariztegui avait lui-m\u00eame particip\u00e9 \u00e0 ces recherches en contactant \u00abpr\u00e8s de 1 000 institutions \u00e0 travers le monde\u00bb, a-t-il pr\u00e9cis\u00e9. Quant \u00e0 l\u2019id\u00e9e de leur construire un enclos, c\u2019\u00e9tait \u00ab200 000 euros, une goutte d\u2019eau dans le budget de la Ville\u00bb, mais cette solution \u00abn\u2019a jamais \u00e9t\u00e9 valid\u00e9e\u00bb, a-t-il regrett\u00e9.<\/p>\n<p class=\"sc-ksZaOG ehjQrN text-element\">\u00abFaute de solution alternative ad\u00e9quate\u00bb, et alors que les 200 chauves-souris \u00e9taient en quarantaine dans des installations \u00abn\u2019offrant plus les conditions de bien-\u00eatre garantissant leur bonne sant\u00e9 et survie\u00bb, la ville, mise en demeure par la DDPP, avait finalement opt\u00e9 pour l\u2019euthanasie.<\/p>\n<p class=\"sc-ksZaOG ehjQrN text-element\">Celle-ci a \u00e9t\u00e9 pratiqu\u00e9e le 19 f\u00e9vrier par les v\u00e9t\u00e9rinaires du zoo \u00abapr\u00e8s la diffusion d\u2019un anesth\u00e9siant provoquant un endormissement profond\u00bb, un protocole ayant permis d\u2019\u00e9viter aux animaux \u00abde la douleur ou du stress\u00bb, a pr\u00e9cis\u00e9 la mairie.<\/p>\n<p class=\"sc-ksZaOG ehjQrN text-element\">Ces chauves-souris, de type Carollia perspicillata, n\u2019appartenaient pas \u00e0 une esp\u00e8ce menac\u00e9e, selon l\u2019Union internationale pour la conservation de la nature (UICN), qui les avait temporairement class\u00e9es parmi les esp\u00e8ces \u00e0 \u00abpr\u00e9occupation mineure\u00bb, en 2017. Le Parti animaliste a appel\u00e9, dans un communiqu\u00e9 mardi, \u00ables l\u00e9gislateurs \u00e0 voter une loi pour interdire\u00bb l\u2019abattage r\u00e9guli\u00e8rement pratiqu\u00e9 dans les zoos, \u00abqui mettent \u00e0 mort des animaux sans motif m\u00e9dical\u00bb.<\/p>\n","protected":false},"excerpt":{"rendered":"Une raison aussi simple que cruelle. En f\u00e9vrier, plus de 200 chauves-souris du zoo de Montpellier ont \u00e9t\u00e9&hellip;\n","protected":false},"author":2,"featured_media":285231,"comment_status":"","ping_status":"","sticky":false,"template":"","format":"standard","meta":{"footnotes":""},"categories":[9599],"tags":[1111,11,5253,1777,674,1011,27,2208,12,2680,25],"class_list":{"0":"post-285230","1":"post","2":"type-post","3":"status-publish","4":"format-standard","5":"has-post-thumbnail","7":"category-montpellier","8":"tag-actu","9":"tag-actualites","10":"tag-biodiversite-cest-la-sante","11":"tag-eu","12":"tag-europe","13":"tag-fr","14":"tag-france","15":"tag-montpellier","16":"tag-news","17":"tag-occitanie","18":"tag-republique-francaise"},"share_on_mastodon":{"url":"https:\/\/pubeurope.com\/@fr\/114944350770611057","error":""},"_links":{"self":[{"href":"https:\/\/www.europesays.com\/fr\/wp-json\/wp\/v2\/posts\/285230","targetHints":{"allow":["GET"]}}],"collection":[{"href":"https:\/\/www.europesays.com\/fr\/wp-json\/wp\/v2\/posts"}],"about":[{"href":"https:\/\/www.europesays.com\/fr\/wp-json\/wp\/v2\/types\/post"}],"author":[{"embeddable":true,"href":"https:\/\/www.europesays.com\/fr\/wp-json\/wp\/v2\/users\/2"}],"replies":[{"embeddable":true,"href":"https:\/\/www.europesays.com\/fr\/wp-json\/wp\/v2\/comments?post=285230"}],"version-history":[{"count":0,"href":"https:\/\/www.europesays.com\/fr\/wp-json\/wp\/v2\/posts\/285230\/revisions"}],"wp:featuredmedia":[{"embeddable":true,"href":"https:\/\/www.europesays.com\/fr\/wp-json\/wp\/v2\/media\/285231"}],"wp:attachment":[{"href":"https:\/\/www.europesays.com\/fr\/wp-json\/wp\/v2\/media?parent=285230"}],"wp:term":[{"taxonomy":"category","embeddable":true,"href":"https:\/\/www.europesays.com\/fr\/wp-json\/wp\/v2\/categories?post=285230"},{"taxonomy":"post_tag","embeddable":true,"href":"https:\/\/www.europesays.com\/fr\/wp-json\/wp\/v2\/tags?post=285230"}],"curies":[{"name":"wp","href":"https:\/\/api.w.org\/{rel}","templated":true}]}}