{"id":285234,"date":"2025-07-30T21:43:16","date_gmt":"2025-07-30T21:43:16","guid":{"rendered":"https:\/\/www.europesays.com\/fr\/285234\/"},"modified":"2025-07-30T21:43:16","modified_gmt":"2025-07-30T21:43:16","slug":"des-chutes-de-neiges-observees-a-lalpe-dhuez","status":"publish","type":"post","link":"https:\/\/www.europesays.com\/fr\/285234\/","title":{"rendered":"Des chutes de neiges observ\u00e9es \u00e0 l&rsquo;Alpe-d&rsquo;Huez"},"content":{"rendered":"<p itemprop=\"description\"><strong>Des chutes de neiges ont \u00e9t\u00e9 observ\u00e9es sur les hauteurs en Is\u00e8re apr\u00e8s la baisse des temp\u00e9ratures.<\/strong><\/p>\n<p>La neige est de retour en plein \u00e9t\u00e9. Apr\u00e8s les \u00e9pisodes de fortes chaleurs, les temp\u00e9ratures se sont bien rafra\u00eechies ces derniers jours. Au-dessus de 2 800 m\u00e8tres d\u2019altitude en Is\u00e8re, des chutes de neiges ont \u00e9t\u00e9 observ\u00e9es dans la nuit du dimanche 27 au lundi 28 juillet, notamment \u00e0 L&rsquo;Alpe-d&rsquo;Huez. C\u2019est le cas aussi \u00e0 la Marmotte III \u00e0 3 060 m\u00e8tres d\u2019altitude.<\/p>\n<p>Sur son compte X, le m\u00e9t\u00e9orologiste et pr\u00e9sentateur m\u00e9t\u00e9o, Guillaume S\u00e9chet a r\u00e9agi \u00e0 ces chutes de neiges en plein mois de juillet. \u00ab\u00a0Ce ph\u00e9nom\u00e8ne n&rsquo;est n\u00e9anmoins pas exceptionnel en cette p\u00e9riode de l&rsquo;ann\u00e9e\u00a0\u00bb, a-t-il \u00e9crit.<\/p>\n","protected":false},"excerpt":{"rendered":"Des chutes de neiges ont \u00e9t\u00e9 observ\u00e9es sur les hauteurs en Is\u00e8re apr\u00e8s la baisse des temp\u00e9ratures. La&hellip;\n","protected":false},"author":2,"featured_media":285235,"comment_status":"","ping_status":"","sticky":false,"template":"","format":"standard","meta":{"footnotes":""},"categories":[9566],"tags":[1111,11,2813,2430,1109,251,1112,2811,1777,674,118,1011,27,21780,2731,14004,1922,1110,1114,108,12,316,25,2812,517,800],"class_list":{"0":"post-285234","1":"post","2":"type-post","3":"status-publish","4":"format-standard","5":"has-post-thumbnail","7":"category-grenoble","8":"tag-actu","9":"tag-actualites","10":"tag-article","11":"tag-auvergne-rhone-alpes","12":"tag-breves","13":"tag-culture","14":"tag-depeches","15":"tag-economique","16":"tag-eu","17":"tag-europe","18":"tag-faits-divers","19":"tag-fr","20":"tag-france","21":"tag-gf38","22":"tag-grenoble","23":"tag-grenoblemag","24":"tag-info","25":"tag-informations","26":"tag-infos","27":"tag-isere","28":"tag-news","29":"tag-politique","30":"tag-republique-francaise","31":"tag-sociale","32":"tag-sport","33":"tag-transports"},"share_on_mastodon":{"url":"https:\/\/pubeurope.com\/@fr\/114944370515227763","error":""},"_links":{"self":[{"href":"https:\/\/www.europesays.com\/fr\/wp-json\/wp\/v2\/posts\/285234","targetHints":{"allow":["GET"]}}],"collection":[{"href":"https:\/\/www.europesays.com\/fr\/wp-json\/wp\/v2\/posts"}],"about":[{"href":"https:\/\/www.europesays.com\/fr\/wp-json\/wp\/v2\/types\/post"}],"author":[{"embeddable":true,"href":"https:\/\/www.europesays.com\/fr\/wp-json\/wp\/v2\/users\/2"}],"replies":[{"embeddable":true,"href":"https:\/\/www.europesays.com\/fr\/wp-json\/wp\/v2\/comments?post=285234"}],"version-history":[{"count":0,"href":"https:\/\/www.europesays.com\/fr\/wp-json\/wp\/v2\/posts\/285234\/revisions"}],"wp:featuredmedia":[{"embeddable":true,"href":"https:\/\/www.europesays.com\/fr\/wp-json\/wp\/v2\/media\/285235"}],"wp:attachment":[{"href":"https:\/\/www.europesays.com\/fr\/wp-json\/wp\/v2\/media?parent=285234"}],"wp:term":[{"taxonomy":"category","embeddable":true,"href":"https:\/\/www.europesays.com\/fr\/wp-json\/wp\/v2\/categories?post=285234"},{"taxonomy":"post_tag","embeddable":true,"href":"https:\/\/www.europesays.com\/fr\/wp-json\/wp\/v2\/tags?post=285234"}],"curies":[{"name":"wp","href":"https:\/\/api.w.org\/{rel}","templated":true}]}}