{"id":28524,"date":"2025-04-16T05:36:13","date_gmt":"2025-04-16T05:36:13","guid":{"rendered":"https:\/\/www.europesays.com\/fr\/28524\/"},"modified":"2025-04-16T05:36:13","modified_gmt":"2025-04-16T05:36:13","slug":"une-couverture-sur-la-tete-laurence-ferrari-sans-filtre-sur-un-evenement-traumatisant-de-sa-vie-de-maman","status":"publish","type":"post","link":"https:\/\/www.europesays.com\/fr\/28524\/","title":{"rendered":"\u201cUne couverture sur la t\u00eate\u201d : Laurence Ferrari sans filtre sur un \u00e9v\u00e9nement traumatisant de sa vie de maman"},"content":{"rendered":"<p>Pour prot\u00e9ger sa vie priv\u00e9e, l\u2019ancienne pr\u00e9sentatrice du journal<br \/>\nde 20 heures de TF1 a d\u00e9cid\u00e9 de <strong>quitter ce poste<\/strong>.<br \/>\n\u201c\u00c0 un moment, j\u2019ai dit : \u2018le <strong>prix \u00e0 payer est trop<br \/>\nlourd<\/strong>.\u2019 \u00c7a <strong>impacte trop ma vie<br \/>\npersonnelle<\/strong>.\u2019\u2019 a confi\u00e9 Laurence Ferrari, maman de<br \/>\ntrois enfants.<\/p>\n<p>Laurence Ferrari \u00e9voque son harc\u00e8lement<\/p>\n<p><a href=\"https:\/\/www.closermag.fr\/people\/laurence-ferrari-et-renaud-capucon-irrites-cette-anecdote-passee-sous-silence-par-le-couple-3505542\" target=\"_blank\" rel=\"noopener\"><br \/>\nLa pr\u00e9sentatrice Laurence Ferrari<\/a> a subi la pression<br \/>\nm\u00e9diatique. \u201cJ\u2019ai d\u2019abord \u00e9t\u00e9 <strong>harcel\u00e9e par les<br \/>\npaparazzis \u00e0 un point que personne n\u2019imagine<\/strong>. Quand vous<br \/>\nsortez de la <strong>maternit\u00e9 avec votre enfant allong\u00e9 dans le<br \/>\ncoffre de voiture avec une couverture sur la t\u00eate, non ce n\u2019est pas<br \/>\nnormal.<\/strong>\u2019\u2019 a-t-elle expliqu\u00e9.<\/p>\n<p>Elle a alors \u00e9voqu\u00e9 plusieurs exemples. \u201cQuand vous prenez<br \/>\nvotre <strong>poussette pour sortir la premi\u00e8re fois avec votre<br \/>\nenfant et que vous avez dix paparazzis autour de vous,<\/strong><br \/>\nnon, ce n\u2019est pas normal. Quand vous arrivez en vacances et que<br \/>\nvous avez <strong>dix paparazzis en bas de chez vous,<\/strong> ce<br \/>\nn\u2019est pas normal. Ce n\u2019est <strong>pas la vie que j\u2019ai choisie, moi<br \/>\nje suis journaliste, je ne suis pas une star<\/strong>. Donc ce prix<br \/>\n\u00e0 payer \u00e9tait trop lourd.\u2019\u2019<\/p>\n<p>Qui partage la vie de la journaliste de<br \/>\nCNews ?<\/p>\n<p>Laurence Ferrari voulait s\u2019\u00e9panouir avec sa famille loin du<br \/>\n<strong>tourbillon m\u00e9diatique.<\/strong> \u201c\u00c0 un moment, j\u2019ai<br \/>\ntrouv\u00e9 qu\u2019il fallait dire <strong>stop pour moi, pour ma libert\u00e9<br \/>\npersonnelle et pour mon \u00e9quilibre, il fallait que je<br \/>\nparte.\u2019<\/strong>\u2019\u00a0Depuis son d\u00e9part de TF1, la maman est<br \/>\nplus apais\u00e9e et semble \u00e9panouie.<\/p>\n<p>Pour rappel, en 1993, Laurence Ferrari \u00e9pouse le<br \/>\n<strong>journaliste Thomas Hugues<\/strong>. Ensemble, ils ont<br \/>\ndeux enfants, <strong>Baptiste<\/strong> n\u00e9 en avril 1993 et<br \/>\n<strong>La\u00ebtitia<\/strong> n\u00e9e en mai 1995. Ils divorcent en 2007.<br \/>\nDepuis 2009, elle est la femme du musicien <a href=\"https:\/\/www.closermag.fr\/people\/je-suis-marie-mais-en-direct-renaud-capucon-evoque-cette-infidelite-avec-laquelle-laurence-ferrari-doit-composer-3522087\" target=\"_blank\" rel=\"noopener\"><br \/>\nRenaud Capu\u00e7on<\/a>. Ensemble, ils ont un gar\u00e7on, <strong>Elliott,<br \/>\nn\u00e9 en 2010.<\/strong> \u201cQuand j\u2019\u00e9tais ado, mon professeur m\u2019avait<br \/>\ndit : \u00ab\u00a0Il faudra que tu <strong>choisisses entre ta carri\u00e8re et ta<br \/>\nfamille<\/strong>.&rsquo; Eh bien, le jour o\u00f9 il m\u2019a dit \u00e7a, je suis sorti<br \/>\nen pensant : &lsquo;<strong>\u00c7a va \u00eatre le d\u00e9fi de ma vie. Je vais arriver<br \/>\n\u00e0 faire les deux.<\/strong>&lsquo; \u00a0\u00bb\u00a0confiait le mari de<br \/>\nLaurence Ferrari \u00e0 Paris Match.<\/p>\n","protected":false},"excerpt":{"rendered":"Pour prot\u00e9ger sa vie priv\u00e9e, l\u2019ancienne pr\u00e9sentatrice du journal de 20 heures de TF1 a d\u00e9cid\u00e9 de quitter&hellip;\n","protected":false},"author":2,"featured_media":28525,"comment_status":"","ping_status":"","sticky":false,"template":"","format":"standard","meta":{"footnotes":""},"categories":[8],"tags":[548,58,59,1011,27,10034],"class_list":{"0":"post-28524","1":"post","2":"type-post","3":"status-publish","4":"format-standard","5":"has-post-thumbnail","7":"category-divertissement","8":"tag-article-simple","9":"tag-divertissement","10":"tag-entertainment","11":"tag-fr","12":"tag-france","13":"tag-laurence-ferrari"},"share_on_mastodon":{"url":"https:\/\/pubeurope.com\/@fr\/114346025570096919","error":""},"_links":{"self":[{"href":"https:\/\/www.europesays.com\/fr\/wp-json\/wp\/v2\/posts\/28524","targetHints":{"allow":["GET"]}}],"collection":[{"href":"https:\/\/www.europesays.com\/fr\/wp-json\/wp\/v2\/posts"}],"about":[{"href":"https:\/\/www.europesays.com\/fr\/wp-json\/wp\/v2\/types\/post"}],"author":[{"embeddable":true,"href":"https:\/\/www.europesays.com\/fr\/wp-json\/wp\/v2\/users\/2"}],"replies":[{"embeddable":true,"href":"https:\/\/www.europesays.com\/fr\/wp-json\/wp\/v2\/comments?post=28524"}],"version-history":[{"count":0,"href":"https:\/\/www.europesays.com\/fr\/wp-json\/wp\/v2\/posts\/28524\/revisions"}],"wp:featuredmedia":[{"embeddable":true,"href":"https:\/\/www.europesays.com\/fr\/wp-json\/wp\/v2\/media\/28525"}],"wp:attachment":[{"href":"https:\/\/www.europesays.com\/fr\/wp-json\/wp\/v2\/media?parent=28524"}],"wp:term":[{"taxonomy":"category","embeddable":true,"href":"https:\/\/www.europesays.com\/fr\/wp-json\/wp\/v2\/categories?post=28524"},{"taxonomy":"post_tag","embeddable":true,"href":"https:\/\/www.europesays.com\/fr\/wp-json\/wp\/v2\/tags?post=28524"}],"curies":[{"name":"wp","href":"https:\/\/api.w.org\/{rel}","templated":true}]}}