{"id":285265,"date":"2025-07-30T21:59:23","date_gmt":"2025-07-30T21:59:23","guid":{"rendered":"https:\/\/www.europesays.com\/fr\/285265\/"},"modified":"2025-07-30T21:59:23","modified_gmt":"2025-07-30T21:59:23","slug":"les-secrets-de-la-saisie-spectaculaire-de-138-kilos-de-cocaine-sur-le-port-de-marseille","status":"publish","type":"post","link":"https:\/\/www.europesays.com\/fr\/285265\/","title":{"rendered":"les secrets de la saisie spectaculaire de 138 kilos de coca\u00efne sur le port de Marseille"},"content":{"rendered":"<p><strong>R\u00c9CIT &#8211;<\/strong> Au d\u00e9but du mois de juillet, les douaniers ont mis la main sur une importante quantit\u00e9 de coca\u00efne. Une d\u00e9couverte qui, gr\u00e2ce \u00e0 une m\u00e9thode ing\u00e9nieuse, a permis de d\u00e9manteler un r\u00e9seau de trafic de drogue tr\u00e8s structur\u00e9 entre l\u2019Am\u00e9rique du Sud et l\u2019Espagne.<\/p>\n<p class=\"fig-paragraph\">Quand le bateau arrive \u00e0<a href=\"http:\/\/www.lefigaro.fr\/marseille\/bouches-du-rhone-6000-peluches-cancerogenes-saisies-sur-le-port-de-fos-sur-mer-20250526\" data-fig-type=\"NewsFlash\" data-gtm-custom-categorie=\"navigation\" data-gtm-custom-action=\"crossclick\" data-gtm-custom-label=\"Contextuel\" data-gtm-event=\"customEventSPE\" data-fig-domain=\"LEFIGARO\" target=\"_blank\" rel=\"noopener\">\u00a0Fos-sur-Mer\u00a0<\/a>au d\u00e9but du mois de juillet apr\u00e8s un long voyage, les douaniers de Marseille sont sur le qui-vive. Depuis plusieurs jours, le navire est pist\u00e9 par les services de la direction r\u00e9gionale des\u00a0<a href=\"http:\/\/www.lefigaro.fr\/marseille\/marseille-les-douanes-saisissent-plus-d-une-tonne-de-cigarettes-de-contrebande-dans-des-cartons-de-spaghettis-20241129\" data-fig-type=\"NewsFlash\" data-gtm-custom-categorie=\"navigation\" data-gtm-custom-action=\"crossclick\" data-gtm-custom-label=\"Contextuel\" data-gtm-event=\"customEventSPE\" data-fig-domain=\"LEFIGARO\" target=\"_blank\" rel=\"noopener\">douanes\u00a0<\/a>de Marseille. Les analystes de la direction r\u00e9gionale ont crois\u00e9 un certain nombre de donn\u00e9es laissant entendre que les conteneurs \u00e0 bord ne transportent pas seulement de la marchandise licite, mais aussi des stup\u00e9fiants.<\/p>\n<p class=\"fig-paragraph\">Les conteneurs sont partis \u00e0 la fin du mois de juin du\u00a0<a href=\"http:\/\/www.lefigaro.fr\/conjoncture\/comment-le-chili-s-est-impose-dans-les-champions-mondiaux-de-fruits-secs-20250720\" data-fig-type=\"Article\" data-gtm-custom-categorie=\"navigation\" data-gtm-custom-action=\"crossclick\" data-gtm-custom-label=\"Contextuel\" data-gtm-event=\"customEventSPE\" data-fig-domain=\"LEFIGARO\" target=\"_blank\" rel=\"noopener\">Chili\u00a0<\/a>avec, \u00e0 l\u2019int\u00e9rieur, une multitude de produits. Le bateau fait une premi\u00e8re escale en \u00c9quateur, o\u00f9 il doit subir un premier transbordement. Dans ce pays qui constitue une plaque tournante de d\u00e9part de la coca\u00efne vers le march\u00e9 europ\u00e9en, des trafiquants de drogue espagnols auraient r\u00e9ussi \u00e0 s\u2019infiltrer dans un des conteneurs du bateau. \u00abC\u2019est ce qu\u2019on appelle le rip-off, d\u00e9taille Micha\u00ebl Lachaux, directeur r\u00e9gional des douanes \u00e0 Marseille. Les trafiquants s\u2019introduisent en cours de cheminement. Ils d\u00e9posent de la coca\u00efne \u00e0 l\u2019int\u00e9rieur et ils vont la r\u00e9cup\u00e9rer avant que le conteneur ne soit livr\u00e9 chez le destinataire final, tout \u00e7a \u00e0 l\u2019insu de l\u2019exp\u00e9diteur et du destinataire.\u00bb<\/p>\n<p class=\"fig-paragraph\">Aid\u00e9s de complices travaillant dans un port en \u00c9quateur, les trafiquants de drogue parviennent\u2026<\/p>\n<p class=\"fig-premium-paywall__infos\">\n        Cet article est r\u00e9serv\u00e9 aux abonn\u00e9s.        Il vous reste 78% \u00e0 d\u00e9couvrir.\n    <\/p>\n<p>                <img  data- alt=\"Le Figaro\" class=\"fig-img--complete fig-img\"\/><\/p>\n<p class=\"fig-premium-paywall__title\">Vous avez envie de lire la suite ?<\/p>\n<p class=\"fig-premium-paywall__subtitle\">D\u00e9bloquez tous les articles imm\u00e9diatement.<\/p>\n<p class=\"fig-premium-paywall__connect\">\n                D\u00e9j\u00e0 abonn\u00e9\u00a0?                <a class=\"fig-premium-paywall__connect-link\" href=\"https:\/\/connect.lefigaro.fr\/login?client=horizon_web&amp;type=main&amp;redirect_uri=https%3A%2F%2Fwww.lefigaro.fr%2Fmarseille%2Fruse-traque-et-complicite-les-secrets-de-la-saisie-spectaculaire-de-138-kilos-de-cocaine-sur-le-port-de-marseille-20250730\" data-js-gtm=\"{&quot;customCategorie&quot;: &quot;conversion&quot;, &quot;customAction&quot;: &quot;before_Landing_Connexion_paywall_manuel&quot;, &quot;customLabel&quot;: &quot;bGVmaWdhcm8uZnJfXzFmMDZkNTNlLTg2ZGQtNjIzOC04ODNiLTM3MjQyZGEyZmMyZF9fTmV3c0ZsYXNo_Ruse, traque et complicit\u00e9\u00a0: les secrets de la saisie spectaculaire de 138 kilos de coca\u00efne sur le port de Marseille_94&quot;, &quot;customIDSPE&quot;: &quot;bGVmaWdhcm8uZnJfXzFmMDZkNTNlLTg2ZGQtNjIzOC04ODNiLTM3MjQyZGEyZmMyZF9fTmV3c0ZsYXNo&quot;, &quot;event&quot;: &quot;customEventSPE&quot;}\" target=\"_blank\" rel=\"noopener\"><br \/>\n                    Connectez-vous<br \/>\n                <\/a>\n            <\/p>\n","protected":false},"excerpt":{"rendered":"R\u00c9CIT &#8211; Au d\u00e9but du mois de juillet, les douaniers ont mis la main sur une importante quantit\u00e9&hellip;\n","protected":false},"author":2,"featured_media":285266,"comment_status":"","ping_status":"","sticky":false,"template":"","format":"standard","meta":{"footnotes":""},"categories":[2814],"tags":[1111,11,4791,5160,3993,34464,1777,674,1011,27,884,12,882,25,887],"class_list":{"0":"post-285265","1":"post","2":"type-post","3":"status-publish","4":"format-standard","5":"has-post-thumbnail","7":"category-marseille","8":"tag-actu","9":"tag-actualites","10":"tag-barcelone","11":"tag-bateau","12":"tag-cocaine","13":"tag-equateur","14":"tag-eu","15":"tag-europe","16":"tag-fr","17":"tag-france","18":"tag-marseille","19":"tag-news","20":"tag-provence-alpes-cote-dazur","21":"tag-republique-francaise","22":"tag-trafic-de-drogue"},"share_on_mastodon":{"url":"https:\/\/pubeurope.com\/@fr\/114944433375609109","error":""},"_links":{"self":[{"href":"https:\/\/www.europesays.com\/fr\/wp-json\/wp\/v2\/posts\/285265","targetHints":{"allow":["GET"]}}],"collection":[{"href":"https:\/\/www.europesays.com\/fr\/wp-json\/wp\/v2\/posts"}],"about":[{"href":"https:\/\/www.europesays.com\/fr\/wp-json\/wp\/v2\/types\/post"}],"author":[{"embeddable":true,"href":"https:\/\/www.europesays.com\/fr\/wp-json\/wp\/v2\/users\/2"}],"replies":[{"embeddable":true,"href":"https:\/\/www.europesays.com\/fr\/wp-json\/wp\/v2\/comments?post=285265"}],"version-history":[{"count":0,"href":"https:\/\/www.europesays.com\/fr\/wp-json\/wp\/v2\/posts\/285265\/revisions"}],"wp:featuredmedia":[{"embeddable":true,"href":"https:\/\/www.europesays.com\/fr\/wp-json\/wp\/v2\/media\/285266"}],"wp:attachment":[{"href":"https:\/\/www.europesays.com\/fr\/wp-json\/wp\/v2\/media?parent=285265"}],"wp:term":[{"taxonomy":"category","embeddable":true,"href":"https:\/\/www.europesays.com\/fr\/wp-json\/wp\/v2\/categories?post=285265"},{"taxonomy":"post_tag","embeddable":true,"href":"https:\/\/www.europesays.com\/fr\/wp-json\/wp\/v2\/tags?post=285265"}],"curies":[{"name":"wp","href":"https:\/\/api.w.org\/{rel}","templated":true}]}}