{"id":285275,"date":"2025-07-30T22:05:13","date_gmt":"2025-07-30T22:05:13","guid":{"rendered":"https:\/\/www.europesays.com\/fr\/285275\/"},"modified":"2025-07-30T22:05:13","modified_gmt":"2025-07-30T22:05:13","slug":"paris-arroz-pan-con-tomate-croquetas-casa-pregonda-un-pont-entre-bonne-nouvelle-et-minorque","status":"publish","type":"post","link":"https:\/\/www.europesays.com\/fr\/285275\/","title":{"rendered":"Paris\u00a0: arroz, pan con tomate, croquetas\u2026 Casa Pregonda, un pont entre Bonne Nouvelle et Minorque"},"content":{"rendered":"<p class=\"paragraph text_align_left lp-f-body-02\"><a href=\"https:\/\/www.leparisien.fr\/paris-75\/pizza-pasta-vitello-tonnato-notre-selection-de-restaurants-pour-celebrer-la-gastronomie-italienne-a-paris-17-01-2025-3PMKYKJHXFE2RGY6ZFQGDHTE2M.php\" target=\"_self\" rel=\"noopener\">Alexandre Giesbert<\/a> va passer l\u2019\u00e9t\u00e9 \u00e0 Minorque\u2026 Sans quitter Paris. Il avait marqu\u00e9 la sc\u00e8ne parisienne avec Daroco, une pizzeria-trattoria au d\u00e9cor spectaculaire, toujours ouverte rue Vivienne (IIe). Dix ans plus tard, le fils du journaliste <a href=\"https:\/\/www.leparisien.fr\/culture-loisirs\/academie-francaise-franz-olivier-giesbert-et-olivier-barrot-recales-12-05-2022-X3LONU7TN5H7FM3LCA3JNQOVZE.php\" target=\"_self\" rel=\"noopener\">Franz-Olivier Giesbert <\/a>abandonne sa casquette d\u2019entrepreneur pour repasser derri\u00e8re les fourneaux et accessoirement faire un saut de l\u2019Italie \u00e0 l\u2019Espagne : nous voil\u00e0 \u00e0 Casa Pregonda, une table qui puise son inspiration sur l\u2019\u00eele des Bal\u00e9ares.<\/p>\n<p class=\"paragraph text_align_left lp-f-body-02\">Nich\u00e9e rue Stuart, au c\u0153ur du quartier de Bonne Nouvelle dans ce m\u00eame IIe arrondissement, cette nouvelle adresse nous transporte au large de l\u2019Espagne. Un hommage aux eaux cristallines de Cala Pregonda, un authentique petit coin de paradis d\u00e9couvert par Alexandre Giesbert et sa compagne, l\u2019une des six associ\u00e9s de l\u2019affaire.<\/p>\n","protected":false},"excerpt":{"rendered":"Alexandre Giesbert va passer l\u2019\u00e9t\u00e9 \u00e0 Minorque\u2026 Sans quitter Paris. Il avait marqu\u00e9 la sc\u00e8ne parisienne avec Daroco,&hellip;\n","protected":false},"author":2,"featured_media":285276,"comment_status":"","ping_status":"","sticky":false,"template":"","format":"standard","meta":{"footnotes":""},"categories":[1888],"tags":[1111,1928,11,1927,3013,1777,674,1011,27,1944,12,1926,626,1925,25],"class_list":{"0":"post-285275","1":"post","2":"type-post","3":"status-publish","4":"format-standard","5":"has-post-thumbnail","7":"category-paris","8":"tag-actu","9":"tag-actu-paris","10":"tag-actualites","11":"tag-actualites-paris","12":"tag-bien-manger","13":"tag-eu","14":"tag-europe","15":"tag-fr","16":"tag-france","17":"tag-ma-ville","18":"tag-news","19":"tag-news-paris","20":"tag-paris","21":"tag-paris-news","22":"tag-republique-francaise"},"share_on_mastodon":{"url":"https:\/\/pubeurope.com\/@fr\/114944457067943425","error":""},"_links":{"self":[{"href":"https:\/\/www.europesays.com\/fr\/wp-json\/wp\/v2\/posts\/285275","targetHints":{"allow":["GET"]}}],"collection":[{"href":"https:\/\/www.europesays.com\/fr\/wp-json\/wp\/v2\/posts"}],"about":[{"href":"https:\/\/www.europesays.com\/fr\/wp-json\/wp\/v2\/types\/post"}],"author":[{"embeddable":true,"href":"https:\/\/www.europesays.com\/fr\/wp-json\/wp\/v2\/users\/2"}],"replies":[{"embeddable":true,"href":"https:\/\/www.europesays.com\/fr\/wp-json\/wp\/v2\/comments?post=285275"}],"version-history":[{"count":0,"href":"https:\/\/www.europesays.com\/fr\/wp-json\/wp\/v2\/posts\/285275\/revisions"}],"wp:featuredmedia":[{"embeddable":true,"href":"https:\/\/www.europesays.com\/fr\/wp-json\/wp\/v2\/media\/285276"}],"wp:attachment":[{"href":"https:\/\/www.europesays.com\/fr\/wp-json\/wp\/v2\/media?parent=285275"}],"wp:term":[{"taxonomy":"category","embeddable":true,"href":"https:\/\/www.europesays.com\/fr\/wp-json\/wp\/v2\/categories?post=285275"},{"taxonomy":"post_tag","embeddable":true,"href":"https:\/\/www.europesays.com\/fr\/wp-json\/wp\/v2\/tags?post=285275"}],"curies":[{"name":"wp","href":"https:\/\/api.w.org\/{rel}","templated":true}]}}