{"id":285303,"date":"2025-07-30T22:20:13","date_gmt":"2025-07-30T22:20:13","guid":{"rendered":"https:\/\/www.europesays.com\/fr\/285303\/"},"modified":"2025-07-30T22:20:13","modified_gmt":"2025-07-30T22:20:13","slug":"les-aigles-renforcent-leur-premiere-ligne","status":"publish","type":"post","link":"https:\/\/www.europesays.com\/fr\/285303\/","title":{"rendered":"Les Aigles renforcent leur premi\u00e8re ligne"},"content":{"rendered":"<p>Comme \u00e0 son habitude depuis le d\u00e9but du mercato estival, c\u2019est via sa page officielle X que le Nissa Rugby a annonc\u00e9 l\u2019arriv\u00e9e de Rayne Barka. Le talonneur de 26 ans rejoindra les Aigles de Nice d\u00e8s la saison prochaine. Il d\u00e9barque dans le club en provenance de Soyaux-Angoul\u00eame XV Charente.<\/p>\n<p>\u00a0<\/p>\n<p>Les d\u00e9tails financiers de la transaction n\u2019ont pas \u00e9t\u00e9 d\u00e9voil\u00e9s, mais le joueur s&rsquo;est engag\u00e9 pour un an, valable jusqu\u2019\u00e0 l\u2019\u00e9t\u00e9 2026. Dot\u00e9 d\u2019un palmar\u00e8s prometteur, Rayne Barka d\u00e9tient un titre mondial conquis avec les Bleuets U20 en 2019. Mais depuis lors, il a longtemps esp\u00e9r\u00e9 un appel en XV de France sans jamais l&rsquo;obtenir \u00e0 ce jour.<\/p>\n<blockquote class=\"twitter-tweet\">\n<p dir=\"ltr\" lang=\"fr\">ARRIV\u00c9E ! \ud83d\udd25<\/p>\n<p>Rayne Barka :<\/p>\n<p>\ud83c\udfc9 Talonneur<br \/>&#8211; 180 cm<br \/>&#8211; 103 kg<br \/>&#8211; Ancien club : Soyaux-Angoul\u00eame XV Charente (ProD2)<\/p>\n<p>Benvengut Rayne ! \ud83e\udd85<a href=\"https:\/\/twitter.com\/hashtag\/IssaNissa?src=hash&amp;ref_src=twsrc%5Etfw\" rel=\"nofollow noopener\" target=\"_blank\">#IssaNissa<\/a> <a href=\"https:\/\/twitter.com\/hashtag\/NissaRugby?src=hash&amp;ref_src=twsrc%5Etfw\" rel=\"nofollow noopener\" target=\"_blank\">#NissaRugby<\/a> <a href=\"https:\/\/t.co\/yeH1aRwqaS\" rel=\"nofollow\">pic.twitter.com\/yeH1aRwqaS<\/a><\/p>\n<p>\u2014 Nissa Rugby (@nissarugby) <a href=\"https:\/\/twitter.com\/nissarugby\/status\/1950528878885081509?ref_src=twsrc%5Etfw\" rel=\"nofollow noopener\" target=\"_blank\">July 30, 2025<\/a><\/p>\n<\/blockquote>\n<p>N\u00e9o Alg\u00e9rien et grand habitu\u00e9 de la Pro D2<\/p>\n<p>\u00a0<\/p>\n<p>Cependant, il est international alg\u00e9rien depuis quelques semaines. Rayne Barka a d\u00e9couvert la tani\u00e8re des Lions de l&rsquo;Alg\u00e9rie durant l&rsquo;intersaison et a d&rsquo;ailleurs pris part \u00e0 la Coupe d&rsquo;Afrique des nations de rugby 2025. Rompu aux joutes de la Pro D2, il a disput\u00e9 18 rencontres lors de la saison \u00e9coul\u00e9e, dont 10 titularisations, et inscrit deux essais pour un total de dix points.<\/p>\n<p>Partagez cette info avec vos amis et vos proches en cliquant ici<br \/>Pour r\u00e9sumer<\/p>\n<p>Rayne Barka, talonneur de 26 ans, rejoint Nissa Rugby pour une saison. Ex-joueur de Soyaux-Angoul\u00eame, champion du monde U20, il a r\u00e9cemment \u00e9t\u00e9 cap\u00e9 par l\u2019Alg\u00e9rie. Il totalise 18 matchs et 2 essais en Pro D2 sur la saison \u00e9coul\u00e9e.<\/p>\n<p> <img decoding=\"async\" width=\"76\" height=\"76\" loading=\"lazy\" src=\"https:\/\/www.europesays.com\/fr\/wp-content\/uploads\/2025\/04\/avatar-quinze.png\" alt=\"Voldi Fr\u00e9jus\u00a0Hounvio\"\/><script async src=\"https:\/\/platform.twitter.com\/widgets.js\" charset=\"utf-8\"><\/script><\/p>\n","protected":false},"excerpt":{"rendered":"Comme \u00e0 son habitude depuis le d\u00e9but du mercato estival, c\u2019est via sa page officielle X que le&hellip;\n","protected":false},"author":2,"featured_media":285304,"comment_status":"","ping_status":"","sticky":false,"template":"","format":"standard","meta":{"footnotes":""},"categories":[1416],"tags":[1011,27,479,1468,60],"class_list":{"0":"post-285303","1":"post","2":"type-post","3":"status-publish","4":"format-standard","5":"has-post-thumbnail","7":"category-rugby","8":"tag-fr","9":"tag-france","10":"tag-rugby","11":"tag-rugby-football","12":"tag-sports"},"share_on_mastodon":{"url":"https:\/\/pubeurope.com\/@fr\/114944516074295237","error":""},"_links":{"self":[{"href":"https:\/\/www.europesays.com\/fr\/wp-json\/wp\/v2\/posts\/285303","targetHints":{"allow":["GET"]}}],"collection":[{"href":"https:\/\/www.europesays.com\/fr\/wp-json\/wp\/v2\/posts"}],"about":[{"href":"https:\/\/www.europesays.com\/fr\/wp-json\/wp\/v2\/types\/post"}],"author":[{"embeddable":true,"href":"https:\/\/www.europesays.com\/fr\/wp-json\/wp\/v2\/users\/2"}],"replies":[{"embeddable":true,"href":"https:\/\/www.europesays.com\/fr\/wp-json\/wp\/v2\/comments?post=285303"}],"version-history":[{"count":0,"href":"https:\/\/www.europesays.com\/fr\/wp-json\/wp\/v2\/posts\/285303\/revisions"}],"wp:featuredmedia":[{"embeddable":true,"href":"https:\/\/www.europesays.com\/fr\/wp-json\/wp\/v2\/media\/285304"}],"wp:attachment":[{"href":"https:\/\/www.europesays.com\/fr\/wp-json\/wp\/v2\/media?parent=285303"}],"wp:term":[{"taxonomy":"category","embeddable":true,"href":"https:\/\/www.europesays.com\/fr\/wp-json\/wp\/v2\/categories?post=285303"},{"taxonomy":"post_tag","embeddable":true,"href":"https:\/\/www.europesays.com\/fr\/wp-json\/wp\/v2\/tags?post=285303"}],"curies":[{"name":"wp","href":"https:\/\/api.w.org\/{rel}","templated":true}]}}