{"id":285305,"date":"2025-07-30T22:21:14","date_gmt":"2025-07-30T22:21:14","guid":{"rendered":"https:\/\/www.europesays.com\/fr\/285305\/"},"modified":"2025-07-30T22:21:14","modified_gmt":"2025-07-30T22:21:14","slug":"vers-une-mise-en-sommeil-de-lassociation-plus-que-centenaire","status":"publish","type":"post","link":"https:\/\/www.europesays.com\/fr\/285305\/","title":{"rendered":"vers une mise en sommeil de l\u2019association plus que centenaire"},"content":{"rendered":"<p>Entre les deux, l\u2019ambiance est plut\u00f4t glaciale. Le pr\u00e9sident d\u00e9missionnaire de l\u2019association Garden tennis Thierry Follveider, qui avait pris la succession de Magali Saillard en juin 2024, et Yann Maitre, le dirigeant de la structure priv\u00e9e qui a repris en gestion le club du Garden, ne se parlent plus. Les reproches fusent d\u2019un c\u00f4t\u00e9 comme de l\u2019autre et chacun met sur le dos de l\u2019autre l\u2019origine de la brouille.<\/p>\n<p>Le premier accuse le second d\u2019avoir tir\u00e9 toute la couverture \u00e0 lui, ne laissant que des miettes \u00e0 l\u2019association en charge de l\u2019\u00e9cole de tennis, \u00ab\u00a0notamment en s\u2019octroyant les aides f\u00e9d\u00e9rales\u00a0\u00bb, et le second ne pardonne pas au premier de lui \u00ab\u00a0savonner la planche, de le critiquer dans son dos et de vouloir prendre plus de place que ce qui \u00e9tait pr\u00e9vu au d\u00e9part.\u00a0\u00bb Ce qui pose la question d\u2019une cohabitation, au sein d\u2019une m\u00eame entit\u00e9, entre une structure associative et priv\u00e9e. Les deux n\u2019ont pas les m\u00eames objectifs ni les m\u00eames contraintes.<\/p>\n<blockquote><p>Il a toujours \u00e9t\u00e9 question que l\u2019association s\u2019occupe exclusivement de l\u2019\u00e9cole de tennis<\/p><\/blockquote>\n<p>L\u2019association, aujourd\u2019hui, est une coquille vide. Il n\u2019y a plus personne \u00e0 la barre du bateau et la situation est bloqu\u00e9e. Une mise en sommeil est donc envisag\u00e9e. \u00ab\u00a0Je ne sais m\u00eame pas si c\u2019est possible et si on ne va pas vers une dissolution\u00a0\u00bb, indique Thierry Follveider qui regrette \u00ab\u00a0que la place de l\u2019association dans l\u2019Autorisation d\u2019occupation temporaire du site accord\u00e9e \u00e0 Yann Maitre pour vingt-cinq\u00a0ans n\u2019ait jamais \u00e9t\u00e9 respect\u00e9e\u00a0\u00bb. \u00ab\u00a0C\u2019est son avis. Il a toujours \u00e9t\u00e9 question que l\u2019association s\u2019occupe exclusivement de l\u2019\u00e9cole de tennis\u00a0\u00bb, r\u00e9pond le mis en cause.<\/p>\n<p>Au milieu de tout \u00e7a, le maire Patrick Marengo ne veut pas jouer le r\u00f4le d\u2019arbitre. \u00ab\u00a0Je suis bien conscient que cette association plus que centenaire est en p\u00e9ril mais il faudrait voir comment ils en sont arriv\u00e9s l\u00e0. Je ne regrette pas, en tout cas, de m\u2019\u00eatre tourn\u00e9 vers un priv\u00e9 pour g\u00e9rer le club. Yann Maitre tient ses promesses. On a v\u00e9cu un superbe tournoi professionnel et le restaurant promis sera bient\u00f4t ouvert. Je me dis que j\u2019ai fait le bon choix\u00a0\u00bb, indique l\u2019\u00e9lu qui assume, tout en ayant conscience que Thierry Follveider et Yann Maitre \u00ab\u00a0sont irr\u00e9conciliables\u00a0\u00bb.<\/p>\n<p>Ceci \u00e9tant dit, il ne souhaite pas prendre position. Ce qui a le don d\u2019\u00e9nerver le pr\u00e9sident d\u00e9missionnaire de l\u2019association. \u00ab\u00a0J\u2019en veux beaucoup \u00e0 la municipalit\u00e9 et je suis afflig\u00e9 par ce que j\u2019entends. La mairie a tout fait pour tuer notre association. C\u2019est une triste fin\u00a0\u00bb, s\u2019emporte-t-il.<\/p>\n<p>Une association n\u00e9cessaire<\/p>\n<p>On pourrait parler d\u2019une chronique de mort annonc\u00e9e tellement l\u2019issue \u00e9tait pr\u00e9visible. Il \u00e9tait \u00e0 peu pr\u00e8s \u00e9vident que les uns et les autres allaient se marcher sur les pieds. Reste \u00e0 savoir ce qui va se passer et quelle solution peut \u00eatre envisag\u00e9e pour sauver une institution n\u00e9e en 1910. Sachant aussi que c\u2019est par l\u2019association que passe l\u2019affiliation du club \u00e0 la F\u00e9d\u00e9ration fran\u00e7aise de tennis. Une structure priv\u00e9e peut cependant demander une habilitation d\u00e9livr\u00e9e par le Comit\u00e9 ex\u00e9cutif de la FFT pour une p\u00e9riode de deux ann\u00e9es sportives renouvelables. Ce que va faire Yann Maitre.<\/p>\n","protected":false},"excerpt":{"rendered":"Entre les deux, l\u2019ambiance est plut\u00f4t glaciale. Le pr\u00e9sident d\u00e9missionnaire de l\u2019association Garden tennis Thierry Follveider, qui avait&hellip;\n","protected":false},"author":2,"featured_media":285306,"comment_status":"","ping_status":"","sticky":false,"template":"","format":"standard","meta":{"footnotes":""},"categories":[1415],"tags":[1011,27,60,1467],"class_list":{"0":"post-285305","1":"post","2":"type-post","3":"status-publish","4":"format-standard","5":"has-post-thumbnail","7":"category-tennis","8":"tag-fr","9":"tag-france","10":"tag-sports","11":"tag-tennis"},"share_on_mastodon":{"url":"https:\/\/pubeurope.com\/@fr\/114944519883120146","error":""},"_links":{"self":[{"href":"https:\/\/www.europesays.com\/fr\/wp-json\/wp\/v2\/posts\/285305","targetHints":{"allow":["GET"]}}],"collection":[{"href":"https:\/\/www.europesays.com\/fr\/wp-json\/wp\/v2\/posts"}],"about":[{"href":"https:\/\/www.europesays.com\/fr\/wp-json\/wp\/v2\/types\/post"}],"author":[{"embeddable":true,"href":"https:\/\/www.europesays.com\/fr\/wp-json\/wp\/v2\/users\/2"}],"replies":[{"embeddable":true,"href":"https:\/\/www.europesays.com\/fr\/wp-json\/wp\/v2\/comments?post=285305"}],"version-history":[{"count":0,"href":"https:\/\/www.europesays.com\/fr\/wp-json\/wp\/v2\/posts\/285305\/revisions"}],"wp:featuredmedia":[{"embeddable":true,"href":"https:\/\/www.europesays.com\/fr\/wp-json\/wp\/v2\/media\/285306"}],"wp:attachment":[{"href":"https:\/\/www.europesays.com\/fr\/wp-json\/wp\/v2\/media?parent=285305"}],"wp:term":[{"taxonomy":"category","embeddable":true,"href":"https:\/\/www.europesays.com\/fr\/wp-json\/wp\/v2\/categories?post=285305"},{"taxonomy":"post_tag","embeddable":true,"href":"https:\/\/www.europesays.com\/fr\/wp-json\/wp\/v2\/tags?post=285305"}],"curies":[{"name":"wp","href":"https:\/\/api.w.org\/{rel}","templated":true}]}}