{"id":285317,"date":"2025-07-30T22:28:12","date_gmt":"2025-07-30T22:28:12","guid":{"rendered":"https:\/\/www.europesays.com\/fr\/285317\/"},"modified":"2025-07-30T22:28:12","modified_gmt":"2025-07-30T22:28:12","slug":"stephane-javier-le-peintre-bastiais-qui-voulait-peindre-la-lumiere","status":"publish","type":"post","link":"https:\/\/www.europesays.com\/fr\/285317\/","title":{"rendered":"St\u00e9phane Javier, le peintre bastiais qui voulait peindre la lumi\u00e8re"},"content":{"rendered":"<p>Bermuda, chemise entrouverte, cigarette \u00e0 la main. C&rsquo;est dans son atelier, mitoyen de sa petite galerie, que <strong>St\u00e9phane Javier<\/strong> nous a donn\u00e9 rendez-vous, pr\u00e8s de la citadelle, \u00e0 quelques pas du Mus\u00e9e de Bastia. Il nous sort un journal, France-Soir, dans lequel son nom appara\u00eet en couverture. Il a alors 10 ans et demi et vient de remporter un prix du meilleur dessin, lors d&rsquo;un concours qui a r\u00e9uni pr\u00e8s de 12\u00a0000 enfants de son \u00e2ge.<\/p>\n<p>\u00ab\u00a0J&rsquo;avais dessin\u00e9 un oiseau corse, d\u00e9j\u00e0 ma source d&rsquo;inspiration \u00e9tait sur l&rsquo;\u00eele.\u00a0\u00bb Rien pourtant, ne pr\u00e9destinait ce brun aux yeux bleus, n\u00e9 en 1963, \u00e0 un tel talent. Un p\u00e8re pr\u00e9parateur en pharmacie, qui troquait, parfois, la blouse pour le pinceau. Une maman m\u00e8re au foyer. Il se souvient en revanche de ses grands-parents, d&rsquo;origine corse, qui ont gagn\u00e9 la capitale apr\u00e8s la guerre de 14-18. \u00ab\u00a0Ils y ont ouvert une brasserie, voil\u00e0 pourquoi j&rsquo;ai grandi \u00e0 Paris\u00a0!\u00a0\u00bb<\/p>\n<p>\u00ab\u00a0J&rsquo;aime sugg\u00e9rer les choses\u00a0\u00bb<\/p>\n<p>Tout s&rsquo;encha\u00eene tr\u00e8s vite. Il entre aux Arts appliqu\u00e9s \u00e0 Duperr\u00e9, \u00e0 Paris, passe par l&rsquo;institut d&rsquo;\u00e9tudes sup\u00e9rieures des arts. Et puis le lancement de sa carri\u00e8re \u00e0 Sainte-Lucie-de-Tallano d&rsquo;abord, lors d&rsquo;une foire artisanale. \u00ab\u00a0C&rsquo;est l\u00e0 que j&rsquo;ai vendu mes premi\u00e8res \u0153uvres.\u00a0\u00bb<\/p>\n<p>Vendre, le nerf de la guerre. Pour nous le raconter, il n&rsquo;h\u00e9site pas \u00e0 monter sur sc\u00e8ne, prend un tableau. Il s&rsquo;improvise alors commissaire-priseur. Salle 13 de l&rsquo;h\u00f4tel Drouot, \u00e9tude Million. \u00ab\u00a0St\u00e9phane Javier, d\u00e9but des ench\u00e8res \u00e0 100\u00a0euros\u00a0\u00bb, imite-t-il. Il fait monter les prix, 200, 300. Il sera finalement adjug\u00e9 450\u00a0euros\u2026 \u00ab\u00a0J&rsquo;\u00e9tais un peintre anonyme. Et pourtant, ce petit tableau, on me l&rsquo;a achet\u00e9, pr\u00e9cise St\u00e9phane Javier. C&rsquo;est ce qui fixe encore aujourd&rsquo;hui la cote de mes tableaux.\u00a0\u00bb<\/p>\n<p>Les mises en sc\u00e8ne, il aime \u00e7a, surtout les peindre. Les ruelles, les fa\u00e7ades o\u00f9 pend du linge \u00e0 s\u00e9cher, dont on d\u00e9c\u00e8le l&rsquo;odeur du savon. Des sc\u00e8nes parfois bruyantes, comme ce caf\u00e9 o\u00f9 semblent fl\u00e2ner les amiti\u00e9s. Mais toujours le m\u00eame sens du toucher, ces couleurs m\u00e9lang\u00e9es \u00e0 m\u00eame la toile. Un impressionniste du XXIe\u00a0si\u00e8cle. Ce n&rsquo;est peut-\u00eatre pas un hasard qu&rsquo;il cite Renoir. \u00ab\u00a0Quand on se recule, tout s&rsquo;organise. J&rsquo;aime sugg\u00e9rer les choses\u00a0\u00bb, pr\u00e9cise ce \u00ab\u00a0paysagiste urbain\u00a0\u00bb.<\/p>\n<p>La religion comme guide<\/p>\n<p>Mais comment ne pas raconter cette lumi\u00e8re qui semble inonder toutes ses \u0153uvres\u00a0? En bon catholique, lui qui ne se dit pourtant pas pratiquant. \u00ab\u00a0La religion occupe une place centrale dans mes \u0153uvres.\u00a0\u00bb Peut-\u00eatre pour cela aussi qu&rsquo;il aime tant transmettre. \u00ab\u00a0Je donne des cours pour tous niveaux en petits effectifs\u00a0\u00bb. Les prochains ont lieu en octobre, lui qui r\u00eave d&rsquo;ouvrir une acad\u00e9mie \u00e0 Bastia. Il n&rsquo;a certes pas l&rsquo;\u00e2ge de s&rsquo;arr\u00eater mais tout de m\u00eame celui de penser \u00e0 l&rsquo;apr\u00e8s. Sa messe fun\u00e9raire, par exemple, il la voudrait \u00e0 l&rsquo;\u00e9glise Saint-Charles. L\u00e0 o\u00f9 repose l&rsquo;une de ses \u0153uvres, un fait rare pour un artiste de son vivant. \u00ab\u00a0J&rsquo;aurai alors tout gagn\u00e9\u00a0\u00bb, conclut-il.<\/p>\n","protected":false},"excerpt":{"rendered":"Bermuda, chemise entrouverte, cigarette \u00e0 la main. C&rsquo;est dans son atelier, mitoyen de sa petite galerie, que St\u00e9phane&hellip;\n","protected":false},"author":2,"featured_media":285318,"comment_status":"","ping_status":"","sticky":false,"template":"","format":"standard","meta":{"footnotes":""},"categories":[1358],"tags":[17,1348,1384,1385,12596,1687,1386,58,59,1011,27,42419,12420,42421,3583,32006,42420],"class_list":{"0":"post-285317","1":"post","2":"type-post","3":"status-publish","4":"format-standard","5":"has-post-thumbnail","7":"category-arts-et-design","8":"tag-17","9":"tag-arts","10":"tag-arts-and-design","11":"tag-arts-et-design","12":"tag-bastiais","13":"tag-culture-loisirs","14":"tag-design","15":"tag-divertissement","16":"tag-entertainment","17":"tag-fr","18":"tag-france","19":"tag-javier","20":"tag-lartiste","21":"tag-peindre","22":"tag-qui","23":"tag-stephane","24":"tag-voulait"},"share_on_mastodon":{"url":"https:\/\/pubeurope.com\/@fr\/114944547476464974","error":""},"_links":{"self":[{"href":"https:\/\/www.europesays.com\/fr\/wp-json\/wp\/v2\/posts\/285317","targetHints":{"allow":["GET"]}}],"collection":[{"href":"https:\/\/www.europesays.com\/fr\/wp-json\/wp\/v2\/posts"}],"about":[{"href":"https:\/\/www.europesays.com\/fr\/wp-json\/wp\/v2\/types\/post"}],"author":[{"embeddable":true,"href":"https:\/\/www.europesays.com\/fr\/wp-json\/wp\/v2\/users\/2"}],"replies":[{"embeddable":true,"href":"https:\/\/www.europesays.com\/fr\/wp-json\/wp\/v2\/comments?post=285317"}],"version-history":[{"count":0,"href":"https:\/\/www.europesays.com\/fr\/wp-json\/wp\/v2\/posts\/285317\/revisions"}],"wp:featuredmedia":[{"embeddable":true,"href":"https:\/\/www.europesays.com\/fr\/wp-json\/wp\/v2\/media\/285318"}],"wp:attachment":[{"href":"https:\/\/www.europesays.com\/fr\/wp-json\/wp\/v2\/media?parent=285317"}],"wp:term":[{"taxonomy":"category","embeddable":true,"href":"https:\/\/www.europesays.com\/fr\/wp-json\/wp\/v2\/categories?post=285317"},{"taxonomy":"post_tag","embeddable":true,"href":"https:\/\/www.europesays.com\/fr\/wp-json\/wp\/v2\/tags?post=285317"}],"curies":[{"name":"wp","href":"https:\/\/api.w.org\/{rel}","templated":true}]}}