{"id":285327,"date":"2025-07-30T22:33:11","date_gmt":"2025-07-30T22:33:11","guid":{"rendered":"https:\/\/www.europesays.com\/fr\/285327\/"},"modified":"2025-07-30T22:33:11","modified_gmt":"2025-07-30T22:33:11","slug":"pesticides-vs-nutriments-faut-il-vraiment-eplucher-les-fruits","status":"publish","type":"post","link":"https:\/\/www.europesays.com\/fr\/285327\/","title":{"rendered":"Pesticides vs nutriments\u2026 Faut-il vraiment \u00e9plucher les fruits\u00a0?"},"content":{"rendered":"<p>Faut-il \u00e9plucher ses fruits et l\u00e9gumes\u00a0? Entre richesse nutritive, r\u00e9sidus de pesticides et impact environnemental, la r\u00e9ponse n\u2019est pas aussi simple qu\u2019il n\u2019y para\u00eet. Cristina L\u00f3pez de la Torre, directrice du d\u00e9partement de pharmacie de l\u2019universit\u00e9 Europea, nous aide \u00e0 y voir plus clair.<\/p>\n<p>Chaque jour, des millions de personnes dans le monde \u00e9pluchent leurs <a href=\"https:\/\/www.20minutes.fr\/dossier\/fruits\" class=\"color-ultramarine c-link\" target=\"_blank\" rel=\"noopener\">fruits<\/a> et <a href=\"https:\/\/www.20minutes.fr\/dossier\/legumes\" class=\"color-ultramarine c-link\" target=\"_blank\" rel=\"noopener\">l\u00e9gumes<\/a> avant de les manger. Ce geste, fait de mani\u00e8re automatique, est h\u00e9rit\u00e9 d\u2019habitudes familiales ou alors soutenu par l\u2019id\u00e9e selon laquelle il s\u2019agit l\u00e0 d\u2019une fa\u00e7on de manger plus \u00ab\u00a0saine\u00a0\u00bb.<\/p>\n<p>Cet acte apparemment innocent est plus controvers\u00e9 qu\u2019il n\u2019y para\u00eet. En effet, si ce geste peut sembler plus hygi\u00e9nique, il s\u2019av\u00e8re que la peau des fruits et l\u00e9gumes est pleine de nutriments, ce qui remet en cause les b\u00e9n\u00e9fices de l\u2019\u00e9pluchage de ces aliments.<\/p>\n<p>Cependant, et c\u2019est l\u00e0 que r\u00e9side le dilemme, la peau des fruits et l\u00e9gumes peut \u00e9galement contenir des r\u00e9sidus de <a href=\"https:\/\/www.20minutes.fr\/planete\/pesticides\/\" class=\"color-ultramarine c-link\" target=\"_blank\" rel=\"noopener\">pesticides<\/a>. La question pos\u00e9e est donc la suivante\u00a0: \u00e0 quoi devons-nous pr\u00eater le plus d\u2019attention, aux nutriments que nous perdons en \u00e9pluchant les fruits ou aux pesticides que nous \u00e9vitons d\u2019ing\u00e9rer\u00a0?<\/p>\n<p>Une <a href=\"https:\/\/www.sciencedirect.com\/science\/article\/pii\/S2665927123000084\" rel=\"nofollow noopener\" target=\"_blank\" class=\"color-ultramarine c-link\">\u00e9tude<\/a> publi\u00e9e dans Current Research in Food Science se penche sur ce dilemme et conclut que la r\u00e9ponse, comme pour beaucoup d\u2019autres questions li\u00e9es \u00e0 l\u2019alimentation, est loin d\u2019\u00eatre simple.<\/p>\n<p>Ce que nous perdons en \u00e9pluchant un fruit<\/p>\n<p>La peau de la pomme contient environ deux fois plus de fibres que la chair et une forte concentration de <a href=\"https:\/\/pubmed.ncbi.nlm.nih.gov\/20492102\/\" rel=\"nofollow noopener\" target=\"_blank\" class=\"color-ultramarine c-link\">compos\u00e9s ph\u00e9noliques<\/a> qui agissent comme des <a href=\"https:\/\/pubmed.ncbi.nlm.nih.gov\/12537430\/\" target=\"_blank\" class=\"color-ultramarine c-link\" rel=\"noopener\">antioxydants naturels.<\/a><\/p>\n<\/p>\n<p>Leur pr\u00e9sence contribue \u00e0 maintenir l\u2019\u00e9quilibre au niveau cellulaire et \u00e0 pr\u00e9venir ou retarder les dommages cellulaires caus\u00e9s par les radicaux libres ainsi que l\u2019exposition \u00e0 la pollution, par la fum\u00e9e de tabac ou les rayons UV qui causent un stress oxydatif. Tous ces \u00e9l\u00e9ments contribuent au vieillissement cellulaire et peuvent \u00eatre li\u00e9s \u00e0 des pathologies chroniques comme les maladies cardiovasculaires, certains cancers et le diab\u00e8te de type 2.<\/p>\n<p>Par ailleurs, des propri\u00e9t\u00e9s <a href=\"https:\/\/www.frontiersin.org\/journals\/pharmacology\/articles\/10.3389\/fphar.2024.1378335\/full\" target=\"_blank\" class=\"color-ultramarine c-link\" rel=\"noopener\">anti-inflammatoires<\/a> et <a href=\"https:\/\/www.scielo.org.mx\/pdf\/polib\/n53\/1405-2768-polib-53-151.pdf\" rel=\"nofollow noopener\" target=\"_blank\" class=\"color-ultramarine c-link\">antimicrobiennes<\/a> ont \u00e9galement \u00e9t\u00e9 identifi\u00e9es dans des fruits tels que les poires, les raisins et les agrumes dont les \u00e9corces sont \u00e9galement une source pr\u00e9cieuse de vitamine C et d\u2019huiles essentielles.<\/p>\n<p>La peau de certains l\u00e9gumes apporte \u00e9galement des fibres, du potassium et des antioxydants tels que les polyph\u00e9nols. C\u2019est le cas de la <a href=\"https:\/\/pmc.ncbi.nlm.nih.gov\/articles\/PMC3650512\" rel=\"nofollow noopener\" target=\"_blank\" class=\"color-ultramarine c-link\">peau des pommes de terre<\/a>, des <a href=\"https:\/\/pmc.ncbi.nlm.nih.gov\/articles\/PMC8750513\/\" rel=\"nofollow noopener\" target=\"_blank\" class=\"color-ultramarine c-link\">carottes<\/a> et des concombres.<\/p>\n<p>Un autre exemple peu connu est la peau de <a href=\"https:\/\/pubmed.ncbi.nlm.nih.gov\/10100509\" rel=\"nofollow noopener\" target=\"_blank\" class=\"color-ultramarine c-link\">l\u2019aubergine<\/a>, qui contient de la nasunine, un puissant antioxydant qui prot\u00e8ge les membranes cellulaires des dommages oxydatifs.<\/p>\n<p>De l\u2019autre c\u00f4t\u00e9 de la balance, les pesticides<\/p>\n<p>Au vu des nombreuses propri\u00e9t\u00e9s pr\u00e9cieuses associ\u00e9es \u00e0 la peau, on pourrait penser que la balance penche en faveur de la consommation de fruits et l\u00e9gumes sans les peler. Cependant, l\u2019\u00e9pluchage a aussi ses justifications. La plus \u00e9vidente, comme mentionn\u00e9 ci-dessus, est la pr\u00e9sence de r\u00e9sidus de pesticides \u00e0 la surface.<\/p>\n<p>Bien que les niveaux soient r\u00e9glement\u00e9s par des organismes tels que l\u2019Autorit\u00e9 europ\u00e9enne de s\u00e9curit\u00e9 des aliments (EFSA), certaines <a href=\"https:\/\/pubmed.ncbi.nlm.nih.gov\/36518469\" rel=\"nofollow noopener\" target=\"_blank\" class=\"color-ultramarine c-link\">\u00e9tudes<\/a> ont trouv\u00e9 des r\u00e9sidus de ces substances m\u00eame apr\u00e8s le lavage. C\u2019est pourquoi de nombreux consommateurs optent pour l\u2019\u00e9pluchage par mesure de pr\u00e9caution.<\/p>\n<p><a href=\"https:\/\/www.20minutes.fr\/tempo\/food\/\" class=\"c-link c-btn c-btn--primary\" target=\"_blank\" rel=\"noopener\">Notre dossier alimentation<\/a><\/p>\n<p>La bonne nouvelle, c\u2019est qu\u2019il existe des moyens efficaces de r\u00e9duire la charge en pesticides sans \u00e9liminer la peau.<\/p>\n<blockquote class=\"mx-m@xs mx-xxl@md color-ultramarine c-citation\">\n<p class=\"font-weight-regular@xs text-italic font-source-serif-pro text-l@xs c-citation__content\">\u00ab\u00a0Laver les fruits et l\u00e9gumes \u00e0 l\u2019eau courante, les frotter avec une brosse adapt\u00e9e \u00e0 l\u2019alimentation ou les faire tremper bri\u00e8vement dans un m\u00e9lange d\u2019eau et de bicarbonate de soude ou de vinaigre peut \u00e9liminer jusqu\u2019\u00e0 80-90\u00a0% des r\u00e9sidus.\u00a0\u00bb<\/p>\n<\/blockquote>\n<p>Bien entendu, l\u2019id\u00e9al est de consommer des fruits et l\u00e9gumes produits de mani\u00e8re \u00e9cologique ou localement, des modes de production dans lesquels les pesticides sont moins voire pas du tout utilis\u00e9s.<\/p>\n<p>L\u2019impact invisible des \u00e9pluchures<\/p>\n<p>Un autre argument pertinent \u2013 et moins connu \u2013 est l\u2019impact environnemental de l\u2019\u00e9pluchage syst\u00e9matique des fruits et l\u00e9gumes. Selon des estimations de l\u2019<a href=\"https:\/\/onu-rome.delegfrance.org\/Pertes-et-gaspillages-alimentaires\" target=\"_blank\" class=\"color-ultramarine c-link\" rel=\"noopener\">Organisation des Nations unies pour l\u2019alimentation et l\u2019agriculture<\/a> (FAO), chaque ann\u00e9e, 14\u00a0% des aliments produits dans le monde sont perdus avant d\u2019atteindre le consommateur. Une part importante de ce gaspillage provient des \u00e9pluchures jet\u00e9es inutilement.<\/p>\n<p>Ces peaux, qui pourraient \u00eatre utilis\u00e9es comme aliments, finissent dans des d\u00e9charges o\u00f9 elles se d\u00e9composent et g\u00e9n\u00e8rent du m\u00e9thane, un gaz \u00e0 effet de serre beaucoup plus puissant que le dioxyde de carbone.<\/p>\n<p>Selon plusieurs <a href=\"https:\/\/unfccc.int\/news\/food-loss-and-waste-account-for-8-10-of-annual-global-greenhouse-gas-emissions-cost-usd-1-trillion?\" target=\"_blank\" class=\"color-ultramarine c-link\" rel=\"noopener\">\u00e9tudes<\/a>, on estime que si l\u2019on r\u00e9duisait les d\u00e9chets de fruits et l\u00e9gumes dans les m\u00e9nages, les \u00e9missions mondiales de gaz \u00e0 effet de serre diminueraient de mani\u00e8re significative. En outre, des recherches sont d\u00e9j\u00e0 en cours dans certains pays sur la mani\u00e8re de convertir les peaux en produits utiles\u00a0: des farines enrichies aux bioplastiques, en passant par les engrais et les aliments pour animaux.<\/p>\n<p>Alors, que faire\u00a0?<\/p>\n<p>Peler ou ne pas peler ne doit pas \u00eatre une d\u00e9cision automatique, mais une d\u00e9cision \u00e9clair\u00e9e. Si le fruit ou le l\u00e9gume est bien lav\u00e9 et provient d\u2019une source fiable, il est pr\u00e9f\u00e9rable, d\u2019un point de vue nutritionnel et \u00e9cologique, de le consommer avec la peau.<\/p>\n<p>Il existe bien s\u00fbr des exceptions. Certaines peaux sont trop dures, am\u00e8res ou contiennent des compos\u00e9s ind\u00e9sirables, comme la <a href=\"https:\/\/www.centreantipoisons.be\/alimentation\/les-pommes-de-terre-vertes-et-les-tomates-vertes-non-m-res\" target=\"_blank\" class=\"color-ultramarine c-link\" rel=\"noopener\">solanine<\/a> dans la peau des pommes de terre vertes.<\/p>\n<p>La solanine est un glycoalcalo\u00efde naturel que les pommes de terre produisent pour se d\u00e9fendre contre les insectes et les maladies. Elle est principalement concentr\u00e9e dans la peau et les zones vertes du tubercule, qui apparaissent lorsque la pomme de terre est expos\u00e9e \u00e0 la lumi\u00e8re ou endommag\u00e9e physiquement.<\/p>\n<p>Bien que la chlorophylle qui donne la couleur verte soit inoffensive, sa pr\u00e9sence indique une augmentation potentielle de la solanine. La consommation de pommes de terre \u00e0 forte teneur en solanine peut provoquer des sympt\u00f4mes tels que des naus\u00e9es, diarrh\u00e9es, douleurs abdominales, maux de t\u00eate et, dans les cas les plus graves, paralysies, hallucinations\u2026<\/p>\n<p>Des <a href=\"https:\/\/www.jebms.org\/full-text\/177?\" target=\"_blank\" class=\"color-ultramarine c-link\" rel=\"noopener\">\u00e9tudes r\u00e9centes<\/a> indiquent que des doses de solanine de 2 \u00e0 5\u00a0mg\/kg de poids corporel peuvent provoquer des sympt\u00f4mes toxiques et que des doses sup\u00e9rieures \u00e0 6\u00a0mg\/kg peuvent \u00eatre mortelles.<\/p>\n<p>Finalement, il s\u2019agit d\u2019une \u00e9valuation au cas par cas, en \u00e9quilibrant les avantages et les risques. La science nous invite \u00e0 consid\u00e9rer les \u00e9pluchures non pas comme des d\u00e9chets, mais comme une autre partie de l\u2019aliment\u00a0: nutritive, polyvalente et, \u00e0 bien des \u00e9gards, sous-estim\u00e9e.<\/p>\n<p><img loading=\"lazy\" decoding=\"async\" src=\"https:\/\/www.europesays.com\/fr\/wp-content\/uploads\/2025\/07\/1753380738_72_count.gif\" alt=\"The Conversation\" width=\"1\" height=\"1\" style=\"border:none !important;box-shadow:none !important;margin:0 !important;max-height:1px !important;max-width:1px !important;min-height:1px !important;min-width:1px !important;opacity:0 !important;outline:none !important;padding:0 !important\" referrerpolicy=\"no-referrer-when-downgrade\"\/> <\/p>\n","protected":false},"excerpt":{"rendered":"Faut-il \u00e9plucher ses fruits et l\u00e9gumes\u00a0? Entre richesse nutritive, r\u00e9sidus de pesticides et impact environnemental, la r\u00e9ponse n\u2019est&hellip;\n","protected":false},"author":2,"featured_media":285328,"comment_status":"","ping_status":"","sticky":false,"template":"","format":"standard","meta":{"footnotes":""},"categories":[10],"tags":[258,2656,1011,27,255,72,2091,71,41],"class_list":{"0":"post-285327","1":"post","2":"type-post","3":"status-publish","4":"format-standard","5":"has-post-thumbnail","7":"category-sante","8":"tag-alimentation","9":"tag-food","10":"tag-fr","11":"tag-france","12":"tag-fruits-et-legumes","13":"tag-health","14":"tag-pesticides","15":"tag-sante","16":"tag-sciences"},"share_on_mastodon":{"url":"https:\/\/pubeurope.com\/@fr\/114944567315369086","error":""},"_links":{"self":[{"href":"https:\/\/www.europesays.com\/fr\/wp-json\/wp\/v2\/posts\/285327","targetHints":{"allow":["GET"]}}],"collection":[{"href":"https:\/\/www.europesays.com\/fr\/wp-json\/wp\/v2\/posts"}],"about":[{"href":"https:\/\/www.europesays.com\/fr\/wp-json\/wp\/v2\/types\/post"}],"author":[{"embeddable":true,"href":"https:\/\/www.europesays.com\/fr\/wp-json\/wp\/v2\/users\/2"}],"replies":[{"embeddable":true,"href":"https:\/\/www.europesays.com\/fr\/wp-json\/wp\/v2\/comments?post=285327"}],"version-history":[{"count":0,"href":"https:\/\/www.europesays.com\/fr\/wp-json\/wp\/v2\/posts\/285327\/revisions"}],"wp:featuredmedia":[{"embeddable":true,"href":"https:\/\/www.europesays.com\/fr\/wp-json\/wp\/v2\/media\/285328"}],"wp:attachment":[{"href":"https:\/\/www.europesays.com\/fr\/wp-json\/wp\/v2\/media?parent=285327"}],"wp:term":[{"taxonomy":"category","embeddable":true,"href":"https:\/\/www.europesays.com\/fr\/wp-json\/wp\/v2\/categories?post=285327"},{"taxonomy":"post_tag","embeddable":true,"href":"https:\/\/www.europesays.com\/fr\/wp-json\/wp\/v2\/tags?post=285327"}],"curies":[{"name":"wp","href":"https:\/\/api.w.org\/{rel}","templated":true}]}}