{"id":285344,"date":"2025-07-30T22:44:19","date_gmt":"2025-07-30T22:44:19","guid":{"rendered":"https:\/\/www.europesays.com\/fr\/285344\/"},"modified":"2025-07-30T22:44:19","modified_gmt":"2025-07-30T22:44:19","slug":"visite-guidee-pour-adolescents-en-quete-dart-urbain","status":"publish","type":"post","link":"https:\/\/www.europesays.com\/fr\/285344\/","title":{"rendered":"Visite guid\u00e9e pour adolescents En qu\u00eate d\u2019art urbain"},"content":{"rendered":"<p>L\u2019exposition A\u00e9rosol. Une histoire du graffiti en France. 1960-1985 , est visible jusqu\u2019au 31\u00a0ao\u00fbt. Les jeunes participants devront r\u00e9soudre des \u00e9nigmes qui leur permettront de mieux comprendre l\u2019\u00e9mergence du graffiti et la gen\u00e8se de l\u2019art urbain. L\u2019activit\u00e9 est destin\u00e9e aux adolescents \u00e0 partir de 12 ans.<\/p>\n<p class=\"note\">Lundi 4\u00a0ao\u00fbt et lundi 18\u00a0ao\u00fbt, \u00e0 14\u00a0h\u00a030, au mus\u00e9e des Beaux-Arts, 3, place Stanislas, \u00e0 Nancy. Tarif\u00a0: 4\u00a0\u20ac. R\u00e9servations au 03\u00a083\u00a085\u00a030\u00a001.<\/p>\n","protected":false},"excerpt":{"rendered":"L\u2019exposition A\u00e9rosol. Une histoire du graffiti en France. 1960-1985 , est visible jusqu\u2019au 31\u00a0ao\u00fbt. Les jeunes participants devront&hellip;\n","protected":false},"author":2,"featured_media":285345,"comment_status":"","ping_status":"","sticky":false,"template":"","format":"standard","meta":{"footnotes":""},"categories":[9635],"tags":[1111,11,1687,1704,1777,674,2271,1011,27,775,1702,1703,12,25],"class_list":{"0":"post-285344","1":"post","2":"type-post","3":"status-publish","4":"format-standard","5":"has-post-thumbnail","7":"category-nancy","8":"tag-actu","9":"tag-actualites","10":"tag-culture-loisirs","11":"tag-edition-nancy-et-agglomeration","12":"tag-eu","13":"tag-europe","14":"tag-exposition-arts-plastiques","15":"tag-fr","16":"tag-france","17":"tag-grand-est","18":"tag-nancy","19":"tag-nancy-ville-54b","20":"tag-news","21":"tag-republique-francaise"},"share_on_mastodon":{"url":"https:\/\/pubeurope.com\/@fr\/114944610397041415","error":""},"_links":{"self":[{"href":"https:\/\/www.europesays.com\/fr\/wp-json\/wp\/v2\/posts\/285344","targetHints":{"allow":["GET"]}}],"collection":[{"href":"https:\/\/www.europesays.com\/fr\/wp-json\/wp\/v2\/posts"}],"about":[{"href":"https:\/\/www.europesays.com\/fr\/wp-json\/wp\/v2\/types\/post"}],"author":[{"embeddable":true,"href":"https:\/\/www.europesays.com\/fr\/wp-json\/wp\/v2\/users\/2"}],"replies":[{"embeddable":true,"href":"https:\/\/www.europesays.com\/fr\/wp-json\/wp\/v2\/comments?post=285344"}],"version-history":[{"count":0,"href":"https:\/\/www.europesays.com\/fr\/wp-json\/wp\/v2\/posts\/285344\/revisions"}],"wp:featuredmedia":[{"embeddable":true,"href":"https:\/\/www.europesays.com\/fr\/wp-json\/wp\/v2\/media\/285345"}],"wp:attachment":[{"href":"https:\/\/www.europesays.com\/fr\/wp-json\/wp\/v2\/media?parent=285344"}],"wp:term":[{"taxonomy":"category","embeddable":true,"href":"https:\/\/www.europesays.com\/fr\/wp-json\/wp\/v2\/categories?post=285344"},{"taxonomy":"post_tag","embeddable":true,"href":"https:\/\/www.europesays.com\/fr\/wp-json\/wp\/v2\/tags?post=285344"}],"curies":[{"name":"wp","href":"https:\/\/api.w.org\/{rel}","templated":true}]}}