{"id":285346,"date":"2025-07-30T22:45:12","date_gmt":"2025-07-30T22:45:12","guid":{"rendered":"https:\/\/www.europesays.com\/fr\/285346\/"},"modified":"2025-07-30T22:45:12","modified_gmt":"2025-07-30T22:45:12","slug":"le-groupe-en-concert-a-la-seyne-sur-mer","status":"publish","type":"post","link":"https:\/\/www.europesays.com\/fr\/285346\/","title":{"rendered":"le groupe en concert \u00e0 la Seyne-sur-Mer"},"content":{"rendered":"<p>Le c\u00e9l\u00e8bre groupe de disco et de pop Boney M. donne un concert \u00e0 La Seyne-sur-Mer ce vendredi 1er\u00a0ao\u00fbt, dans le cadre de <a href=\"https:\/\/www.laprovence.com\/article\/culture-loisirs\/52968431797354\/31-stars-des-annees-2000-donnent-rendez-vous-a-la-seyne-sur-mer\" target=\"_blank\" rel=\"noopener\">La Kermesse<\/a>, festival r\u00e9unissant sur trois jours les artistes qui nous ont fait chanter pendant les ann\u00e9es\u00a02000. Le groupe aux tubes ind\u00e9modables fond\u00e9 par Frank Farian en\u00a01974 sera de la partie, aux c\u00f4t\u00e9s de Kenza Farah, Oph\u00e9lie Winter, Francky Vincent, les L5 ou encore N\u00e8g\u2019Marrons. Parmi les chanteurs pr\u00e9sents dans la quatri\u00e8me g\u00e9n\u00e9ration de Boney M., on retrouve l\u2019Am\u00e9ricaine Beckie Bell qui, apr\u00e8s avoir travaill\u00e9 en tant que choriste avec France Gall ou encore <a href=\"https:\/\/laprovence.com\/article\/sports\/957074772757814\/la-ceremonie-douverture-des-jo-2024-parmi-les-meilleures-audiences-tele-de-lhistoire\" target=\"_blank\" rel=\"noopener\">C\u00e9line Dion<\/a>, fait partie int\u00e9grante de la bande depuis presque 30\u00a0ans.<\/p>\n<p><strong>Vous avez une longue carri\u00e8re derri\u00e8re vous, qu\u2019occupe le chant dans votre vie aujourd\u2019hui\u00a0?<\/strong>&#13;\n<\/p>\n<p>J\u2019ai commenc\u00e9 \u00e0 18\u00a0ans, cela fait donc 50\u00a0ans que je chante. La musique tient une place importante dans mon quotidien, mais ce que je pr\u00e9f\u00e8re c\u2019est faire des concerts, rencontrer le public, voyager\u2026 Quand on est sur sc\u00e8ne, on oublie tout le reste. Cela fait presque 30\u00a0ans que je suis dans le groupe Boney M. J\u2019ai commenc\u00e9 aux c\u00f4t\u00e9s de Bobby Farrell (le chanteur culte d\u00e9c\u00e9d\u00e9 en\u00a02010, NDLR) au moment de la dissolution du groupe originel, et aujourd\u2019hui, je chante avec Anthea Ferrell et Salina Toussaint, la fille de Maureen Laurens, qui est d\u00e9c\u00e9d\u00e9e il y a quelques ann\u00e9es. On fait \u00e0 peu pr\u00e8s 50 concerts par an et je ne m\u2019en lasse pas. Les chansons que je pr\u00e9f\u00e8re sont Ma Buker, Rasputin et Rivers of Babybon.<\/p>\n","protected":false},"excerpt":{"rendered":"Le c\u00e9l\u00e8bre groupe de disco et de pop Boney M. donne un concert \u00e0 La Seyne-sur-Mer ce vendredi&hellip;\n","protected":false},"author":2,"featured_media":285347,"comment_status":"","ping_status":"","sticky":false,"template":"","format":"standard","meta":{"footnotes":""},"categories":[9619],"tags":[17,1111,11,251,42423,42424,1777,674,1011,27,3707,151,15179,12,5261,471,882,25,2310],"class_list":{"0":"post-285346","1":"post","2":"type-post","3":"status-publish","4":"format-standard","5":"has-post-thumbnail","7":"category-toulon","8":"tag-17","9":"tag-actu","10":"tag-actualites","11":"tag-culture","12":"tag-dage","13":"tag-ecouter","14":"tag-eu","15":"tag-europe","16":"tag-fr","17":"tag-france","18":"tag-il","19":"tag-les","20":"tag-ny","21":"tag-news","22":"tag-pas","23":"tag-pour","24":"tag-provence-alpes-cote-dazur","25":"tag-republique-francaise","26":"tag-toulon"},"share_on_mastodon":{"url":"https:\/\/pubeurope.com\/@fr\/114944614349630350","error":""},"_links":{"self":[{"href":"https:\/\/www.europesays.com\/fr\/wp-json\/wp\/v2\/posts\/285346","targetHints":{"allow":["GET"]}}],"collection":[{"href":"https:\/\/www.europesays.com\/fr\/wp-json\/wp\/v2\/posts"}],"about":[{"href":"https:\/\/www.europesays.com\/fr\/wp-json\/wp\/v2\/types\/post"}],"author":[{"embeddable":true,"href":"https:\/\/www.europesays.com\/fr\/wp-json\/wp\/v2\/users\/2"}],"replies":[{"embeddable":true,"href":"https:\/\/www.europesays.com\/fr\/wp-json\/wp\/v2\/comments?post=285346"}],"version-history":[{"count":0,"href":"https:\/\/www.europesays.com\/fr\/wp-json\/wp\/v2\/posts\/285346\/revisions"}],"wp:featuredmedia":[{"embeddable":true,"href":"https:\/\/www.europesays.com\/fr\/wp-json\/wp\/v2\/media\/285347"}],"wp:attachment":[{"href":"https:\/\/www.europesays.com\/fr\/wp-json\/wp\/v2\/media?parent=285346"}],"wp:term":[{"taxonomy":"category","embeddable":true,"href":"https:\/\/www.europesays.com\/fr\/wp-json\/wp\/v2\/categories?post=285346"},{"taxonomy":"post_tag","embeddable":true,"href":"https:\/\/www.europesays.com\/fr\/wp-json\/wp\/v2\/tags?post=285346"}],"curies":[{"name":"wp","href":"https:\/\/api.w.org\/{rel}","templated":true}]}}