{"id":285349,"date":"2025-07-30T22:48:12","date_gmt":"2025-07-30T22:48:12","guid":{"rendered":"https:\/\/www.europesays.com\/fr\/285349\/"},"modified":"2025-07-30T22:48:12","modified_gmt":"2025-07-30T22:48:12","slug":"du-tribunal-a-la-prison-pour-six-mois","status":"publish","type":"post","link":"https:\/\/www.europesays.com\/fr\/285349\/","title":{"rendered":"du tribunal \u00e0 la prison pour six mois"},"content":{"rendered":"<p>            Par<br \/>\n        <strong><br \/>\n            <a href=\"https:\/\/actu.fr\/auteur\/jm-aubert\" title=\"Consulter tous les articles de Jean-Marc Aubert\" rel=\"nofollow noopener\" target=\"_blank\">Jean-Marc Aubert<\/a><br \/>\n        <\/strong><\/p>\n<p>        Publi\u00e9 le<\/p>\n<p>            30 juil. 2025 \u00e0 18h47        <\/p>\n<p>L\u2019<strong>agression de deux conducteurs-receveurs de TaM 3M<\/strong>, dans la nuit de lundi 21 \u00e0 mardi 22 juillet 2025, \u00e0 <strong>Montpellier<\/strong> vient d\u2019avoir des prolongements judiciaires : l\u2019auteur pr\u00e9sum\u00e9 \u00e2g\u00e9 de 29 ans, de nationalit\u00e9 alg\u00e9rienne a \u00e9t\u00e9 condamn\u00e9 \u00e0 <strong>six mois de prison ferme<\/strong>, <strong>dix ans d\u2019interdiction de territoire<\/strong> fran\u00e7ais et \u00e0 cinq ans d\u2019interdiction d\u2019un port d\u2019arme par le tribunal correctionnel. Il avait d\u00e9j\u00e0 commis une agression au couteau un mois plus t\u00f4t et avait quitt\u00e9 libre le palais de justice\u2026<\/p>\n<p>    <a href=\"https:\/\/www.google.com\/maps\/embed?pb=!1m18!1m12!1m3!1d5449.699397856929!2d3.8175916265016077!3d43.61599825631076!2m3!1f0!2f0!3f0!3m2!1i1024!2i768!4f13.1!3m3!1m2!1s0x12b6ac2c0c61f1e5%3A0xb03399e923d30b17!2sEspace%20Mobilit%C3%A9%20TaM%20Mosson!5e0!3m2!1sfr!2sfr!4v1753866623022!5m2!1sfr!2sfr\" title=\"Ouvrie le lien\" rel=\"nofollow noopener\" target=\"_blank\">Cliquez ici pour visualiser le contenu<\/a><\/p>\n<p class=\" wall-content\">Cette violente agression avec arme sur les deux salari\u00e9s de TaM 3M a \u00e9t\u00e9 \u00e9voqu\u00e9e par <strong>M\u00e9tropolitain<\/strong>, d\u00e8s le 22 juillet.\u00a0Pr\u00e9sents \u00e0 l\u2019audience, les deux agents ont exprim\u00e9 leur soulagement, t\u00e9moignant de leur fiert\u00e9 d\u2019appartenir \u00e0 l\u2019entreprise de transports en commun de la M\u00e9tropole de Montpellier et soulignant sur le soutien apport\u00e9 dans leur \u00e9preuve par leur hi\u00e9rarchie.<\/p>\n<p class=\" wall-content\">\u00ab\u00a0Sale Arabe\u00a0\u00bb, \u00ab\u00a0Vendu\u00a0\u00bb, \u00ab\u00a0Je vais te planter\u00a0\u00bb\u2026 Dans la nuit du 21 au 22 juillet, sur le quai de la station de tramway Mosson, un premier conducteur \u00e9tait copieusement insult\u00e9 en langue fran\u00e7aise et arabe, puis tr\u00e8s l\u00e9g\u00e8rement bless\u00e9 par un coup port\u00e9 dans le ventre avec un \u00ab\u00a0pic\u00a0\u00bb. Un coll\u00e8gue assistant \u00e0 la sc\u00e8ne \u00e9tait aussit\u00f4t intervenu, avant d\u2019\u00eatre menac\u00e9 et malmen\u00e9 \u00e0 son tour, mais, fort de son imposante stature de rugbyman, parvenait \u00e0 neutraliser l\u2019agresseur.<\/p>\n<p>Il bloquait la porte d\u2019une rame avec ses pieds<\/p>\n<p class=\" wall-content\">Le premier agent de TaM 3M avait gentiment demand\u00e9 au vingtenaire, qui \u00e9tait \u00e0 bord du tramway sur la ligne 1, de retirer ses pieds qui bloquaient volontairement les portes d\u2019une rame, l\u2019emp\u00eachant de rouler. Fortement alcoolis\u00e9 et sous stup\u00e9fiants, il avait refus\u00e9, avant donc de s\u2019en prendre violemment au conducteur-receveur qui prenait son service, sous les yeux de son coll\u00e8gue qu\u2019il venait remplacer \u00e0 la station de la Mosson. Les deux agents avaient \u00e9t\u00e9 conduits aux urgences de l\u2019h\u00f4pital Lapeyronie, puis avaient d\u00e9pos\u00e9 plainte, ainsi que TaM 3M constitu\u00e9e partie civile.\u00a0<\/p>\n<p>Vid\u00e9os : en ce moment sur Actu<\/p>\n<p class=\" wall-content\">Apr\u00e8s avoir pris la fuite, l\u2019auteur pr\u00e9sum\u00e9 \u00a0\u00e2g\u00e9 de 29 ans, de nationalit\u00e9 alg\u00e9rienne \u00e9tait rapidement rep\u00e9r\u00e9 et interpell\u00e9 par les policiers de la brigade anticriminalit\u00e9 \u2013 BAC -, gr\u00e2ce au signalement pr\u00e9cis donn\u00e9 par les deux agents. Il avait encore sur lui le \u00ab\u00a0pic\u00a0\u00bb utilis\u00e9 pour blesser l\u2019un d\u2019eux. Tant en garde \u00e0 vue, que lors du proc\u00e8s, il a ni\u00e9 tous les faits qui lui \u00e9taient reproch\u00e9s, allant m\u00eame accuser les deux conducteurs de tram de l\u2019avoir frapp\u00e9. Dans la foul\u00e9e de l\u2019\u00e9nonc\u00e9 de la condamnation de six mois de prison ferme, il a \u00e9t\u00e9 incarc\u00e9r\u00e9 au centre p\u00e9nitentiaire de Villeneuve-l\u00e8s-Maguelone. Une nouvelle audience a \u00e9t\u00e9 fix\u00e9e au 19 janvier 2026 en pr\u00e9sence du condamn\u00e9, pour \u00e9valuer et fixer le montant du pr\u00e9judice qu\u2019ont subi les deux agents de TaM 3M.<\/p>\n<p>D\u00e9j\u00e0 sous contr\u00f4le judiciaire\u00a0<\/p>\n<p class=\" wall-content\">Lors du proc\u00e8s, il est apparu que l\u2019agresseur avait d\u00e9j\u00e0 \u00e9t\u00e9 interpell\u00e9 le 18 juin dernier, \u00e0 Montpellier, apr\u00e8s avoir volontairement vandalis\u00e9 la capote d\u2019une voiture en stationnement, avec un couteau. Il avait alors menac\u00e9 le propri\u00e9taire du v\u00e9hicule qui s\u2019interposait avec l\u2019arme blanche, avant d\u2019\u00eatre arr\u00eat\u00e9 par la police. D\u00e9f\u00e9r\u00e9 au parquet de Montpellier, il avait \u00e9t\u00e9 remis en libert\u00e9 sous contr\u00f4le judiciaire\u2026\u00a0<\/p>\n<p class=\" wall-content\">Suivez toute l\u2019actualit\u00e9 de vos villes et m\u00e9dias favoris en vous inscrivant \u00e0 <a href=\"https:\/\/moncompte.actu.fr\" title=\"D\u00e9couvez Mon Actu\" rel=\"nofollow noopener\" data-trk=\"{&quot;cta&quot;:{&quot;action&quot;:&quot;https:\\\/\\\/moncompte.actu.fr&quot;,&quot;category&quot;:&quot;mon compte&quot;,&quot;from&quot;:&quot;article footer&quot;,&quot;name&quot;:&quot;Mon actu&quot;,&quot;type&quot;:&quot;cta&quot;}}\" target=\"_blank\">Mon Actu<\/a>.<\/p>\n","protected":false},"excerpt":{"rendered":"Par Jean-Marc Aubert Publi\u00e9 le 30 juil. 2025 \u00e0 18h47 L\u2019agression de deux conducteurs-receveurs de TaM 3M, dans&hellip;\n","protected":false},"author":2,"featured_media":285350,"comment_status":"","ping_status":"","sticky":false,"template":"","format":"standard","meta":{"footnotes":""},"categories":[9599],"tags":[1111,11,1777,674,118,1011,27,303,2208,12,2680,1072,25,5787],"class_list":{"0":"post-285349","1":"post","2":"type-post","3":"status-publish","4":"format-standard","5":"has-post-thumbnail","7":"category-montpellier","8":"tag-actu","9":"tag-actualites","10":"tag-eu","11":"tag-europe","12":"tag-faits-divers","13":"tag-fr","14":"tag-france","15":"tag-justice","16":"tag-montpellier","17":"tag-news","18":"tag-occitanie","19":"tag-police","20":"tag-republique-francaise","21":"tag-transports-en-commun-lyonnais-tcl"},"share_on_mastodon":{"url":"https:\/\/pubeurope.com\/@fr\/114944626246551593","error":""},"_links":{"self":[{"href":"https:\/\/www.europesays.com\/fr\/wp-json\/wp\/v2\/posts\/285349","targetHints":{"allow":["GET"]}}],"collection":[{"href":"https:\/\/www.europesays.com\/fr\/wp-json\/wp\/v2\/posts"}],"about":[{"href":"https:\/\/www.europesays.com\/fr\/wp-json\/wp\/v2\/types\/post"}],"author":[{"embeddable":true,"href":"https:\/\/www.europesays.com\/fr\/wp-json\/wp\/v2\/users\/2"}],"replies":[{"embeddable":true,"href":"https:\/\/www.europesays.com\/fr\/wp-json\/wp\/v2\/comments?post=285349"}],"version-history":[{"count":0,"href":"https:\/\/www.europesays.com\/fr\/wp-json\/wp\/v2\/posts\/285349\/revisions"}],"wp:featuredmedia":[{"embeddable":true,"href":"https:\/\/www.europesays.com\/fr\/wp-json\/wp\/v2\/media\/285350"}],"wp:attachment":[{"href":"https:\/\/www.europesays.com\/fr\/wp-json\/wp\/v2\/media?parent=285349"}],"wp:term":[{"taxonomy":"category","embeddable":true,"href":"https:\/\/www.europesays.com\/fr\/wp-json\/wp\/v2\/categories?post=285349"},{"taxonomy":"post_tag","embeddable":true,"href":"https:\/\/www.europesays.com\/fr\/wp-json\/wp\/v2\/tags?post=285349"}],"curies":[{"name":"wp","href":"https:\/\/api.w.org\/{rel}","templated":true}]}}