{"id":285363,"date":"2025-07-30T22:59:12","date_gmt":"2025-07-30T22:59:12","guid":{"rendered":"https:\/\/www.europesays.com\/fr\/285363\/"},"modified":"2025-07-30T22:59:12","modified_gmt":"2025-07-30T22:59:12","slug":"3-bonnes-raisons-daller-au-festival-saint-jazz-cap-ferrat-cet-ete","status":"publish","type":"post","link":"https:\/\/www.europesays.com\/fr\/285363\/","title":{"rendered":"3 bonnes raisons d\u2019aller au Festival Saint Jazz Cap Ferrat cet \u00e9t\u00e9"},"content":{"rendered":"<p>                                <b>1.Un cadre de carte postale pour une parenth\u00e8se enchant\u00e9e<\/b><\/p>\n<p>Quand on \u00e9voque Saint-Jean-Cap-Ferrat, on pense forc\u00e9ment \u00e0 la douceur de vivre qui l\u2019entoure. Ici, pas de foule press\u00e9e ni de plages bond\u00e9es, mais des criques discr\u00e8tes, des sentiers en balcon, des jardins parfum\u00e9s. Le festival prend vie au c\u0153ur du <b>Jardin de la Paix<\/b>, un lieu presque secret, bord\u00e9 de pins centenaires et ouvert sur l\u2019immensit\u00e9 bleue de la M\u00e9diterran\u00e9e.<\/p>\n<p>D\u00e8s que l\u2019on franchit les grilles, le charme op\u00e8re instantan\u00e9ment. Les conversations se font plus feutr\u00e9es, les regards se tournent vers la mer, et le rythme ralentit. On s\u2019installe sur un banc ou \u00e0 m\u00eame l\u2019herbe, un verre de ros\u00e9 frais \u00e0 la main, berc\u00e9 par les premi\u00e8res notes de musique. Le soleil d\u00e9cline lentement derri\u00e8re les collines, et l\u2019air devient plus l\u00e9ger.<\/p>\n<p>Ce d\u00e9cor \u00e0 lui seul vaut le d\u00e9tour. C\u2019est un luxe simple, une beaut\u00e9 brute, une soir\u00e9e entre amis ou en amoureux o\u00f9 chaque instant semble suspendu. \u00c0 Saint-Jean-Cap-Ferrat, l\u2019exp\u00e9rience devient intimiste et chaque note effleure notre \u00e2me avec la douceur d\u2019un soir d\u2019\u00e9t\u00e9.<\/p>\n<p>              <img ci-src=\"https:\/\/www.nicematin.com\/culture\/_K1A4442-Panorama-eAFn5wAS.jpg?vh=2ead8b&amp;ci_seal=288a99f29b\" alt=\"\"\/><\/p>\n<p>                                <b>2.Une programmation qui fait battre le c\u0153ur<\/b><\/p>\n<p>Le Saint Jazz Cap Ferrat n\u2019en est pas \u00e0 sa premi\u00e8re \u00e9dition. Depuis 13 ans, il trace sa route avec exigence et passion, m\u00ealant t\u00eates d\u2019affiche et artistes en pleine ascension. Et si des l\u00e9gendes comme Andr\u00e9 Ceccarelli, Jacky Terrasson, Rhoda Scott, Manu Dibango, Stacey Kent, Didier Lockwood, et bien d\u2019autres ont d\u00e9j\u00e0 foul\u00e9 la sc\u00e8ne du Saint Jazz Festival, contribuant \u00e0 sa renomm\u00e9e et \u00e0 son prestige, cette ann\u00e9e encore, la s\u00e9lection est un pur concentr\u00e9 de talents, de groove et d\u2019\u00e9motion.<\/p>\n<p>Parmi les moments forts de cette \u00e9dition, on attend avec impatience, lors de la premi\u00e8re soir\u00e9e de Saint Jazz Cap Ferrat, <b>Nirina Rakotomavo<\/b>, r\u00e9v\u00e9lation singuli\u00e8re nourrie de m\u00e9tissages et d\u2019harmonies solaires, ou encore <b>Julien Lourau<\/b>, figure incontournable du jazz fran\u00e7ais, qui revient sur sc\u00e8ne avec \u201cThe Rise\u201d, un projet intense et lumineux, entre ancrage acoustique et envol\u00e9es rythmiques.<\/p>\n<p>Autre univers, autre magie pour la seconde soir\u00e9e du festival: <b>Yazz Ahmed<\/b>, alias \u201cla grande pr\u00eatresse du jazz arabe psych\u00e9d\u00e9lique\u201d. Trompettiste anglo-bahre\u00efnienne, elle m\u00e9lange avec brio jazz contemporain, h\u00e9ritage arabe et textures \u00e9lectroniques. Sur sc\u00e8ne, sa musique hypnotique transporte loin, tr\u00e8s loin, dans un monde suspendu entre tradition et modernit\u00e9. Et puis il y a <b>Delvon Lamarr Organ Trio<\/b>, trio l\u00e9gendaire de Seattle qui r\u00e9veille l\u2019esprit des ann\u00e9es 60 avec son orgue incandescent, ses riffs de guitare \u00e0 la Jimi Hendrix, et une \u00e9nergie contagieuse. Chaque concert est une surprise, taill\u00e9e sur mesure pour le public du soir.\u00a0<\/p>\n<p>Et que dire de <b>Samy Thi\u00e9bault<\/b>, le jazzman surfeur qui nous emm\u00e8ne dans les vagues de son dixi\u00e8me album \u201cIn Waves\u201d, ode \u00e0 l\u2019oc\u00e9an et \u00e0 la plan\u00e8te? Quant \u00e0 <b>Michelle David &amp; The True-Tones<\/b>, ce groupe soul irr\u00e9sistible, port\u00e9 par une voix qui donne des frissons d\u00e8s les premi\u00e8res notes, ils promettent une derni\u00e8re soir\u00e9e de soul authentique, entre grooves envo\u00fbtants, harmonies puissantes et m\u00e9lodies percutantes, d\u00e9j\u00e0 salu\u00e9es sur les sc\u00e8nes de nombreux festivals et clubs. Une v\u00e9ritable machine \u00e0 \u00e9motions, entre gospel, funk et feu sacr\u00e9.\u00a0<\/p>\n<p>Chaque soir, deux concerts. Deux ambiances. Et une promesse tenue : ressortir le c\u0153ur l\u00e9ger et des m\u00e9lodies plein la t\u00eate. De quoi donner envie de <a href=\"https:\/\/www.saint-jean-cap-ferrat.fr\/evenements\/\" target=\"_blank\" rel=\"noopener nofollow\">r\u00e9server sa soir\u00e9e au Festival Saint Jazz Cap Ferrat<\/a>, les 7, 8 et 9 ao\u00fbt prochains.<\/p>\n<p>              <img ci-src=\"https:\/\/www.nicematin.com\/culture\/0081_Ana_Carla_Maza-1253-T7HdXtoy.jpg?vh=5ef793&amp;ci_seal=3c865b7f95\" alt=\"\"\/><\/p>\n<p>                                <b>3.Une exp\u00e9rience humaine, intime et inoubliable<\/b><\/p>\n<p>Mais ce qui fait la magie du Festival, ce n\u2019est pas seulement son cadre ou ses t\u00eates d\u2019affiche. C\u2019est <b>vivre l\u2019exp\u00e9rience Saint Jazz Cap Ferrat<\/b> dans son ensemble. Une ambiance douce, presque familiale. Une <b>proximit\u00e9 rare avec les artistes<\/b>, une qualit\u00e9 sonore soign\u00e9e, et un <b>format \u00e0 taille humaine<\/b> qui change de tout ce que l\u2019on conna\u00eet des grands festivals.<\/p>\n<p>Ici, pas de files d\u2019attente interminables ni de sc\u00e8ne lointaine. On arrive d\u00e8s 19h30, on profite d\u2019un verre, d\u2019un <b>snack gourmand au stand La Pointue du Cap, <\/b>et on se laisse happer par l\u2019atmosph\u00e8re. La lumi\u00e8re d\u00e9cline doucement, les instruments s\u2019accordent, et la magie commence.<\/p>\n<p>Chaque soir\u00e9e est un instant suspendu pour <b>se reconnecter \u00e0 soi, aux autres, \u00e0 la musique<\/b>. Le public est \u00e0 l\u2019\u00e9coute, attentif, passionn\u00e9. On entend les applaudissements comme des vagues. On croise des habitu\u00e9s, des touristes \u00e9merveill\u00e9s, des familles venues partager un moment hors du temps. Et quand les derni\u00e8res notes r\u00e9sonnent sous les \u00e9toiles, on repart avec cette sensation rare d\u2019avoir \u00e9t\u00e9 <b>au bon endroit, au bon moment<\/b>, <b>\u00e0\u00a0 Saint-Jean-Cap-Ferrat.\u00a0<\/b><\/p>\n<p>              <img ci-src=\"https:\/\/www.nicematin.com\/culture\/_K1A4486-Panorama-Ub4alp5y.jpg?vh=452d98&amp;ci_seal=cc9075b40f\" alt=\"\"\/><\/p>\n<p>Informations pratiques:<\/p>\n<p>Du 7 au 9 ao\u00fbt 2025 au Jardin de la Paix, Saint-Jean-Cap-Ferrat<br \/>&#13;<br \/>\nBilletterie en ligne:<a href=\"https:\/\/www.saint-jean-cap-ferrat.fr\" target=\"_blank\" rel=\"noopener nofollow\"> saint-jean-cap-ferrat.fr<br \/>&#13;<br \/>\n<\/a>35\u20ac la soir\u00e9e \/ 95\u20ac le pass 3 soirs \u2013 tarif r\u00e9duit pour les moins de 18 ans<br \/>&#13;<br \/>\nAcc\u00e8s au site d\u00e8s 19h30 \u2013 Placement libre<br \/>&#13;<br \/>\nParkings: Cros De\u00ef Pin &amp; Place du Centenaire<br \/>&#13;<br \/>\nChiens non admis \u2013 Site non fumeur<\/p>\n<p>Suivez le festival:\u00a0 Instagram \/ Facebook: @saintjazzcapferrat<br \/>&#13;<\/p>\n","protected":false},"excerpt":{"rendered":"1.Un cadre de carte postale pour une parenth\u00e8se enchant\u00e9e Quand on \u00e9voque Saint-Jean-Cap-Ferrat, on pense forc\u00e9ment \u00e0 la&hellip;\n","protected":false},"author":2,"featured_media":285364,"comment_status":"","ping_status":"","sticky":false,"template":"","format":"standard","meta":{"footnotes":""},"categories":[2819],"tags":[1111,11,251,1777,674,1011,27,12,2401,882,25],"class_list":{"0":"post-285363","1":"post","2":"type-post","3":"status-publish","4":"format-standard","5":"has-post-thumbnail","7":"category-nice","8":"tag-actu","9":"tag-actualites","10":"tag-culture","11":"tag-eu","12":"tag-europe","13":"tag-fr","14":"tag-france","15":"tag-news","16":"tag-nice","17":"tag-provence-alpes-cote-dazur","18":"tag-republique-francaise"},"share_on_mastodon":{"url":"https:\/\/pubeurope.com\/@fr\/114944669698043771","error":""},"_links":{"self":[{"href":"https:\/\/www.europesays.com\/fr\/wp-json\/wp\/v2\/posts\/285363","targetHints":{"allow":["GET"]}}],"collection":[{"href":"https:\/\/www.europesays.com\/fr\/wp-json\/wp\/v2\/posts"}],"about":[{"href":"https:\/\/www.europesays.com\/fr\/wp-json\/wp\/v2\/types\/post"}],"author":[{"embeddable":true,"href":"https:\/\/www.europesays.com\/fr\/wp-json\/wp\/v2\/users\/2"}],"replies":[{"embeddable":true,"href":"https:\/\/www.europesays.com\/fr\/wp-json\/wp\/v2\/comments?post=285363"}],"version-history":[{"count":0,"href":"https:\/\/www.europesays.com\/fr\/wp-json\/wp\/v2\/posts\/285363\/revisions"}],"wp:featuredmedia":[{"embeddable":true,"href":"https:\/\/www.europesays.com\/fr\/wp-json\/wp\/v2\/media\/285364"}],"wp:attachment":[{"href":"https:\/\/www.europesays.com\/fr\/wp-json\/wp\/v2\/media?parent=285363"}],"wp:term":[{"taxonomy":"category","embeddable":true,"href":"https:\/\/www.europesays.com\/fr\/wp-json\/wp\/v2\/categories?post=285363"},{"taxonomy":"post_tag","embeddable":true,"href":"https:\/\/www.europesays.com\/fr\/wp-json\/wp\/v2\/tags?post=285363"}],"curies":[{"name":"wp","href":"https:\/\/api.w.org\/{rel}","templated":true}]}}