{"id":28538,"date":"2025-04-16T05:44:24","date_gmt":"2025-04-16T05:44:24","guid":{"rendered":"https:\/\/www.europesays.com\/fr\/28538\/"},"modified":"2025-04-16T05:44:24","modified_gmt":"2025-04-16T05:44:24","slug":"une-expo-immersive-pour-les-bebes-vient-douvrir-a-nancy","status":"publish","type":"post","link":"https:\/\/www.europesays.com\/fr\/28538\/","title":{"rendered":"une expo immersive pour les b\u00e9b\u00e9s vient d&rsquo;ouvrir \u00e0 Nancy"},"content":{"rendered":"<p>            Par<br \/>\n        <strong><br \/>\n            <a href=\"https:\/\/actu.fr\/auteur\/pierre-emile-bouchy-actu-fr\" title=\"Consulter tous les articles de Paul-Emile Bouchy\" rel=\"nofollow noopener\" target=\"_blank\">Paul-Emile Bouchy<\/a><br \/>\n        <\/strong><\/p>\n<p>        Publi\u00e9 le<\/p>\n<p>            15 avr. 2025 \u00e0 7h02        <\/p>\n<p>Qui a dit qu\u2019il fallait \u00eatre grand pour aller au mus\u00e9e\u2009? Depuis le vendredi 4\u00a0avril, le <a href=\"https:\/\/actu.fr\/grand-est\/nancy_54395\/photos-on-visite-nouveau-museum-aquarium-nancy-voici-ce-change_29404756.html\" rel=\"nofollow noopener\" target=\"_blank\">Mus\u00e9um-Aquarium<\/a> de <a href=\"https:\/\/actu.fr\/grand-est\/nancy_54395\" rel=\"nofollow noopener\" target=\"_blank\">Nancy<\/a> accueille une <a href=\"https:\/\/actu.fr\/loisirs-culture\/expo\" rel=\"nofollow noopener\" target=\"_blank\">exposition <\/a><strong>destin\u00e9e aux b\u00e9b\u00e9s<\/strong>.<\/p>\n<p class=\" wall-content\">Nomm\u00e9e \u00ab<strong>\u2009Tout doux\u2009\u00bb<\/strong>, elle est con\u00e7ue pour <strong>\u00e9veiller les enfants \u00e2g\u00e9s de 0 \u00e0 3\u00a0ans<\/strong> avec diff\u00e9rents espaces.<\/p>\n<p>Une exposition o\u00f9 les enfants peuvent toucher, ramper et m\u00eame courir<\/p>\n<p class=\" wall-content\">Deux salles sont accessibles pour les enfants et leurs parents\u2009: <strong>une pour les 0-17\u00a0mois<\/strong> (sur r\u00e9servation) et <strong>une autre pour les 18-36\u00a0mois <\/strong>(en acc\u00e8s libre).<\/p>\n<p class=\" wall-content\">\u00c0 l\u2019int\u00e9rieur, des modules ont \u00e9t\u00e9 cr\u00e9\u00e9s pour que les jeunes visiteurs puissent <strong>explorer en touchant, en marchant et m\u00eame en courant<\/strong>\u2009: un ours blanc duveteux, une an\u00e9mone en laine, un coussin en forme de coquillage moelleux,\u2026<\/p>\n<p>    <a href=\"https:\/\/www.facebook.com\/plugins\/post.php?href=https%3A%2F%2Fwww.facebook.com%2Fmetropolegrandnancy%2Fposts%2Fpfbid02GfQcY7saCxuzR9k9MsFwHbuWfRmEDjA3dqpMXwPWbDQbcs8DkWfXmnhudHeahfdHl&amp;show_text=true&amp;width=350\" title=\"Ouvrie le lien\" rel=\"nofollow noopener\" target=\"_blank\">Cliquez ici pour visualiser le contenu<\/a><\/p>\n<p>Vid\u00e9os : en ce moment sur Actu<\/p>\n<p class=\" wall-content\">Une mani\u00e8re ludique de d\u00e9couvrir pas \u00e0 pas le monde qui les entoure ou parfois un univers plus lointain.<\/p>\n<p>Exposition \u00ab\u2009Tout doux\u2009\u00bb au Mus\u00e9um-Aquarium de Nancy jusqu\u2019au 23 novembre 2025<br \/>\nOuverture du mardi au dimanche de 9h \u00e0 18h (20h le jeudi)<br \/>\nR\u00e9servation et billetterie\u00a0via\u00a0<a href=\"https:\/\/museumaquariumdenancy.tickeasy.com\/fr-FR\/accueil\" rel=\"nofollow noopener\" target=\"_blank\">ce lien<\/a><\/p>\n<p class=\" wall-content\">Suivez toute l\u2019actualit\u00e9 de vos villes et m\u00e9dias favoris en vous inscrivant \u00e0 <a href=\"https:\/\/moncompte.actu.fr\" title=\"D\u00e9couvez Mon Actu\" rel=\"nofollow noopener\" data-trk=\"{&quot;cta&quot;:{&quot;action&quot;:&quot;https:\\\/\\\/moncompte.actu.fr&quot;,&quot;category&quot;:&quot;mon compte&quot;,&quot;from&quot;:&quot;article footer&quot;,&quot;name&quot;:&quot;Mon actu&quot;,&quot;type&quot;:&quot;cta&quot;}}\" target=\"_blank\">Mon Actu<\/a>.<\/p>\n","protected":false},"excerpt":{"rendered":"Par Paul-Emile Bouchy Publi\u00e9 le 15 avr. 2025 \u00e0 7h02 Qui a dit qu\u2019il fallait \u00eatre grand pour&hellip;\n","protected":false},"author":2,"featured_media":28539,"comment_status":"","ping_status":"","sticky":false,"template":"","format":"standard","meta":{"footnotes":""},"categories":[9635],"tags":[1111,11,1719,1777,674,1349,1011,27,775,1652,1702,12,25],"class_list":{"0":"post-28538","1":"post","2":"type-post","3":"status-publish","4":"format-standard","5":"has-post-thumbnail","7":"category-nancy","8":"tag-actu","9":"tag-actualites","10":"tag-enfants","11":"tag-eu","12":"tag-europe","13":"tag-expositions","14":"tag-fr","15":"tag-france","16":"tag-grand-est","17":"tag-loisirs-culture","18":"tag-nancy","19":"tag-news","20":"tag-republique-francaise"},"share_on_mastodon":{"url":"https:\/\/pubeurope.com\/@fr\/114346057130575121","error":""},"_links":{"self":[{"href":"https:\/\/www.europesays.com\/fr\/wp-json\/wp\/v2\/posts\/28538","targetHints":{"allow":["GET"]}}],"collection":[{"href":"https:\/\/www.europesays.com\/fr\/wp-json\/wp\/v2\/posts"}],"about":[{"href":"https:\/\/www.europesays.com\/fr\/wp-json\/wp\/v2\/types\/post"}],"author":[{"embeddable":true,"href":"https:\/\/www.europesays.com\/fr\/wp-json\/wp\/v2\/users\/2"}],"replies":[{"embeddable":true,"href":"https:\/\/www.europesays.com\/fr\/wp-json\/wp\/v2\/comments?post=28538"}],"version-history":[{"count":0,"href":"https:\/\/www.europesays.com\/fr\/wp-json\/wp\/v2\/posts\/28538\/revisions"}],"wp:featuredmedia":[{"embeddable":true,"href":"https:\/\/www.europesays.com\/fr\/wp-json\/wp\/v2\/media\/28539"}],"wp:attachment":[{"href":"https:\/\/www.europesays.com\/fr\/wp-json\/wp\/v2\/media?parent=28538"}],"wp:term":[{"taxonomy":"category","embeddable":true,"href":"https:\/\/www.europesays.com\/fr\/wp-json\/wp\/v2\/categories?post=28538"},{"taxonomy":"post_tag","embeddable":true,"href":"https:\/\/www.europesays.com\/fr\/wp-json\/wp\/v2\/tags?post=28538"}],"curies":[{"name":"wp","href":"https:\/\/api.w.org\/{rel}","templated":true}]}}