{"id":285380,"date":"2025-07-30T23:11:10","date_gmt":"2025-07-30T23:11:10","guid":{"rendered":"https:\/\/www.europesays.com\/fr\/285380\/"},"modified":"2025-07-30T23:11:10","modified_gmt":"2025-07-30T23:11:10","slug":"avec-lecture-au-parc-les-bibliotheques-vont-a-la-rencontre-des-familles","status":"publish","type":"post","link":"https:\/\/www.europesays.com\/fr\/285380\/","title":{"rendered":"Avec Lecture au Parc, les biblioth\u00e8ques vont \u00e0 la rencontre des familles"},"content":{"rendered":"\n<p>Des tapis \u00e9tal\u00e9s \u00e0 l\u2019ombre des arbres, des livres soigneusement choisis par des biblioth\u00e9caires et un accueil chaleureux\u00a0: c\u2019est ce que propose Lecture au Parc qui a d\u00e9but\u00e9 cette semaine et se poursuit chaque mardi et jeudi du mois d\u2019ao\u00fbt dans le cadre de l\u2019\u00c9t\u00e9 marseillais.<\/p>\n<p>Au parc de la Porte d\u2019Aix, pour la premi\u00e8re s\u00e9ance de mardi, une poign\u00e9e d\u2019enfants et de mamans sont au rendez-vous. Sous les platanes, l\u2019ambiance est calme mais attentive. Les plus petits s\u2019installent timidement sur les tapis color\u00e9s tandis que les m\u00e8res \u00e9changent quelques mots avec les biblioth\u00e9caires.<\/p>\n<p>Un outil de m\u00e9diation<\/p>\n<p>\u00ab\u00a0Le but c\u2019est d\u2019aller \u00e0 la rencontre des populations emp\u00each\u00e9es ou \u00e9loign\u00e9es des biblioth\u00e8ques et de la lecture \u00e0 cause de freins psychologiques et administratifs\u00a0\u00bb, explique Isabelle Morin, biblioth\u00e9caire engag\u00e9e dans le dispositif. La pr\u00e9sence de deux biblioth\u00e9caires \u00e0 chaque rendez-vous permet de cr\u00e9er un lien humain. \u00ab\u00a0La lecture devient un moyen d\u2019\u00e9change\u00a0\u00bb pr\u00e9cise Isabelle \u00ab\u00a0et l\u2019objectif c\u2019est de les fid\u00e9liser donc on ram\u00e8ne des formulaires d\u2019inscriptions et on accompagne les familles pour les d\u00e9marches si besoin\u00a0\u00bb. Un geste simple qui peut devenir un premier pas vers la lecture et les biblioth\u00e8ques pour ces familles.<\/p>\n<p>\u00c0 chaque rendez-vous, une cinquantaine de livres en tous genres est mise \u00e0 disposition des familles\u00a0: des mangas \u00e0 des documentaires en passant par des livres-jeux. Une s\u00e9lection pour tous les \u00e2ges et pour tous les go\u00fbts. \u00ab\u00a0On touche surtout des gens qui ne partent pas en vacances donc on tente de leur offrir un moment d\u2019\u00e9vasion\u00a0\u00bb, d\u00e9taille la biblioth\u00e9caire. Le choix des livres est adapt\u00e9 \u00e0 chaque rendez-vous, en fonction des pr\u00e9f\u00e9rences des familles qui reviennent souvent d\u2019un rendez-vous sur l\u2019autre\u00a0: \u00ab\u00a0La fois derni\u00e8re un petit a lu Charles le Dragon et l\u2019a ador\u00e9 donc le rendez-vous suivant je lui ai ramen\u00e9 le tome 2, il \u00e9tait trop content\u00a0!\u00a0\u00bb, s\u2019enthousiasme Isabelle.<\/p>\n<p>Pour porter cette action, la mission s\u2019appuie sur les \u00ab\u00a0Ideas Box\u00a0\u00bb, d\u00e9velopp\u00e9es par l\u2019ONG \u00ab\u00a0Biblioth\u00e8que Sans Fronti\u00e8res\u00a0\u00bb. Ces bo\u00eetes sont dot\u00e9es de livres, d\u2019outils num\u00e9riques et du mat\u00e9riel cr\u00e9atif. \u00ab\u00a0Sur un gros \u00e9v\u00e9nement on peut d\u00e9ployer jusqu\u2019\u00e0 100m2\u00a0\u00bb, pr\u00e9cise encore la biblioth\u00e9caire. De quoi accueillir du monde !<\/p>\n<p><b>In\u00e8s Painvin<\/b><\/p>\n","protected":false},"excerpt":{"rendered":"Des tapis \u00e9tal\u00e9s \u00e0 l\u2019ombre des arbres, des livres soigneusement choisis par des biblioth\u00e9caires et un accueil chaleureux\u00a0:&hellip;\n","protected":false},"author":2,"featured_media":285381,"comment_status":"","ping_status":"","sticky":false,"template":"","format":"standard","meta":{"footnotes":""},"categories":[2814],"tags":[1111,11,1063,1777,674,1011,27,884,12,882,25],"class_list":{"0":"post-285380","1":"post","2":"type-post","3":"status-publish","4":"format-standard","5":"has-post-thumbnail","7":"category-marseille","8":"tag-actu","9":"tag-actualites","10":"tag-animations","11":"tag-eu","12":"tag-europe","13":"tag-fr","14":"tag-france","15":"tag-marseille","16":"tag-news","17":"tag-provence-alpes-cote-dazur","18":"tag-republique-francaise"},"share_on_mastodon":{"url":"https:\/\/pubeurope.com\/@fr\/114944716548261778","error":""},"_links":{"self":[{"href":"https:\/\/www.europesays.com\/fr\/wp-json\/wp\/v2\/posts\/285380","targetHints":{"allow":["GET"]}}],"collection":[{"href":"https:\/\/www.europesays.com\/fr\/wp-json\/wp\/v2\/posts"}],"about":[{"href":"https:\/\/www.europesays.com\/fr\/wp-json\/wp\/v2\/types\/post"}],"author":[{"embeddable":true,"href":"https:\/\/www.europesays.com\/fr\/wp-json\/wp\/v2\/users\/2"}],"replies":[{"embeddable":true,"href":"https:\/\/www.europesays.com\/fr\/wp-json\/wp\/v2\/comments?post=285380"}],"version-history":[{"count":0,"href":"https:\/\/www.europesays.com\/fr\/wp-json\/wp\/v2\/posts\/285380\/revisions"}],"wp:featuredmedia":[{"embeddable":true,"href":"https:\/\/www.europesays.com\/fr\/wp-json\/wp\/v2\/media\/285381"}],"wp:attachment":[{"href":"https:\/\/www.europesays.com\/fr\/wp-json\/wp\/v2\/media?parent=285380"}],"wp:term":[{"taxonomy":"category","embeddable":true,"href":"https:\/\/www.europesays.com\/fr\/wp-json\/wp\/v2\/categories?post=285380"},{"taxonomy":"post_tag","embeddable":true,"href":"https:\/\/www.europesays.com\/fr\/wp-json\/wp\/v2\/tags?post=285380"}],"curies":[{"name":"wp","href":"https:\/\/api.w.org\/{rel}","templated":true}]}}