{"id":285384,"date":"2025-07-30T23:13:13","date_gmt":"2025-07-30T23:13:13","guid":{"rendered":"https:\/\/www.europesays.com\/fr\/285384\/"},"modified":"2025-07-30T23:13:13","modified_gmt":"2025-07-30T23:13:13","slug":"la-prefete-du-rhone-senerve-contre-un-sentiment-dimpunite-chez-les-delinquants-algeriens","status":"publish","type":"post","link":"https:\/\/www.europesays.com\/fr\/285384\/","title":{"rendered":"La pr\u00e9f\u00e8te du Rh\u00f4ne s&rsquo;\u00e9nerve contre \u00ab\u00a0un sentiment d\u2019impunit\u00e9\u00a0\u00bb chez les d\u00e9linquants Alg\u00e9riens"},"content":{"rendered":"<p>            Par<br \/>\n        <strong><br \/>\n            <a href=\"https:\/\/actu.fr\/auteur\/nicolas-zaugra\" title=\"Consulter tous les articles de Nicolas Zaugra\" target=\"_blank\" rel=\"noopener\">Nicolas Zaugra<\/a><br \/>\n        <\/strong><\/p>\n<p>        Publi\u00e9 le<\/p>\n<p>            30 juil. 2025 \u00e0 17h23        <\/p>\n<p>La pr\u00e9f\u00e8te du Rh\u00f4ne <a href=\"https:\/\/actu.fr\/societe\/qui-est-fabienne-buccio-la-nouvelle-prefete-du-rhone-qui-succede-a-pascal-mailhos_56528112.html\" target=\"_blank\" rel=\"noopener\">Fabienne Buccio<\/a> d\u00e9nonce ce mercredi 30 juillet 2025 <strong>\u00ab\u00a0un sentiment d\u2019impunit\u00e9 chez des Alg\u00e9riens en situation irr\u00e9guli\u00e8re\u00a0\u00bb<\/strong> interpell\u00e9s \u00e0 <a href=\"https:\/\/actu.fr\/auvergne-rhone-alpes\/lyon_69123\" target=\"_blank\" rel=\"noopener\">Lyon<\/a> et dans le d\u00e9partement pour des actes de d\u00e9linquance.<\/p>\n<p class=\" wall-content\">Dans une interview accord\u00e9e au <a href=\"https:\/\/c.leprogres.fr\/faits-divers-justice\/2025\/07\/30\/vols-avec-violence-en-hausse-un-sentiment-d-impunite-chez-des-algeriens-en-situation-irreguliere-estime-la-prefete\" target=\"_blank\" rel=\"noopener\">Progr\u00e8s<\/a>, elle fait le point sur le sujet de l\u2019ins\u00e9curit\u00e9 et de l\u2019immigration. Comme le gouvernement et le ministre de l\u2019Int\u00e9rieur <a href=\"https:\/\/actu.fr\/politique\/le-macronisme-s-achevera-ce-que-cachent-les-attaques-frontales-de-bruno-retailleau-contre-emmanuel-macron_62950537.html\" target=\"_blank\" rel=\"noopener\">Bruno Retailleau<\/a>, elle regrette l\u2019attitude de l\u2019Alg\u00e9rie.<\/p>\n<p>\u00ab\u00a0Une tr\u00e8s forte hausse\u00a0\u00bb des vols avec violence constat\u00e9e<\/p>\n<p class=\" wall-content\">Dans cet entretien, la pr\u00e9f\u00e8te annonce constater \u00ab\u00a0une tr\u00e8s forte hausse\u00a0\u00bb des vols avec violence. \u00ab\u00a0On n\u2019a pas le d\u00e9tail des chiffres\u00a0\u00bb, dit-elle, mais \u00ab\u00a0on arr\u00eate beaucoup de personnes\u00a0\u00bb et \u00ab\u00a060% sont \u00e9trang\u00e8res\u00a0\u00bb.\u00a0<\/p>\n<p class=\" wall-content\">\u00ab\u00a0Et dans ces 60 %, on a au moins, voire plus de la moiti\u00e9 qui sont des Alg\u00e9riens. On a actuellement un sentiment d\u2019impunit\u00e9 qui se d\u00e9veloppe chez des Alg\u00e9riens en situation irr\u00e9guli\u00e8re, qui nous pose probl\u00e8me\u00a0\u00bb, d\u00e9plore la repr\u00e9sentante de l\u2019\u00c9tat.<\/p>\n<blockquote class=\"ac-article-quote wall-content\">\n<p>On n\u2019arrive pas \u00e0 les expulser. S\u2019ils sont condamn\u00e9s en justice et vont en prison, c\u2019est une chose. Quand je peux les placer en CRA [Centre de r\u00e9tention administrative], \u00e0 la sortie de prison, je les place, pour \u00e9viter de les remettre directement \u00e0 la rue. Les juges, de plus en plus, les y maintiennent 90 jours (le d\u00e9lai maximum l\u00e9gal).<\/p>\n<p>    <strong>Fabienne Buccio, pr\u00e9f\u00e8te du Rh\u00f4ne<\/strong>\n            <\/p><\/blockquote>\n<p>\u00ab\u00a0Aucun laissez-passer pour l\u2019Alg\u00e9rie\u00a0\u00bb afin d\u2019expulser les d\u00e9linquants<\/p>\n<p class=\" wall-content\">Fabienne Buccio compl\u00e8te \u00e0 propos des difficult\u00e9s diplomatiques et des tensions vives en cours entre l\u2019Alg\u00e9rie et le gouvernement fran\u00e7ais : \u00ab\u00a0Depuis un an, on n\u2019a <strong>aucun laissez-passer pour l\u2019Alg\u00e9rie<\/strong> de la part du consul g\u00e9n\u00e9ral de Lyon. M\u00eame quand ils ont des passeports, et qu\u2019on envoie une escorte, ils refusent leurs ressortissants.\u00a0\u00bb<\/p>\n<p class=\" wall-content\">Dans un communiqu\u00e9 ce mercredi, la pr\u00e9fecture ajoute que \u00ab\u00a0la pr\u00e9sence renforc\u00e9e de la police nationale a permis de faire baisser les vols avec violence et vol \u00e0 la tire entre 20 % et 30 % (au 1er semestre 2025)\u00a0\u00bb dans les secteurs Terreaux, Part-Dieu, Confluence et Guilloti\u00e8re et \u00ab\u00a0d\u2019augmenter le nombre d\u2019amendes forfaitaires d\u00e9lictuelles pour port d\u2019arme prohib\u00e9 de 82 % (946 contre 522). Ces faits de d\u00e9linquance sont commis \u00e0 60 % par des \u00e9trangers en situation irr\u00e9guli\u00e8re, dont une grande majorit\u00e9 des individus de nationalit\u00e9 alg\u00e9rienne\u00a0\u00bb.<\/p>\n<p class=\" wall-content\">La pr\u00e9fecture assure \u00ab\u00a0maintenir la pression sur les autorit\u00e9s consulaires en utilisant chacune des 280 places des deux centres de r\u00e9tention administratives disponibles, 474 individus auteurs de troubles \u00e0 l\u2019ordre public ont \u00e9t\u00e9 plac\u00e9s en CRA\u00a0\u00bb.<\/p>\n<p class=\" wall-content\">Enfin, \u00ab\u00a0le taux d\u2019\u00e9loignement (du territoire fran\u00e7ais), en augmentation continue, atteint depuis le d\u00e9but d\u2019ann\u00e9e 32,5 %\u00a0\u00bb dans le Rh\u00f4ne.<\/p>\n<p class=\" wall-content\">Suivez toute l\u2019actualit\u00e9 de vos villes et m\u00e9dias favoris en vous inscrivant \u00e0 <a href=\"https:\/\/moncompte.actu.fr\" title=\"D\u00e9couvez Mon Actu\" rel=\"nofollow noopener\" data-trk=\"{&quot;cta&quot;:{&quot;action&quot;:&quot;https:\\\/\\\/moncompte.actu.fr&quot;,&quot;category&quot;:&quot;mon compte&quot;,&quot;from&quot;:&quot;article footer&quot;,&quot;name&quot;:&quot;Mon actu&quot;,&quot;type&quot;:&quot;cta&quot;}}\" target=\"_blank\">Mon Actu<\/a>.<\/p>\n","protected":false},"excerpt":{"rendered":"Par Nicolas Zaugra Publi\u00e9 le 30 juil. 2025 \u00e0 17h23 La pr\u00e9f\u00e8te du Rh\u00f4ne Fabienne Buccio d\u00e9nonce ce&hellip;\n","protected":false},"author":2,"featured_media":285385,"comment_status":"","ping_status":"","sticky":false,"template":"","format":"standard","meta":{"footnotes":""},"categories":[1889],"tags":[1111,11,15,2430,1777,674,1011,27,1061,2428,12,9450,25,104],"class_list":{"0":"post-285384","1":"post","2":"type-post","3":"status-publish","4":"format-standard","5":"has-post-thumbnail","7":"category-lyon","8":"tag-actu","9":"tag-actualites","10":"tag-algerie","11":"tag-auvergne-rhone-alpes","12":"tag-eu","13":"tag-europe","14":"tag-fr","15":"tag-france","16":"tag-immigration","17":"tag-lyon","18":"tag-news","19":"tag-prefecture-du-rhone","20":"tag-republique-francaise","21":"tag-societe"},"share_on_mastodon":{"url":"https:\/\/pubeurope.com\/@fr\/114944724405295660","error":""},"_links":{"self":[{"href":"https:\/\/www.europesays.com\/fr\/wp-json\/wp\/v2\/posts\/285384","targetHints":{"allow":["GET"]}}],"collection":[{"href":"https:\/\/www.europesays.com\/fr\/wp-json\/wp\/v2\/posts"}],"about":[{"href":"https:\/\/www.europesays.com\/fr\/wp-json\/wp\/v2\/types\/post"}],"author":[{"embeddable":true,"href":"https:\/\/www.europesays.com\/fr\/wp-json\/wp\/v2\/users\/2"}],"replies":[{"embeddable":true,"href":"https:\/\/www.europesays.com\/fr\/wp-json\/wp\/v2\/comments?post=285384"}],"version-history":[{"count":0,"href":"https:\/\/www.europesays.com\/fr\/wp-json\/wp\/v2\/posts\/285384\/revisions"}],"wp:featuredmedia":[{"embeddable":true,"href":"https:\/\/www.europesays.com\/fr\/wp-json\/wp\/v2\/media\/285385"}],"wp:attachment":[{"href":"https:\/\/www.europesays.com\/fr\/wp-json\/wp\/v2\/media?parent=285384"}],"wp:term":[{"taxonomy":"category","embeddable":true,"href":"https:\/\/www.europesays.com\/fr\/wp-json\/wp\/v2\/categories?post=285384"},{"taxonomy":"post_tag","embeddable":true,"href":"https:\/\/www.europesays.com\/fr\/wp-json\/wp\/v2\/tags?post=285384"}],"curies":[{"name":"wp","href":"https:\/\/api.w.org\/{rel}","templated":true}]}}