{"id":285386,"date":"2025-07-30T23:14:15","date_gmt":"2025-07-30T23:14:15","guid":{"rendered":"https:\/\/www.europesays.com\/fr\/285386\/"},"modified":"2025-07-30T23:14:15","modified_gmt":"2025-07-30T23:14:15","slug":"lyon-en-balade-contre-majorque-avant-de-se-frotter-au-bayern-munich","status":"publish","type":"post","link":"https:\/\/www.europesays.com\/fr\/285386\/","title":{"rendered":"Lyon en balade contre Majorque avant de se frotter au Bayern Munich"},"content":{"rendered":"<p>Les Gones ont tranquillement dispos\u00e9 de Majorque ce mercredi, en Autriche, pour leur quatri\u00e8me match amical.<\/p>\n<p class=\"fig-paragraph\">Lyon quatre \u00e0 quatre. Apr\u00e8s une victoire contre Villefranche (1-0), un nul face au RWDM Brussels (0-0) et un large succ\u00e8s face \u00e0 Hambourg (0-4), l\u2019OL a dispos\u00e9 des Espagnols de Majorque (4-0) ce mercredi, en Autriche, pour leur quatri\u00e8me match de pr\u00e9paration. Abner s\u2019est fendu d\u2019un doubl\u00e9 (15e, 29e), Mikautadze (20e) et Merah (36e) ayant aussi marqu\u00e9 \u00e0 la Kusftein Arena.<\/p>\n<p class=\"fig-paragraph\">Apr\u00e8s avoir \u00e9vit\u00e9 la rel\u00e9gation administrative de peu, les Lyonnais continuent leur mont\u00e9e en puissance \u00e0 deux semaines de la reprise officielle du championnat de France, \u00e0 Lens. D\u2019ici l\u00e0, l\u2019OL a encore deux matchs amicaux au menu, \u00e0 commencer par un choc face au Bayern Munich, \u00e0 l\u2019Allianz Arena, puis un duel face \u00e0 une autre \u00e9quipe espagnole, Getafe, \u00e0 Bourgoin-Jallieu.<\/p>\n","protected":false},"excerpt":{"rendered":"Les Gones ont tranquillement dispos\u00e9 de Majorque ce mercredi, en Autriche, pour leur quatri\u00e8me match amical. Lyon quatre&hellip;\n","protected":false},"author":2,"featured_media":285387,"comment_status":"","ping_status":"","sticky":false,"template":"","format":"standard","meta":{"footnotes":""},"categories":[1889],"tags":[1111,11,2430,1777,674,1011,27,2428,12,978,25],"class_list":{"0":"post-285386","1":"post","2":"type-post","3":"status-publish","4":"format-standard","5":"has-post-thumbnail","7":"category-lyon","8":"tag-actu","9":"tag-actualites","10":"tag-auvergne-rhone-alpes","11":"tag-eu","12":"tag-europe","13":"tag-fr","14":"tag-france","15":"tag-lyon","16":"tag-news","17":"tag-olympique-lyonnais","18":"tag-republique-francaise"},"share_on_mastodon":{"url":"https:\/\/pubeurope.com\/@fr\/114944728392505796","error":""},"_links":{"self":[{"href":"https:\/\/www.europesays.com\/fr\/wp-json\/wp\/v2\/posts\/285386","targetHints":{"allow":["GET"]}}],"collection":[{"href":"https:\/\/www.europesays.com\/fr\/wp-json\/wp\/v2\/posts"}],"about":[{"href":"https:\/\/www.europesays.com\/fr\/wp-json\/wp\/v2\/types\/post"}],"author":[{"embeddable":true,"href":"https:\/\/www.europesays.com\/fr\/wp-json\/wp\/v2\/users\/2"}],"replies":[{"embeddable":true,"href":"https:\/\/www.europesays.com\/fr\/wp-json\/wp\/v2\/comments?post=285386"}],"version-history":[{"count":0,"href":"https:\/\/www.europesays.com\/fr\/wp-json\/wp\/v2\/posts\/285386\/revisions"}],"wp:featuredmedia":[{"embeddable":true,"href":"https:\/\/www.europesays.com\/fr\/wp-json\/wp\/v2\/media\/285387"}],"wp:attachment":[{"href":"https:\/\/www.europesays.com\/fr\/wp-json\/wp\/v2\/media?parent=285386"}],"wp:term":[{"taxonomy":"category","embeddable":true,"href":"https:\/\/www.europesays.com\/fr\/wp-json\/wp\/v2\/categories?post=285386"},{"taxonomy":"post_tag","embeddable":true,"href":"https:\/\/www.europesays.com\/fr\/wp-json\/wp\/v2\/tags?post=285386"}],"curies":[{"name":"wp","href":"https:\/\/api.w.org\/{rel}","templated":true}]}}