{"id":285390,"date":"2025-07-30T23:18:11","date_gmt":"2025-07-30T23:18:11","guid":{"rendered":"https:\/\/www.europesays.com\/fr\/285390\/"},"modified":"2025-07-30T23:18:11","modified_gmt":"2025-07-30T23:18:11","slug":"le-champion-des-etats-unis-fait-sa-demande-en-mariage-sur-les-champs-elysees","status":"publish","type":"post","link":"https:\/\/www.europesays.com\/fr\/285390\/","title":{"rendered":"le champion des \u00c9tats-Unis fait sa demande en mariage sur les Champs-\u00c9lys\u00e9es"},"content":{"rendered":"<p>            Par<br \/>\n        <strong><br \/>\n            <a href=\"https:\/\/actu.fr\/auteur\/redaction-paris\" title=\"Consulter tous les articles de R\u00e9daction Paris\" target=\"_blank\" rel=\"noopener\">R\u00e9daction Paris<\/a><br \/>\n        <\/strong><\/p>\n<p>        Publi\u00e9 le<\/p>\n<p>            28 juil. 2025 \u00e0 11h16        <\/p>\n<p>Il a anim\u00e9 le <a href=\"https:\/\/actu.fr\/tour-de-france\/\" target=\"_blank\" rel=\"noopener\">Tour de France<\/a> sur les routes. Avec ses rouflaquettes, son bouc et sa tunique constell\u00e9e d\u2019\u00e9toiles, <strong>Quinn Simmons<\/strong> n\u2019est pas pass\u00e9 inaper\u00e7u durant trois semaines. La <strong>derni\u00e8re \u00e9tape<\/strong>, qui s\u2019achevait \u00e0 <a href=\"https:\/\/actu.fr\/paris\/\" target=\"_blank\" rel=\"noopener\">Paris<\/a>, n\u2019a pas manqu\u00e9 \u00e0 la r\u00e8gle. Le champion des \u00c9tats-Unis, \u00e2g\u00e9 de 24 ans a profit\u00e9 de l\u2019arriv\u00e9e sur les <a href=\"https:\/\/actu.fr\/tag\/champs-elysees\" target=\"_blank\" rel=\"noopener\">Champs-\u00c9lys\u00e9es<\/a> pour <strong>demander en mariage<\/strong> sa compagne, ce dimanche 27\u00a0juillet 2025.<\/p>\n<p>Deux fois dans le top\u00a010<\/p>\n<p class=\" wall-content\">\u00c0 l\u2019issue de la course, le coureur de la formation Lidl-Trek s\u2019est accroupi pour prendre sa main et formuler sa requ\u00eate devant une cam\u00e9ra du Tour de France, qui a partag\u00e9 cette s\u00e9quence sur le r\u00e9seau social X. \u00c9mue, la jeune femme a <strong>accept\u00e9<\/strong>, avant d\u2019\u00e9treindre et d\u2019embrasser son partenaire aux cheveux longs <strong>sous les applaudissements du public<\/strong>.<\/p>\n<p class=\" wall-content\">\n<p class=\" wall-content\">Cette issue heureuse ponctue de la plus belle mani\u00e8re le Tour de France de Quinn Simmons, un personnage haut en couleur. <strong>Deuxi\u00e8me<\/strong> de la 6e \u00e9tape et <strong>neuvi\u00e8me<\/strong> de l\u2019\u00e9tape qui d\u00e9barquait \u00e0 Toulouse, l\u2019Am\u00e9ricain, champion du monde juniors en 2019, a marqu\u00e9 les spectateurs par <strong>sa bonhommie<\/strong> et <strong>sa combativit\u00e9<\/strong>.<\/p>\n<p class=\" wall-content\">De quoi lui conf\u00e9rer une image positive, occultant les controverses dans lesquelles il a pu \u00eatre embourb\u00e9 par le pass\u00e9. Illustration en 2020 lorsque son \u00e9quipe, Trek-Segafredo, l\u2019avait <strong>suspendu<\/strong> en raison d\u2019un commentaire de soutien au pr\u00e9sident <a href=\"https:\/\/actu.fr\/tag\/donald-trump\" target=\"_blank\" rel=\"noopener\">Donald Trump<\/a> sur le r\u00e9seau Twitter (ex-X), comme le rapportait alors le m\u00e9dia de sports <a href=\"https:\/\/www.espn.com\/olympics\/cycling\/story\/_\/id\/30014160\/american-cyclist-quinn-simmons-suspended-trump-tiff\" target=\"_blank\" rel=\"noopener\">ESPN<\/a>.<\/p>\n<p class=\" wall-content\">Suivez toute l\u2019actualit\u00e9 de vos villes et m\u00e9dias favoris en vous inscrivant \u00e0 <a href=\"https:\/\/moncompte.actu.fr\" title=\"D\u00e9couvez Mon Actu\" rel=\"nofollow noopener\" data-trk=\"{&quot;cta&quot;:{&quot;action&quot;:&quot;https:\\\/\\\/moncompte.actu.fr&quot;,&quot;category&quot;:&quot;mon compte&quot;,&quot;from&quot;:&quot;article footer&quot;,&quot;name&quot;:&quot;Mon actu&quot;,&quot;type&quot;:&quot;cta&quot;}}\" target=\"_blank\">Mon Actu<\/a>.<\/p>\n","protected":false},"excerpt":{"rendered":"Par R\u00e9daction Paris Publi\u00e9 le 28 juil. 2025 \u00e0 11h16 Il a anim\u00e9 le Tour de France sur&hellip;\n","protected":false},"author":2,"featured_media":285391,"comment_status":"","ping_status":"","sticky":false,"template":"","format":"standard","meta":{"footnotes":""},"categories":[1888],"tags":[1111,1928,11,1927,6984,1777,674,1011,27,1757,1930,12,1926,626,1925,25,2116],"class_list":{"0":"post-285390","1":"post","2":"type-post","3":"status-publish","4":"format-standard","5":"has-post-thumbnail","7":"category-paris","8":"tag-actu","9":"tag-actu-paris","10":"tag-actualites","11":"tag-actualites-paris","12":"tag-champs-elysees","13":"tag-eu","14":"tag-europe","15":"tag-fr","16":"tag-france","17":"tag-insolite","18":"tag-mariage","19":"tag-news","20":"tag-news-paris","21":"tag-paris","22":"tag-paris-news","23":"tag-republique-francaise","24":"tag-tour-de-france-2025"},"share_on_mastodon":{"url":"https:\/\/pubeurope.com\/@fr\/114944744065783601","error":""},"_links":{"self":[{"href":"https:\/\/www.europesays.com\/fr\/wp-json\/wp\/v2\/posts\/285390","targetHints":{"allow":["GET"]}}],"collection":[{"href":"https:\/\/www.europesays.com\/fr\/wp-json\/wp\/v2\/posts"}],"about":[{"href":"https:\/\/www.europesays.com\/fr\/wp-json\/wp\/v2\/types\/post"}],"author":[{"embeddable":true,"href":"https:\/\/www.europesays.com\/fr\/wp-json\/wp\/v2\/users\/2"}],"replies":[{"embeddable":true,"href":"https:\/\/www.europesays.com\/fr\/wp-json\/wp\/v2\/comments?post=285390"}],"version-history":[{"count":0,"href":"https:\/\/www.europesays.com\/fr\/wp-json\/wp\/v2\/posts\/285390\/revisions"}],"wp:featuredmedia":[{"embeddable":true,"href":"https:\/\/www.europesays.com\/fr\/wp-json\/wp\/v2\/media\/285391"}],"wp:attachment":[{"href":"https:\/\/www.europesays.com\/fr\/wp-json\/wp\/v2\/media?parent=285390"}],"wp:term":[{"taxonomy":"category","embeddable":true,"href":"https:\/\/www.europesays.com\/fr\/wp-json\/wp\/v2\/categories?post=285390"},{"taxonomy":"post_tag","embeddable":true,"href":"https:\/\/www.europesays.com\/fr\/wp-json\/wp\/v2\/tags?post=285390"}],"curies":[{"name":"wp","href":"https:\/\/api.w.org\/{rel}","templated":true}]}}