{"id":285406,"date":"2025-07-30T23:26:24","date_gmt":"2025-07-30T23:26:24","guid":{"rendered":"https:\/\/www.europesays.com\/fr\/285406\/"},"modified":"2025-07-30T23:26:24","modified_gmt":"2025-07-30T23:26:24","slug":"amine-groune-quitte-thionville-pour-signer-professionnel-en-allemagne-off","status":"publish","type":"post","link":"https:\/\/www.europesays.com\/fr\/285406\/","title":{"rendered":"Amine Groune quitte Thionville pour signer professionnel en Allemagne (off)"},"content":{"rendered":"<p>Zapping Foot National Coupe de France : Calais, Quevilly, El-Biar, &#8230; les plus grands exploits de la comp\u00e9tition<\/p>\n<p>Un parcours historique la saison derni\u00e8re qui lui permet d\u2019attirer des joueurs de talents des pays voisins. Ce mercredi 30 juillet, le FC Sarrebruck a effectivement officialis\u00e9 la signature d\u2019Amine Groune. Le pensionnaire de troisi\u00e8me division allemande a offert un contrat professionnel \u00e0 celui qui faisait le bonheur de l\u2019US Thionville Lusitanos depuis deux saisons d\u00e9j\u00e0. L\u2019offensif de 27 ans a disput\u00e9 63 matchs avec le club mosellan, pour 31 r\u00e9alisations et 10 passes d\u00e9cisives. La saison derni\u00e8re, Sarrebruck a \u00e9limin\u00e9 le Bayern Munich en Coupe d\u2019Allemagne avant de s\u2019incliner aux portes de la finale face \u00e0 Kaiserslautern.\u00a0<\/p>\n<p><a href=\"https:\/\/www.foot-national.com\/actus\/national-2-groupes-calendrier-enjeux-le-mode-demploi-de-la-saison-2025-2026-920088\" rel=\"nofollow noopener\" target=\"_blank\">National 2 : groupes, calendrier, enjeux\u2026 le mode d&#8217;emploi de la saison 2025-2026<\/a><\/p>\n<p><a href=\"https:\/\/www.foot-national.com\/actus\/national-2-les-10-grandes-dates-de-la-saison-919411\" rel=\"nofollow noopener\" target=\"_blank\">National 2 : les dix grandes dates de la saison<\/a><\/p>\n<p>Partagez cette info avec vos amis et vos proches en cliquant ici<br \/>Pour r\u00e9sumer<\/p>\n<p>Un parcours historique la saison derni\u00e8re qui lui permet d\u2019attirer des joueurs de talents des pays voisins. Ce mercredi 30 juillet, le FC Sarrebruck a effectivement officialis\u00e9 la signature d\u2019Amine Groune. Le pensionnaire de troisi\u00e8me division allemande a offert un contrat professionnel \u00e0 celui qui faisait le bonheur de l\u2019US Thionville Lusitanos depuis deux saisons d\u00e9j\u00e0.<\/p>\n<p> <img decoding=\"async\" width=\"76\" height=\"76\" loading=\"lazy\" src=\"https:\/\/static.wui.fr\/images_v3\/avatar-footnational.png\" alt=\"Youcef Ghalaza-Boudra\"\/><\/p>\n","protected":false},"excerpt":{"rendered":"Zapping Foot National Coupe de France : Calais, Quevilly, El-Biar, &#8230; les plus grands exploits de la comp\u00e9tition&hellip;\n","protected":false},"author":2,"featured_media":285407,"comment_status":"","ping_status":"","sticky":false,"template":"","format":"standard","meta":{"footnotes":""},"categories":[1587],"tags":[11,672,1804,1805,1803,1777,674,1801,12,1802],"class_list":{"0":"post-285406","1":"post","2":"type-post","3":"status-publish","4":"format-standard","5":"has-post-thumbnail","7":"category-allemagne","8":"tag-actualites","9":"tag-allemagne","10":"tag-bundesrepublik-deutschland","11":"tag-de","12":"tag-deutschland","13":"tag-eu","14":"tag-europe","15":"tag-germany","16":"tag-news","17":"tag-republique-federale-dallemagne"},"share_on_mastodon":{"url":"https:\/\/pubeurope.com\/@fr\/114944775513156140","error":""},"_links":{"self":[{"href":"https:\/\/www.europesays.com\/fr\/wp-json\/wp\/v2\/posts\/285406","targetHints":{"allow":["GET"]}}],"collection":[{"href":"https:\/\/www.europesays.com\/fr\/wp-json\/wp\/v2\/posts"}],"about":[{"href":"https:\/\/www.europesays.com\/fr\/wp-json\/wp\/v2\/types\/post"}],"author":[{"embeddable":true,"href":"https:\/\/www.europesays.com\/fr\/wp-json\/wp\/v2\/users\/2"}],"replies":[{"embeddable":true,"href":"https:\/\/www.europesays.com\/fr\/wp-json\/wp\/v2\/comments?post=285406"}],"version-history":[{"count":0,"href":"https:\/\/www.europesays.com\/fr\/wp-json\/wp\/v2\/posts\/285406\/revisions"}],"wp:featuredmedia":[{"embeddable":true,"href":"https:\/\/www.europesays.com\/fr\/wp-json\/wp\/v2\/media\/285407"}],"wp:attachment":[{"href":"https:\/\/www.europesays.com\/fr\/wp-json\/wp\/v2\/media?parent=285406"}],"wp:term":[{"taxonomy":"category","embeddable":true,"href":"https:\/\/www.europesays.com\/fr\/wp-json\/wp\/v2\/categories?post=285406"},{"taxonomy":"post_tag","embeddable":true,"href":"https:\/\/www.europesays.com\/fr\/wp-json\/wp\/v2\/tags?post=285406"}],"curies":[{"name":"wp","href":"https:\/\/api.w.org\/{rel}","templated":true}]}}