{"id":285418,"date":"2025-07-30T23:34:13","date_gmt":"2025-07-30T23:34:13","guid":{"rendered":"https:\/\/www.europesays.com\/fr\/285418\/"},"modified":"2025-07-30T23:34:13","modified_gmt":"2025-07-30T23:34:13","slug":"super-league-harvey-wilson-est-un-dragon-catalan-rugby-a-xiii","status":"publish","type":"post","link":"https:\/\/www.europesays.com\/fr\/285418\/","title":{"rendered":"Super League &#8211; Harvey Wilson est un Dragon Catalan &#8211; Rugby \u00e0 XIII"},"content":{"rendered":"<p style=\"text-align: justify;\"><strong>Les Dragons Catalans viennent d\u2019officialiser la signature du jeune avant de Salford, Harvey Wilson, pour un contrat de deux ans \u00e0 partir de 2026.<\/strong><\/p>\n<p style=\"text-align: justify;\">Tout comme son futur entra\u00eeneur, il a \u00e9volu\u00e9 dans l\u2019acad\u00e9mie r\u00e9put\u00e9e de Wigan. Pass\u00e9 ensuite en 2023 par la League One avec Oldham, puis Bradford en Championship, il d\u00e9couvre la Super League la saison d\u2019apr\u00e8s en rejoignant les Salford Red Devils.<\/p>\n<p style=\"text-align: justify;\">Align\u00e9 22 fois sur la feuille de match avec Salford, le joueur de 21 ans peut \u00e9voluer aux poste de piler, deuxi\u00e8me et troisi\u00e8me ligne.<\/p>\n<p style=\"text-align: justify;\">Harvey Wilson s\u2019est exprim\u00e9 :<\/p>\n<blockquote>\n<p style=\"text-align: justify;\">Je suis vraiment reconnaissant d\u2019avoir l\u2019opportunit\u00e9 de signer dans un aussi grand club. Je suis impatient de venir m\u2019installer ici, de rencontrer l\u2019\u00e9quipe et les supporters. J\u2019ai h\u00e2te de m\u2019y mettre \u00e0 fond et de donner le meilleur de moi-m\u00eame pour le club. \u00c0 bient\u00f4t !<\/p>\n<\/blockquote>\n<p style=\"text-align: justify;\">Apr\u00e8s la signature de Toby Sexton et de Solomona Faataape, il devient donc la troisi\u00e8me recrue de Joel Tomkins. Entre ces trois officialisations, et les nombreux d\u00e9parts annonc\u00e9s, on sent que le club est en train de fortement travailler pour faire une belle vingti\u00e8me saison.<\/p>\n<blockquote class=\"instagram-media\" data-instgrm-captioned=\"\" data-instgrm-permalink=\"https:\/\/www.instagram.com\/reel\/DMvAjBosMPz\/?utm_source=ig_embed&amp;utm_campaign=loading\" data-instgrm-version=\"14\" style=\" background:#FFF; border:0; border-radius:3px; box-shadow:0 0 1px 0 rgba(0,0,0,0.5),0 1px 10px 0 rgba(0,0,0,0.15); margin: 1px; max-width:500px; min-width:326px; padding:0; width:99.375%; width:-webkit-calc(100% - 2px); width:calc(100% - 2px);\">\n<\/blockquote>\n<p>        <script async src=\"\/\/www.instagram.com\/embed.js\"><\/script><\/p>\n","protected":false},"excerpt":{"rendered":"Les Dragons Catalans viennent d\u2019officialiser la signature du jeune avant de Salford, Harvey Wilson, pour un contrat de&hellip;\n","protected":false},"author":2,"featured_media":285419,"comment_status":"","ping_status":"","sticky":false,"template":"","format":"standard","meta":{"footnotes":""},"categories":[1416],"tags":[3248,1011,27,42433,479,2228,1468,2229,37523,60,4474],"class_list":{"0":"post-285418","1":"post","2":"type-post","3":"status-publish","4":"format-standard","5":"has-post-thumbnail","7":"category-rugby","8":"tag-dragons-catalans","9":"tag-fr","10":"tag-france","11":"tag-harvey-wilson","12":"tag-rugby","13":"tag-rugby-a-xiii","14":"tag-rugby-football","15":"tag-rugby-league","16":"tag-salford-red-devils","17":"tag-sports","18":"tag-super-league"},"share_on_mastodon":{"url":"https:\/\/pubeurope.com\/@fr\/114944806963824885","error":""},"_links":{"self":[{"href":"https:\/\/www.europesays.com\/fr\/wp-json\/wp\/v2\/posts\/285418","targetHints":{"allow":["GET"]}}],"collection":[{"href":"https:\/\/www.europesays.com\/fr\/wp-json\/wp\/v2\/posts"}],"about":[{"href":"https:\/\/www.europesays.com\/fr\/wp-json\/wp\/v2\/types\/post"}],"author":[{"embeddable":true,"href":"https:\/\/www.europesays.com\/fr\/wp-json\/wp\/v2\/users\/2"}],"replies":[{"embeddable":true,"href":"https:\/\/www.europesays.com\/fr\/wp-json\/wp\/v2\/comments?post=285418"}],"version-history":[{"count":0,"href":"https:\/\/www.europesays.com\/fr\/wp-json\/wp\/v2\/posts\/285418\/revisions"}],"wp:featuredmedia":[{"embeddable":true,"href":"https:\/\/www.europesays.com\/fr\/wp-json\/wp\/v2\/media\/285419"}],"wp:attachment":[{"href":"https:\/\/www.europesays.com\/fr\/wp-json\/wp\/v2\/media?parent=285418"}],"wp:term":[{"taxonomy":"category","embeddable":true,"href":"https:\/\/www.europesays.com\/fr\/wp-json\/wp\/v2\/categories?post=285418"},{"taxonomy":"post_tag","embeddable":true,"href":"https:\/\/www.europesays.com\/fr\/wp-json\/wp\/v2\/tags?post=285418"}],"curies":[{"name":"wp","href":"https:\/\/api.w.org\/{rel}","templated":true}]}}