{"id":285420,"date":"2025-07-30T23:35:10","date_gmt":"2025-07-30T23:35:10","guid":{"rendered":"https:\/\/www.europesays.com\/fr\/285420\/"},"modified":"2025-07-30T23:35:10","modified_gmt":"2025-07-30T23:35:10","slug":"atp-toronto-medvedev-jai-tres-bien-joue-face-a-corentin-moutet-et-jai-perdu-wimbledon-cetait-un-peu-la-meme-chose-je-prefere-mal-jouer-et-gagner-donc-je-suis-content","status":"publish","type":"post","link":"https:\/\/www.europesays.com\/fr\/285420\/","title":{"rendered":"ATP &#8211; Toronto > Medvedev : \u00ab\u00a0J&rsquo;ai tr\u00e8s bien jou\u00e9 face \u00e0 Corentin Moutet et j&rsquo;ai perdu, Wimbledon c&rsquo;\u00e9tait un peu la m\u00eame chose. Je pr\u00e9f\u00e8re mal jouer et gagner donc je suis content\u00a0\u00bb"},"content":{"rendered":"<p>Daniil Medvedev s\u2019est exprim\u00e9 sur le court apr\u00e8s sa victoire face au jeune Tch\u00e8que Svrcina (120e mondial), et le moins que l\u2019on puisse dire, c\u2019est qu\u2019il n\u2019\u00e9tait pas satis\u00adfait de son niveau de\u00a0jeu.<\/p>\n<p>En effet, il a reconnu avoir \u00ab\u202fmal jou\u00e9\u202f\u00bb, tout en souli\u00adgnant que l\u2019essentiel restait de\u00a0gagner. Il a compar\u00e9 cette perfor\u00admance \u00e0 ces deux derni\u00e8res d\u00e9faites, la semaine derni\u00e8re face \u00e0 Corentin Moutet et \u00e0 Wimbledon, face \u00e0 Benjamin Bonzi.<\/p>\n<p><strong>\u00ab\u202fJ\u2019\u00e9tais loin de mon meilleur tennis aujourd\u2019hui mais cela arrive. Par exemple \u00e0 Washington, j\u2019ai tr\u00e8s bien jou\u00e9 face \u00e0 Corentin et j\u2019ai perdu, Wimbledon c\u2019\u00e9tait un peu la m\u00eame chose. Je pr\u00e9f\u00e8re mal jouer et gagner donc je suis content\u202f\u00bb <\/strong>a d\u00e9clar\u00e9 Daniil Medvedev.<\/p>\n<p class=\"post-published-date\" style=\"color: silver; font-size: 75%; text-align: left;\">Publi\u00e9 le mercredi 30 juillet 2025 \u00e0 18:45<\/p>\n","protected":false},"excerpt":{"rendered":"Daniil Medvedev s\u2019est exprim\u00e9 sur le court apr\u00e8s sa victoire face au jeune Tch\u00e8que Svrcina (120e mondial), et&hellip;\n","protected":false},"author":2,"featured_media":285421,"comment_status":"","ping_status":"","sticky":false,"template":"","format":"standard","meta":{"footnotes":""},"categories":[1415],"tags":[3252,1011,27,60,1467],"class_list":{"0":"post-285420","1":"post","2":"type-post","3":"status-publish","4":"format-standard","5":"has-post-thumbnail","7":"category-tennis","8":"tag-daniil-medvedev","9":"tag-fr","10":"tag-france","11":"tag-sports","12":"tag-tennis"},"share_on_mastodon":{"url":"https:\/\/pubeurope.com\/@fr\/114944810876855715","error":""},"_links":{"self":[{"href":"https:\/\/www.europesays.com\/fr\/wp-json\/wp\/v2\/posts\/285420","targetHints":{"allow":["GET"]}}],"collection":[{"href":"https:\/\/www.europesays.com\/fr\/wp-json\/wp\/v2\/posts"}],"about":[{"href":"https:\/\/www.europesays.com\/fr\/wp-json\/wp\/v2\/types\/post"}],"author":[{"embeddable":true,"href":"https:\/\/www.europesays.com\/fr\/wp-json\/wp\/v2\/users\/2"}],"replies":[{"embeddable":true,"href":"https:\/\/www.europesays.com\/fr\/wp-json\/wp\/v2\/comments?post=285420"}],"version-history":[{"count":0,"href":"https:\/\/www.europesays.com\/fr\/wp-json\/wp\/v2\/posts\/285420\/revisions"}],"wp:featuredmedia":[{"embeddable":true,"href":"https:\/\/www.europesays.com\/fr\/wp-json\/wp\/v2\/media\/285421"}],"wp:attachment":[{"href":"https:\/\/www.europesays.com\/fr\/wp-json\/wp\/v2\/media?parent=285420"}],"wp:term":[{"taxonomy":"category","embeddable":true,"href":"https:\/\/www.europesays.com\/fr\/wp-json\/wp\/v2\/categories?post=285420"},{"taxonomy":"post_tag","embeddable":true,"href":"https:\/\/www.europesays.com\/fr\/wp-json\/wp\/v2\/tags?post=285420"}],"curies":[{"name":"wp","href":"https:\/\/api.w.org\/{rel}","templated":true}]}}