{"id":285422,"date":"2025-07-30T23:37:18","date_gmt":"2025-07-30T23:37:18","guid":{"rendered":"https:\/\/www.europesays.com\/fr\/285422\/"},"modified":"2025-07-30T23:37:18","modified_gmt":"2025-07-30T23:37:18","slug":"marc-marquez-remporte-le-sprint-quartararo-est-tombe","status":"publish","type":"post","link":"https:\/\/www.europesays.com\/fr\/285422\/","title":{"rendered":"Marc Marquez remporte le sprint, Quartararo est tomb\u00e9"},"content":{"rendered":"<p><a href=\"https:\/\/www.ledauphine.com\/p\/marc-marquez\" target=\"_blank\" rel=\"nofollow noopener\">Marc Marquez<\/a>, pourtant malmen\u00e9 sur le circuit TT \u00e0 Assen depuis le d\u00e9but du weekend, a retrouv\u00e9 ses sensations au meilleur moment pour remporter samedi la course sprint du Grand Prix des Pays-Bas, 10e manche du championnat MotoGP.<\/p>\n<p>Quartararo victime d&rsquo;une chute\u00a0<\/p>\n<p>Auteur d&rsquo;un excellent d\u00e9part depuis la 4e position au guidon de sa Ducati, l&rsquo;Espagnol a rapidement pris les commandes de la course pour s&rsquo;imposer devant son fr\u00e8re Alex Marquez (Ducati-Gresini) et l&rsquo;Italien Marco Bezzecchi (Aprilia).<\/p>\n<p><a href=\"https:\/\/www.ledauphine.com\/sport\/2025\/06\/28\/grand-prix-des-pays-bas-fabio-quartararo-en-pole-pour-la-quatrieme-fois-de-la-saison\" target=\"_blank\" rel=\"nofollow noopener\">Parti en pole position<\/a>, le Fran\u00e7ais <a href=\"https:\/\/www.ledauphine.com\/p\/fabio-quartararo\" target=\"_blank\" rel=\"nofollow noopener\">Fabio Quartararo<\/a> (Yamaha) a lui chut\u00e9 \u00e0 quatre tours de l&rsquo;arriv\u00e9e alors qu&rsquo;il occupait la 4e position.<\/p>\n<p>Le leader du championnat a donc conclu avec succ\u00e8s deux journ\u00e9es chahut\u00e9es, signant au plat pays son neuvi\u00e8me succ\u00e8s de la saison en sprint. Vendredi, le sextuple champion du monde \u00e9tait parti \u00e0 la faute \u00e0 deux reprises, lors des essais libres le matin et qualificatifs l&rsquo;apr\u00e8s-midi, se relevant couvert d&rsquo;ecchymoses.<\/p>\n<p>Ce contenu est bloqu\u00e9 car vous n&rsquo;avez pas accept\u00e9 les cookies et autres traceurs.<\/p>\n<p>En cliquant sur \u00ab J\u2019accepte \u00bb, les cookies et autres traceurs seront d\u00e9pos\u00e9s et vous pourrez visualiser les contenus  (<a href=\"\" class=\"consentModule_policy\" target=\"_blank\" title=\"Consulter la politique de protection des donn\u00e9es du fournisseur\">plus d&rsquo;informations<\/a>).<\/p>\n<p>En cliquant sur \u00ab J\u2019accepte tous les cookies \u00bb, vous autorisez des d\u00e9p\u00f4ts de cookies et autres traceurs pour le stockage de vos donn\u00e9es sur nos sites et applications \u00e0 des fins de personnalisation et de ciblage publicitaire.<\/p>\n<p class=\"consentModule_secondaryText\">Vous gardez la possibilit\u00e9 de retirer votre consentement \u00e0 tout moment en consultant notre <a href=\"https:\/\/www.ledauphine.com\/protection-des-donnees\" target=\"_blank\" title=\"Consulter notre politique de protection des donn\u00e9es\" rel=\"nofollow noopener\">politique de protection des donn\u00e9es<\/a>. <br \/>&#13;<br \/>\n            <a href=\"https:\/\/www.ledauphine.com\/sport\/2025\/06\/28\/javascript:Didomi.notice.show()\" class=\"consentModule_cmp\" rel=\"nofollow noopener\" target=\"_blank\">G\u00e9rer mes choix<\/a>&#13;\n        <\/p>\n<p>&#13;<br \/>\n                        J&rsquo;accepte&#13;<br \/>\n            J&rsquo;accepte tous les cookies&#13;\n        <\/p>\n<p>  \u00ab\u00a0Mon corps n&rsquo;aurait pas accept\u00e9 une chute de plus\u00a0\u00bb<\/p>\n<p>Deux chutes qui l&rsquo;ont peut-\u00eatre refroidi: samedi matin, Marquez s&rsquo;est content\u00e9 de la 4e place des qualifications, \u00e9chouant \u00e0 se hisser en premi\u00e8re ligne pour la deuxi\u00e8me fois seulement cette saison.<\/p>\n<p>\u00ab Je ne m&rsquo;attendais pas \u00e0 gagner en partant de la deuxi\u00e8me ligne mais j&rsquo;ai pris un excellent d\u00e9part et je me suis concentr\u00e9 pour ne pas commettre d&rsquo;erreur \u00bb, a-t-il expliqu\u00e9, \u00ab soulag\u00e9 \u00bb d&rsquo;\u00eatre rest\u00e9 en selle jusqu&rsquo;au bout. \u00ab Je respire car je pense que mon corps n&rsquo;aurait pas accept\u00e9 une chute de plus \u00bb, a-t-il soulign\u00e9.<\/p>\n<p>Dimanche, le Catalan sera le favori logique du Grand Prix (14h) m\u00eame si ses adversaires auront constat\u00e9 que sa Ducati manquait de grip \u00e0 l&rsquo;arri\u00e8re et que le pilote semblait peu \u00e0 l&rsquo;aise dans le secteur 3 de la Cath\u00e9drale de la vitesse. \u00ab J&rsquo;ai des difficult\u00e9s dans virage 11 \u00bb, a reconnu Marquez.<\/p>\n","protected":false},"excerpt":{"rendered":"Marc Marquez, pourtant malmen\u00e9 sur le circuit TT \u00e0 Assen depuis le d\u00e9but du weekend, a retrouv\u00e9 ses&hellip;\n","protected":false},"author":2,"featured_media":285423,"comment_status":"","ping_status":"","sticky":false,"template":"","format":"standard","meta":{"footnotes":""},"categories":[1413],"tags":[1976,107,1011,27,1457,1456,517,1947,60],"class_list":{"0":"post-285422","1":"post","2":"type-post","3":"status-publish","4":"format-standard","5":"has-post-thumbnail","7":"category-moto","8":"tag-auto-moto","9":"tag-fil-info","10":"tag-fr","11":"tag-france","12":"tag-moto","13":"tag-motocycle","14":"tag-sport","15":"tag-sport-national","16":"tag-sports"},"share_on_mastodon":{"url":"https:\/\/pubeurope.com\/@fr\/114944818746101040","error":""},"_links":{"self":[{"href":"https:\/\/www.europesays.com\/fr\/wp-json\/wp\/v2\/posts\/285422","targetHints":{"allow":["GET"]}}],"collection":[{"href":"https:\/\/www.europesays.com\/fr\/wp-json\/wp\/v2\/posts"}],"about":[{"href":"https:\/\/www.europesays.com\/fr\/wp-json\/wp\/v2\/types\/post"}],"author":[{"embeddable":true,"href":"https:\/\/www.europesays.com\/fr\/wp-json\/wp\/v2\/users\/2"}],"replies":[{"embeddable":true,"href":"https:\/\/www.europesays.com\/fr\/wp-json\/wp\/v2\/comments?post=285422"}],"version-history":[{"count":0,"href":"https:\/\/www.europesays.com\/fr\/wp-json\/wp\/v2\/posts\/285422\/revisions"}],"wp:featuredmedia":[{"embeddable":true,"href":"https:\/\/www.europesays.com\/fr\/wp-json\/wp\/v2\/media\/285423"}],"wp:attachment":[{"href":"https:\/\/www.europesays.com\/fr\/wp-json\/wp\/v2\/media?parent=285422"}],"wp:term":[{"taxonomy":"category","embeddable":true,"href":"https:\/\/www.europesays.com\/fr\/wp-json\/wp\/v2\/categories?post=285422"},{"taxonomy":"post_tag","embeddable":true,"href":"https:\/\/www.europesays.com\/fr\/wp-json\/wp\/v2\/tags?post=285422"}],"curies":[{"name":"wp","href":"https:\/\/api.w.org\/{rel}","templated":true}]}}