{"id":285432,"date":"2025-07-30T23:42:26","date_gmt":"2025-07-30T23:42:26","guid":{"rendered":"https:\/\/www.europesays.com\/fr\/285432\/"},"modified":"2025-07-30T23:42:26","modified_gmt":"2025-07-30T23:42:26","slug":"le-voyage-a-nantes-un-parcours-place-sous-le-signe-de-letrangete-avec-katsushika-hokusai-et-un-drole-doiseau-vert-lhumanite","status":"publish","type":"post","link":"https:\/\/www.europesays.com\/fr\/285432\/","title":{"rendered":"Le Voyage \u00e0 Nantes : un parcours plac\u00e9 sous le signe de l\u2019\u00e9tranget\u00e9 avec Katsushika Hokusai et un dr\u00f4le d\u2019oiseau vert &#8211; L&#039;Humanit\u00e9"},"content":{"rendered":"<ol>\n<li><a href=\"https:\/\/news.google.com\/rss\/articles\/CBMi-wFBVV95cUxNQU9JWDl1RmFvQ2ZURmJPQ1BGQURlZy1TTkt1YnVDUjV3OTFNVzljbG9PTUhEWWNEbUpRNXJIYTdPNC1rcnFkaU1CY0VGQXE4NjhOeUpvV3ROODk1Y2xHOG5JclU4MlFDOUktYkd5dWhDMEkyZExlU0N3MzFhamR3czNsdWs2blY5b09iX0lxOF9BcEtSVjF3WlU2Z3RUNVNSQkVremJScjRmVF9FbmFhMWc1SmRpMEMwN2FvVDBkSUkyWEwyZjlRbllFdl9UYnRsbjh3NU5sTHdKb3ItSlNLMjNiZUxNbFZ1ZGt1SG1SQU1UM3dqWW54Y2ZwQQ?oc=5\" target=\"_blank\" rel=\"nofollow noopener\">Le Voyage \u00e0 Nantes : un parcours plac\u00e9 sous le signe de l\u2019\u00e9tranget\u00e9 avec Katsushika Hokusai et un dr\u00f4le d\u2019oiseau vert<\/a>&nbsp;&nbsp;L&rsquo;Humanit\u00e9<\/li>\n<li><a href=\"https:\/\/news.google.com\/rss\/articles\/CBMihwFBVV95cUxOXzJlZF9PdTN4WGltZklwUE5ITjBXSm5mdWV3OThQaWtXRUNPUnFnZUhGUEdjaW9MelJ6OTdiT1ZwZEZCTEZMa182dnA3OUNBTHd1V192TF9EYkVDM1ZNTHo0UUduWXBwSGV1UWp4Vkh5MDlRUk9FcE13cTB3cUlIZUZmdTFpVnM?oc=5\" target=\"_blank\" rel=\"nofollow noopener\">L&rsquo;exposition du japonais Hokusai : le carton de l&rsquo;\u00e9t\u00e9 \u00e0 Nantes<\/a>&nbsp;&nbsp;Hit West<\/li>\n<li><a href=\"https:\/\/news.google.com\/rss\/articles\/CBMinwJBVV95cUxOR1lSdnNqd0ExNzJjV3lfSnpHYVBxT3lWeVVBTjFVM3NWSzd4TVlJa2tSa3hDd3ZwVC1CS2Zwdy1KN2tTdmNsLXo2X25JcGo2NEZKcGVfSmY4dE8yMEFfSXNzNmhKamJ2SUU5LWZrT2Z6N0lKUVNmSDlud0t6TDkyTVJQSzVDdVZfMWhTcFZJMWhnQ0MwOFZzb2pLV2JHbWcyTGx5LWViRnV0WUFDbTE0TS1EUktEUWZUOW5SQ19uQ2xLb1RQcjdFMGhmaGxXZlBaMVBoWFFmRmlFVVZSUFgwek5QTGZ2R1pkN2tlcFpnc2doR1d2NkxHQmc3ckdtTFcybm9wc0NvWWlWaXFMNTNHNnJiT1ZIOURUOGRjeU53RQ?oc=5\" target=\"_blank\" rel=\"nofollow noopener\">\u00ab\u00a0La Vague est une \u0153uvre universelle, c\u2019est le doigt de Michel-Ange, la Joconde du Louvre\u00a0\u00bb : Hokusai expos\u00e9 au mus\u00e9e d&rsquo;Histoire de Nantes<\/a>&nbsp;&nbsp;France Info<\/li>\n<li><a href=\"https:\/\/news.google.com\/rss\/articles\/CBMi4gFBVV95cUxPZ3lldDktSmdJNk9LTFpnY216bkFHWXQwRkx6LUNZVE4xTnlqLXRfTFpsa3NwN1pGZDVFVFUtNUQySWIxVGxmLUxPRVA2SWhkSXNwM19tVVlNaVJNV0pHN1pic2Y3RzN5SXViTlFfdHhZX0Q4aTRaMVhHem9LNEZ4bXBNZEVHQUNVMW1TSGd1LUxIUFBsU0pxZWVIaG54OUVTSkJ3MXMzTWR0Nks2WS05b3lXa0Jydmc3WmQwa0V2cGRBQ2RBSm14Qko1cWExS1VrY2RhTGdtSTdFQ2xCTEItNmlB?oc=5\" target=\"_blank\" rel=\"nofollow noopener\">\u00c0 Nantes, dans le sillage de l\u2019expo Hokusai, l\u2019art japonais s\u2019invite dans les quartiers<\/a>&nbsp;&nbsp;Maville Nantes<\/li>\n<li><a href=\"https:\/\/news.google.com\/rss\/articles\/CBMinAFBVV95cUxOc0VZcUV4MUhQNTRyWnZWaFFZMy1xRzY4VHFBY00zc2s0VjB0RHdpVjVhUUFicGJvZmFOSzFQMzZOSlJlZ0t5OHVFUEl3ZDdfN2ZZT3MwTm01MEd3ZHkyRzBTV1FvbE1lb0l5eGpURUNHOFVMcEsyc3FNSFBVeENoRDZGNi1kUlEwN0dHU2ZVcFh3ODNkTnJmZHNOYTY?oc=5\" target=\"_blank\" rel=\"nofollow noopener\">Katsushika Hokusai, au-del\u00e0 de la vague<\/a>&nbsp;&nbsp;Le Club de Mediapart<\/li>\n<\/ol>\n","protected":false},"excerpt":{"rendered":"Le Voyage \u00e0 Nantes : un parcours plac\u00e9 sous le signe de l\u2019\u00e9tranget\u00e9 avec Katsushika Hokusai et un&hellip;\n","protected":false},"author":2,"featured_media":1445,"comment_status":"","ping_status":"","sticky":false,"template":"","format":"standard","meta":{"footnotes":""},"categories":[1358],"tags":[1348,1384,1385,1386,58,59,1011,27],"class_list":{"0":"post-285432","1":"post","2":"type-post","3":"status-publish","4":"format-standard","5":"has-post-thumbnail","7":"category-arts-et-design","8":"tag-arts","9":"tag-arts-and-design","10":"tag-arts-et-design","11":"tag-design","12":"tag-divertissement","13":"tag-entertainment","14":"tag-fr","15":"tag-france"},"share_on_mastodon":{"url":"https:\/\/pubeurope.com\/@fr\/114944838495403138","error":""},"_links":{"self":[{"href":"https:\/\/www.europesays.com\/fr\/wp-json\/wp\/v2\/posts\/285432","targetHints":{"allow":["GET"]}}],"collection":[{"href":"https:\/\/www.europesays.com\/fr\/wp-json\/wp\/v2\/posts"}],"about":[{"href":"https:\/\/www.europesays.com\/fr\/wp-json\/wp\/v2\/types\/post"}],"author":[{"embeddable":true,"href":"https:\/\/www.europesays.com\/fr\/wp-json\/wp\/v2\/users\/2"}],"replies":[{"embeddable":true,"href":"https:\/\/www.europesays.com\/fr\/wp-json\/wp\/v2\/comments?post=285432"}],"version-history":[{"count":0,"href":"https:\/\/www.europesays.com\/fr\/wp-json\/wp\/v2\/posts\/285432\/revisions"}],"wp:featuredmedia":[{"embeddable":true,"href":"https:\/\/www.europesays.com\/fr\/wp-json\/wp\/v2\/media\/1445"}],"wp:attachment":[{"href":"https:\/\/www.europesays.com\/fr\/wp-json\/wp\/v2\/media?parent=285432"}],"wp:term":[{"taxonomy":"category","embeddable":true,"href":"https:\/\/www.europesays.com\/fr\/wp-json\/wp\/v2\/categories?post=285432"},{"taxonomy":"post_tag","embeddable":true,"href":"https:\/\/www.europesays.com\/fr\/wp-json\/wp\/v2\/tags?post=285432"}],"curies":[{"name":"wp","href":"https:\/\/api.w.org\/{rel}","templated":true}]}}