{"id":285435,"date":"2025-07-30T23:44:12","date_gmt":"2025-07-30T23:44:12","guid":{"rendered":"https:\/\/www.europesays.com\/fr\/285435\/"},"modified":"2025-07-30T23:44:12","modified_gmt":"2025-07-30T23:44:12","slug":"le-retour-du-createur-de-breaking-bad-pourrait-bien-etre-la-meilleure-nouvelle-de-lannee","status":"publish","type":"post","link":"https:\/\/www.europesays.com\/fr\/285435\/","title":{"rendered":"Le retour du cr\u00e9ateur de \u00ab Breaking Bad \u00bb pourrait bien \u00eatre la meilleure nouvelle de l\u2019ann\u00e9e"},"content":{"rendered":"<p class=\"mb-4 text-lg md:leading-8 break-words\">\u00ab Le bonheur est contagieux \u00bb, promet le slogan consacr\u00e9. Dans un teaser diffus\u00e9 en toute discr\u00e9tion sur ses r\u00e9seaux sociaux le 25 juillet dernier, Apple TV+ annonce que Vince Gilligan \u2013 cr\u00e9ateur de <a data-i13n=\"cpos:1;pos:1\" href=\"https:\/\/www.lepoint.fr\/pop-culture\/au-fait-comment-finit-la-serie-breaking-bad-02-01-2025-2579072_2920.php\" rel=\"nofollow noopener\" target=\"_blank\" data-ylk=\"slk:la s\u00e9rie mythique Breaking Bad;cpos:1;pos:1;elm:context_link;itc:0;sec:content-canvas\" class=\"link \">la s\u00e9rie mythique Breaking Bad<\/a> et de son tr\u00e8s r\u00e9ussi spin-off Better Call Saul \u2013 reprend du service. Et qu&rsquo;il signera, pour sa premi\u00e8re collaboration avec la plateforme, une s\u00e9rie de science-fiction.<\/p>\n<p class=\"mb-4 text-lg md:leading-8 break-words\">Avec Pluribus, le sc\u00e9nariste signera sa premi\u00e8re incursion hors de l&rsquo;univers de Breaking Bad depuis dix-sept ans. Cette \u00e9pop\u00e9e dystopique d\u00e9butera le 7 novembre prochain avec deux \u00e9pisodes, et nous tiendra en haleine jusqu&rsquo;au 26 d\u00e9cembre\u2026 avant d&rsquo;\u00eatre prolong\u00e9e dans une seconde saison, d\u00e9j\u00e0 officialis\u00e9e par Apple TV+. Une marque de confiance des plus claires.<\/p>\n<p class=\"mb-4 text-lg md:leading-8 break-words\">\u00c0 LIRE AUSSI <a data-i13n=\"cpos:2;pos:1\" href=\"https:\/\/www.lepoint.fr\/pop-culture\/les-16-series-sorties-cette-annee-a-rattraper-cet-ete-26-07-2025-2595152_2920.php\" rel=\"nofollow noopener\" target=\"_blank\" data-ylk=\"slk:Les 16 s\u00e9ries de 2025 \u00e0 rattraper cet \u00e9t\u00e9;cpos:2;pos:1;elm:context_link;itc:0;sec:content-canvas\" class=\"link \"><strong>Les 16 s\u00e9ries de 2025 \u00e0 rattraper cet \u00e9t\u00e9<\/strong><\/a><\/p>\n<p class=\"mb-4 text-lg md:leading-8 break-words\">La s\u00e9rie marque aussi les retrouvailles entre Vince Gilligan et Rhea Seehorn, inoubliable Kim Wexler, l&rsquo;avocate charismatique qui donne la r\u00e9plique \u00e0 Bob Odenkirk dans les six saisons de Better Call Saul. Dans un entretien accord\u00e9 au <a data-i13n=\"cpos:3;pos:1\" href=\"https:\/\/www.hollywoodreporter.com\/tv\/tv-news\/better-call-saul-rhea-seehorn-series-vince-gilligan-show-1235788830\/\" rel=\"nofollow noopener\" target=\"_blank\" data-ylk=\"slk:Hollywood Reporter;cpos:3;pos:1;elm:context_link;itc:0;sec:content-canvas\" class=\"link \">Hollywood Reporter<\/a> en janvier 2024, le cr\u00e9ateur avouait m\u00eame avoir \u00ab \u00e9crit la s\u00e9rie sp\u00e9cialement pour \u00bb la com\u00e9dienne.<\/p>\n<p>De faux airs de Black Mirror<\/p>\n<p class=\"mb-4 text-lg md:leading-8 break-words\">Dans Pluribus, Rhea Seehorn incarnera Carol, \u00ab la personne la plus malheureuse de la Terre \u00bb appel\u00e9e \u00e0 \u00ab sauver le monde du bonheur \u00bb apr\u00e8s que celui-ci est devenu une v\u00e9ritable \u00e9pid\u00e9mie, selon les quelques (rares) \u00e9l\u00e9ments de l&rsquo;intrigue d\u00e9voil\u00e9s par les producteurs.<\/p>\n<p class=\"mb-4 text-lg md:leading-8 break-words\">Ces premi\u00e8res images [&#8230;] <a data-i13n=\"cpos:4;pos:1\" href=\"https:\/\/www.lepoint.fr\/pop-culture\/le-retour-du-createur-de-breaking-bad-pourrait-bien-etre-la-meilleure-nouvelle-de-l-annee-30-07-2025-2595473_2920.php\" rel=\"nofollow noopener\" target=\"_blank\" data-ylk=\"slk:Lire la suite;cpos:4;pos:1;elm:context_link;itc:0;sec:content-canvas\" class=\"link \">Lire la suite<\/a><\/p>\n","protected":false},"excerpt":{"rendered":"\u00ab Le bonheur est contagieux \u00bb, promet le slogan consacr\u00e9. Dans un teaser diffus\u00e9 en toute discr\u00e9tion sur&hellip;\n","protected":false},"author":2,"featured_media":285436,"comment_status":"","ping_status":"","sticky":false,"template":"","format":"standard","meta":{"footnotes":""},"categories":[1356],"tags":[42437,42438,58,59,1011,27,8017,10954,42435,42436,252,1364,42434],"class_list":{"0":"post-285435","1":"post","2":"type-post","3":"status-publish","4":"format-standard","5":"has-post-thumbnail","7":"category-television","8":"tag-bob-odenkirk","9":"tag-breaking-bad","10":"tag-divertissement","11":"tag-entertainment","12":"tag-fr","13":"tag-france","14":"tag-la-plateforme","15":"tag-le-bonheur","16":"tag-marque-de-confiance","17":"tag-rhea-seehorn","18":"tag-television","19":"tag-tv","20":"tag-vince-gilligan"},"share_on_mastodon":{"url":"https:\/\/pubeurope.com\/@fr\/114944846324676142","error":""},"_links":{"self":[{"href":"https:\/\/www.europesays.com\/fr\/wp-json\/wp\/v2\/posts\/285435","targetHints":{"allow":["GET"]}}],"collection":[{"href":"https:\/\/www.europesays.com\/fr\/wp-json\/wp\/v2\/posts"}],"about":[{"href":"https:\/\/www.europesays.com\/fr\/wp-json\/wp\/v2\/types\/post"}],"author":[{"embeddable":true,"href":"https:\/\/www.europesays.com\/fr\/wp-json\/wp\/v2\/users\/2"}],"replies":[{"embeddable":true,"href":"https:\/\/www.europesays.com\/fr\/wp-json\/wp\/v2\/comments?post=285435"}],"version-history":[{"count":0,"href":"https:\/\/www.europesays.com\/fr\/wp-json\/wp\/v2\/posts\/285435\/revisions"}],"wp:featuredmedia":[{"embeddable":true,"href":"https:\/\/www.europesays.com\/fr\/wp-json\/wp\/v2\/media\/285436"}],"wp:attachment":[{"href":"https:\/\/www.europesays.com\/fr\/wp-json\/wp\/v2\/media?parent=285435"}],"wp:term":[{"taxonomy":"category","embeddable":true,"href":"https:\/\/www.europesays.com\/fr\/wp-json\/wp\/v2\/categories?post=285435"},{"taxonomy":"post_tag","embeddable":true,"href":"https:\/\/www.europesays.com\/fr\/wp-json\/wp\/v2\/tags?post=285435"}],"curies":[{"name":"wp","href":"https:\/\/api.w.org\/{rel}","templated":true}]}}